{"id":7809,"date":"2016-09-09T16:58:24","date_gmt":"2016-09-09T14:58:24","guid":{"rendered":"http:\/\/www.tvk-gaj.pl\/~gajonline\/?p=7809"},"modified":"2016-09-12T12:17:09","modified_gmt":"2016-09-12T10:17:09","slug":"weekend-10-11-wrzesnia-w-parku-esk-na-gaju-zapraszamy","status":"publish","type":"post","link":"https:\/\/online.tvk-gaj.pl\/?p=7809","title":{"rendered":"Weekend 10-11 wrze\u015bnia w parku ESK na Gaju &#8211; zapraszamy!"},"content":{"rendered":"<p>W najbli\u017csz\u0105 sobot\u0119 &#8211; 10 wrze\u015bnia &#8211; w ramach plenerowej sceny Europejskiej Stolicy Kultury Wroc\u0142aw 2016 poprowadzona zostanie kampania informacyjna ,,Oswoi\u0107 nieznane&#8221; zorganizowana przez Fundacje Eudamonia.\u00a0<!--more--><\/p>\n<p>&nbsp;<\/p>\n<p><strong>Akcja ma na celu wspieranie integracji spo\u0142ecznej oraz przybli\u017cenia codziennych problem\u00f3w os\u00f3b z niepe\u0142nosprawno\u015bciami. Rada Osiedla Gaj wspiera projekt i zach\u0119ca do pojawienia si\u0119 w Parku S\u0142onecznym na Gaju w weekend 10-11 wrze\u015bnia!<\/strong><\/p>\n<p><a href=\"http:\/\/www.tvk-gaj.pl\/~gajonline\/wp-content\/uploads\/2016\/09\/plakat-esk-oswoic-nieznane.jpg\"><br \/>\n<img loading=\"lazy\" decoding=\"async\" class=\"aligncenter size-full wp-image-7810\" src=\"http:\/\/www.tvk-gaj.pl\/~gajonline\/wp-content\/uploads\/2016\/09\/plakat-esk-oswoic-nieznane.jpg\" alt=\"plakat-esk-oswoic-nieznane\" width=\"665\" height=\"945\" srcset=\"https:\/\/online.tvk-gaj.pl\/wp-content\/uploads\/2016\/09\/plakat-esk-oswoic-nieznane.jpg 665w, https:\/\/online.tvk-gaj.pl\/wp-content\/uploads\/2016\/09\/plakat-esk-oswoic-nieznane-211x300.jpg 211w\" sizes=\"auto, (max-width: 665px) 100vw, 665px\" \/><\/a><\/p>\n<p>&nbsp;<\/p>\n<p><strong>Ponadto podczas weekendu przewidziano:<\/strong><\/p>\n<div><span style=\"text-decoration: underline;\">Sobota:<\/span><\/div>\n<div>&#8211; ca\u0142y dzie\u0144: stoisko fundacji Eujdamonia<\/div>\n<div>&#8211; 15:00-17:00 warsztaty dla dzieci: filcowanie<br \/>\n&#8211; gry i zabawy dla dzieci i m\u0142odzie\u017cy<\/div>\n<div><\/div>\n<div><\/div>\n<div><span style=\"text-decoration: underline;\">Niedziela:<\/span><\/div>\n<div>&#8211; 15:00-17:00 \u0107wiczenia Full Body Workout<br \/>\n&#8211; gry i zabawy dla dzieci i m\u0142odzie\u017cy<\/div>\n<p>&nbsp;<\/p>\n<p><strong>Zapraszamy na plenerow\u0105 scen\u0119 Europejskiej Stolicy Kultury Wroc\u0142aw 2016! Sobota-niedziela 10-11 wrze\u015bnia, 14:00-20:00, Park S\u0142oneczny na Gaju!\u00a0<\/strong><\/p>\n<p>&nbsp;<\/p>\n","protected":false},"excerpt":{"rendered":"<p>W najbli\u017csz\u0105 sobot\u0119 &#8211; 10 wrze\u015bnia &#8211; w ramach plenerowej sceny Europejskiej Stolicy Kultury Wroc\u0142aw 2016 poprowadzona zostanie kampania informacyjna ,,Oswoi\u0107 nieznane&#8221; zorganizowana przez Fundacje Eudamonia.\u00a0<\/p>\n","protected":false},"author":1,"featured_media":7810,"comment_status":"open","ping_status":"open","sticky":false,"template":"","format":"standard","meta":{"footnotes":""},"categories":[630],"tags":[632,685,642,112,166,128,645,135,649],"class_list":["post-7809","post","type-post","status-publish","format-standard","has-post-thumbnail","hentry","category-esk-2016","tag-esk","tag-esk-na-gaju","tag-europejska-stolica-kultury-wroclaw-2016","tag-gaj","tag-osiedle-gaj","tag-park-sloneczny","tag-pawilon-esk","tag-rada-osiedla-gaj","tag-scena-esk"],"_links":{"self":[{"href":"https:\/\/online.tvk-gaj.pl\/index.php?rest_route=\/wp\/v2\/posts\/7809","targetHints":{"allow":["GET"]}}],"collection":[{"href":"https:\/\/online.tvk-gaj.pl\/index.php?rest_route=\/wp\/v2\/posts"}],"about":[{"href":"https:\/\/online.tvk-gaj.pl\/index.php?rest_route=\/wp\/v2\/types\/post"}],"author":[{"embeddable":true,"href":"https:\/\/online.tvk-gaj.pl\/index.php?rest_route=\/wp\/v2\/users\/1"}],"replies":[{"embeddable":true,"href":"https:\/\/online.tvk-gaj.pl\/index.php?rest_route=%2Fwp%2Fv2%2Fcomments&post=7809"}],"version-history":[{"count":5,"href":"https:\/\/online.tvk-gaj.pl\/index.php?rest_route=\/wp\/v2\/posts\/7809\/revisions"}],"predecessor-version":[{"id":7815,"href":"https:\/\/online.tvk-gaj.pl\/index.php?rest_route=\/wp\/v2\/posts\/7809\/revisions\/7815"}],"wp:featuredmedia":[{"embeddable":true,"href":"https:\/\/online.tvk-gaj.pl\/index.php?rest_route=\/wp\/v2\/media\/7810"}],"wp:attachment":[{"href":"https:\/\/online.tvk-gaj.pl\/index.php?rest_route=%2Fwp%2Fv2%2Fmedia&parent=7809"}],"wp:term":[{"taxonomy":"category","embeddable":true,"href":"https:\/\/online.tvk-gaj.pl\/index.php?rest_route=%2Fwp%2Fv2%2Fcategories&post=7809"},{"taxonomy":"post_tag","embeddable":true,"href":"https:\/\/online.tvk-gaj.pl\/index.php?rest_route=%2Fwp%2Fv2%2Ftags&post=7809"}],"curies":[{"name":"wp","href":"https:\/\/api.w.org\/{rel}","templated":true}]}}