{"id":7870,"date":"2016-09-12T12:14:00","date_gmt":"2016-09-12T10:14:00","guid":{"rendered":"http:\/\/www.tvk-gaj.pl\/~gajonline\/?p=7870"},"modified":"2016-09-12T12:18:23","modified_gmt":"2016-09-12T10:18:23","slug":"fotorelacja-z-weekendu-10-11-wrzesnia-na-plenerowej-scenie-esk-na-gaju-galeria-zdjec","status":"publish","type":"post","link":"https:\/\/online.tvk-gaj.pl\/?p=7870","title":{"rendered":"Fotorelacja z weekendu 10-11 wrze\u015bnia na plenerowej scenie ESK na Gaju!"},"content":{"rendered":"<p>Zapraszamy do fotorelacji z weekend, 10-11 wrze\u015bnia, na plenerowej scenie Europejskiej Stolicy Kultury Wroc\u0142aw 2016 na Gaju! [GALERIA ZDJ\u0118\u0106]<!--more--><\/p>\n<p><strong>Mijaj\u0105cy weekend to letnie s\u0142o\u0144ce i \u00a0przyjemna atmosfera do zabawy.<\/strong><\/p>\n<p>Pomimo gor\u0105cej aury \u0107wiczyli\u015bmy fitness i uczyli\u015bmy si\u0119 filcowa\u0107, czyli tworzy\u0107 przedmioty z filcu.<\/p>\n<p>W sobot\u0119 ca\u0142y dzie\u0144 go\u015bcili\u015bmy Fundacj\u0119 Eudajmonia, kt\u00f3rych oferta spotka\u0142a si\u0119 ze sporym zainteresowaniem mieszka\u0144c\u00f3w naszego osiedla.<\/p>\n<p>W niedziele natomiast \u0107wiczyli\u015bmy jog\u0119 z instruktork\u0105.<\/p>\n<p>Poza tym nies\u0142abn\u0105c\u0105 popularno\u015bci\u0105 cieszy\u0142y si\u0119 nasze gry i zabawy przy wykorzystaniu parkowego sprz\u0119tu.<\/p>\n<p>To by\u0142 udany weekend:)<\/p>\n<p>&nbsp;<\/p>\n<p><strong>FOTORELACJA<\/strong><\/p>\n<p><img decoding=\"async\" class=\"ngg_displayed_gallery mceItem\" src=\"http:\/\/www.tvk-gaj.pl\/~gajonline\/index.php\/nextgen-attach_to_post\/preview\/id--7872\" data-mce-placeholder=\"1\" \/><\/p>\n<p>&nbsp;<\/p>\n<p><strong>Na kolejne atrakcje z Europejsk\u0105 Stolic\u0105 <\/strong><strong>Kultury Wroc\u0142aw 2016 na Gaju zapraszamy ju\u017c w nast\u0119pny weekend do Parku S\u0142onecznego na Gaju!<\/strong><\/p>\n<p>&nbsp;<\/p>\n","protected":false},"excerpt":{"rendered":"<p>Zapraszamy do fotorelacji z weekend, 10-11 wrze\u015bnia, na plenerowej scenie Europejskiej Stolicy Kultury Wroc\u0142aw 2016 na Gaju! [GALERIA ZDJ\u0118\u0106]<\/p>\n","protected":false},"author":1,"featured_media":7871,"comment_status":"open","ping_status":"open","sticky":false,"template":"","format":"standard","meta":{"footnotes":""},"categories":[14,630],"tags":[632,685,642,112,166,128,645,135,294,649,650],"class_list":["post-7870","post","type-post","status-publish","format-standard","has-post-thumbnail","hentry","category-aktualnosci","category-esk-2016","tag-esk","tag-esk-na-gaju","tag-europejska-stolica-kultury-wroclaw-2016","tag-gaj","tag-osiedle-gaj","tag-park-sloneczny","tag-pawilon-esk","tag-rada-osiedla-gaj","tag-relacja","tag-scena-esk","tag-zdjecia"],"_links":{"self":[{"href":"https:\/\/online.tvk-gaj.pl\/index.php?rest_route=\/wp\/v2\/posts\/7870","targetHints":{"allow":["GET"]}}],"collection":[{"href":"https:\/\/online.tvk-gaj.pl\/index.php?rest_route=\/wp\/v2\/posts"}],"about":[{"href":"https:\/\/online.tvk-gaj.pl\/index.php?rest_route=\/wp\/v2\/types\/post"}],"author":[{"embeddable":true,"href":"https:\/\/online.tvk-gaj.pl\/index.php?rest_route=\/wp\/v2\/users\/1"}],"replies":[{"embeddable":true,"href":"https:\/\/online.tvk-gaj.pl\/index.php?rest_route=%2Fwp%2Fv2%2Fcomments&post=7870"}],"version-history":[{"count":5,"href":"https:\/\/online.tvk-gaj.pl\/index.php?rest_route=\/wp\/v2\/posts\/7870\/revisions"}],"predecessor-version":[{"id":7877,"href":"https:\/\/online.tvk-gaj.pl\/index.php?rest_route=\/wp\/v2\/posts\/7870\/revisions\/7877"}],"wp:featuredmedia":[{"embeddable":true,"href":"https:\/\/online.tvk-gaj.pl\/index.php?rest_route=\/wp\/v2\/media\/7871"}],"wp:attachment":[{"href":"https:\/\/online.tvk-gaj.pl\/index.php?rest_route=%2Fwp%2Fv2%2Fmedia&parent=7870"}],"wp:term":[{"taxonomy":"category","embeddable":true,"href":"https:\/\/online.tvk-gaj.pl\/index.php?rest_route=%2Fwp%2Fv2%2Fcategories&post=7870"},{"taxonomy":"post_tag","embeddable":true,"href":"https:\/\/online.tvk-gaj.pl\/index.php?rest_route=%2Fwp%2Fv2%2Ftags&post=7870"}],"curies":[{"name":"wp","href":"https:\/\/api.w.org\/{rel}","templated":true}]}}