{"id":7987,"date":"2016-09-19T21:29:07","date_gmt":"2016-09-19T19:29:07","guid":{"rendered":"http:\/\/www.tvk-gaj.pl\/~gajonline\/?p=7987"},"modified":"2016-09-19T21:29:07","modified_gmt":"2016-09-19T19:29:07","slug":"krajowe-dni-dzialkowca-we-wroclawiu-fotorelacja","status":"publish","type":"post","link":"https:\/\/online.tvk-gaj.pl\/?p=7987","title":{"rendered":"Krajowe Dni Dzia\u0142kowca we Wroc\u0142awiu &#8211; fotorelacja"},"content":{"rendered":"<p>W ramach obchod\u00f3w\u00a0Krajowych Dni Dzia\u0142kowca we Wroc\u0142awiu, 17 wrze\u015bnia, na terenie Rodzinnego Ogrodu Dzia\u0142kowego \u201ePartynice\u201d, odby\u0142 si\u0119 piknik z okazji 35 lecia Polskiego Zwi\u0105zku Dzia\u0142kowc\u00f3w i 35 lecia\u00a0 Ogrodu \u201ePartynice\u201d. Zapraszamy do fotorelacji z imprezy autorstwa Radnego Osiedla Gaj &#8211; Pana Andrzeja Nawrota.<!--more--><\/p>\n<p><strong><br \/>\n17 wrze\u015bnia 2016r. obchodzono Krajowe Dni Dzia\u0142kowca we Wroc\u0142awiu. <\/strong><\/p>\n<p>W zwi\u0105zku z obchodami tego \u015bwi\u0119ta na wroc\u0142awskich Partynicach odby\u0142 si\u0119 Piknik na terenie Rodzinnego Ogrodu Dzia\u0142kowego \u201ePartynice\u201d &#8211; po\u0142\u0105czony by\u0142 z 35 leciem Polskiego Zwi\u0105zku Dzia\u0142kowc\u00f3w i 35 leciem \u00a0Ogrodu \u201ePartynice\u201d.<\/p>\n<p>Obecny na pikniku by\u0142 cz\u0142onek Krajowej Rady Polskiego Zwi\u0105zku Dzia\u0142kowc\u00f3w, w-ce prezes Okr\u0119gowego Zarz\u0105du PZD we Wroc\u0142awiu Jerzy Karpi\u0144ski.<\/p>\n<p>Wyr\u00f3\u017cnienia dla najlepszych dzia\u0142kowc\u00f3w wr\u0119czali Jerzy Karpi\u0144ski i Prezes ROD \u201ePartynice\u201d Czes\u0142aw Warych.<\/p>\n<p>Za fotorelacj\u0119 i obs\u0142ug\u0119 pikniku odpowiada\u0142 Pan Andrzej Nawrot.<\/p>\n<p>&nbsp;<\/p>\n<p><strong>Galeria zdj\u0119\u0107 z Pikniku\u00a0<\/strong><\/p>\n<p><img decoding=\"async\" class=\"ngg_displayed_gallery mceItem\" src=\"http:\/\/www.tvk-gaj.pl\/~gajonline\/index.php\/nextgen-attach_to_post\/preview\/id--7989\" data-mce-placeholder=\"1\" \/><\/p>\n<p>&nbsp;<\/p>\n","protected":false},"excerpt":{"rendered":"<p>W ramach obchod\u00f3w\u00a0Krajowych Dni Dzia\u0142kowca we Wroc\u0142awiu, 17 wrze\u015bnia, na terenie Rodzinnego Ogrodu Dzia\u0142kowego \u201ePartynice\u201d, odby\u0142 si\u0119 piknik z okazji 35 lecia Polskiego Zwi\u0105zku Dzia\u0142kowc\u00f3w i 35 lecia\u00a0 Ogrodu \u201ePartynice\u201d. Zapraszamy do fotorelacji z imprezy autorstwa Radnego Osiedla Gaj &#8211; Pana Andrzeja Nawrota.<\/p>\n","protected":false},"author":1,"featured_media":7988,"comment_status":"open","ping_status":"open","sticky":false,"template":"","format":"standard","meta":{"footnotes":""},"categories":[14],"tags":[771,770,293,772,294,773],"class_list":["post-7987","post","type-post","status-publish","format-standard","has-post-thumbnail","hentry","category-aktualnosci","tag-andrzej-nawrot","tag-dni-dzialkowca","tag-fotorelacja","tag-partynice","tag-relacja","tag-rod-partynice"],"_links":{"self":[{"href":"https:\/\/online.tvk-gaj.pl\/index.php?rest_route=\/wp\/v2\/posts\/7987","targetHints":{"allow":["GET"]}}],"collection":[{"href":"https:\/\/online.tvk-gaj.pl\/index.php?rest_route=\/wp\/v2\/posts"}],"about":[{"href":"https:\/\/online.tvk-gaj.pl\/index.php?rest_route=\/wp\/v2\/types\/post"}],"author":[{"embeddable":true,"href":"https:\/\/online.tvk-gaj.pl\/index.php?rest_route=\/wp\/v2\/users\/1"}],"replies":[{"embeddable":true,"href":"https:\/\/online.tvk-gaj.pl\/index.php?rest_route=%2Fwp%2Fv2%2Fcomments&post=7987"}],"version-history":[{"count":2,"href":"https:\/\/online.tvk-gaj.pl\/index.php?rest_route=\/wp\/v2\/posts\/7987\/revisions"}],"predecessor-version":[{"id":7991,"href":"https:\/\/online.tvk-gaj.pl\/index.php?rest_route=\/wp\/v2\/posts\/7987\/revisions\/7991"}],"wp:featuredmedia":[{"embeddable":true,"href":"https:\/\/online.tvk-gaj.pl\/index.php?rest_route=\/wp\/v2\/media\/7988"}],"wp:attachment":[{"href":"https:\/\/online.tvk-gaj.pl\/index.php?rest_route=%2Fwp%2Fv2%2Fmedia&parent=7987"}],"wp:term":[{"taxonomy":"category","embeddable":true,"href":"https:\/\/online.tvk-gaj.pl\/index.php?rest_route=%2Fwp%2Fv2%2Fcategories&post=7987"},{"taxonomy":"post_tag","embeddable":true,"href":"https:\/\/online.tvk-gaj.pl\/index.php?rest_route=%2Fwp%2Fv2%2Ftags&post=7987"}],"curies":[{"name":"wp","href":"https:\/\/api.w.org\/{rel}","templated":true}]}}