{"id":8006,"date":"2016-09-22T19:36:09","date_gmt":"2016-09-22T17:36:09","guid":{"rendered":"http:\/\/www.tvk-gaj.pl\/~gajonline\/?p=8006"},"modified":"2016-09-22T19:37:35","modified_gmt":"2016-09-22T17:37:35","slug":"z-wizyta-na-placu-budowy-nowej-szkoly-na-gaju","status":"publish","type":"post","link":"https:\/\/online.tvk-gaj.pl\/?p=8006","title":{"rendered":"Z wizyt\u0105 na placu budowy nowej szko\u0142y na Gaju"},"content":{"rendered":"<p>Trwa budowa\u00a0Zespo\u0142u Szkolno-Przedszkolnego przy ul. K\u0142odzkiej. Firma Skanska prowadzi intensywne prace budowlane, kt\u00f3rych efektem ma by\u0107 oddanie szko\u0142y we wrze\u015bniu 2017r. Byli\u015bmy tam z aparatem i mamy dla Was aktualne zdj\u0119cia z budowy.\u00a0<!--more--><\/p>\n<p><strong><br \/>\nW ramach inwestycji, opracowanej projektowo przez konsorcjum DTK Studio \/ JDM \/ S.A. A++, na Gaju powstanie nowoczesny kompleks, sk\u0142adaj\u0105cy si\u0119 ze szko\u0142y podstawowej, przedszkola oraz hali sportowej o \u0142\u0105cznej powierzchni ca\u0142kowitej blisko 10 tys. m<sup>2<\/sup>.<\/p>\n<p><\/strong><\/p>\n<p>&nbsp;<\/p>\n<p><a href=\"http:\/\/www.tvk-gaj.pl\/~gajonline\/wp-content\/uploads\/2016\/09\/szkola1.png\"><img loading=\"lazy\" decoding=\"async\" class=\"aligncenter size-full wp-image-8008\" src=\"http:\/\/www.tvk-gaj.pl\/~gajonline\/wp-content\/uploads\/2016\/09\/szkola1.png\" alt=\"szkola1\" width=\"659\" height=\"285\" srcset=\"https:\/\/online.tvk-gaj.pl\/wp-content\/uploads\/2016\/09\/szkola1.png 659w, https:\/\/online.tvk-gaj.pl\/wp-content\/uploads\/2016\/09\/szkola1-300x130.png 300w\" sizes=\"auto, (max-width: 659px) 100vw, 659px\" \/><\/a><\/p>\n<p>&nbsp;<\/p>\n<p>W plac\u00f3wce znale\u017a\u0107 si\u0119 ma miejsce dla 200 przedszkolak\u00f3w i 750 dla uczni\u00f3w.<\/p>\n<p>W planach architektonicznych przewidziano 22 nowoczesne i przyjazne dzieciom sale lekcyjne, 3 pracownie komputerowe, 2 pracownie przyrodnicze oraz specjalnie wyposa\u017cone sale j\u0119zykowe. Przy szkole powsta\u0107 ma nowoczesne, wielofunkcyjne boisko sportowe.<\/p>\n<p>&nbsp;<\/p>\n<p><a href=\"http:\/\/www.tvk-gaj.pl\/~gajonline\/wp-content\/uploads\/2016\/09\/szkola2.png\"><img loading=\"lazy\" decoding=\"async\" class=\"aligncenter size-full wp-image-8009\" src=\"http:\/\/www.tvk-gaj.pl\/~gajonline\/wp-content\/uploads\/2016\/09\/szkola2.png\" alt=\"szkola2\" width=\"659\" height=\"322\" srcset=\"https:\/\/online.tvk-gaj.pl\/wp-content\/uploads\/2016\/09\/szkola2.png 659w, https:\/\/online.tvk-gaj.pl\/wp-content\/uploads\/2016\/09\/szkola2-300x147.png 300w\" sizes=\"auto, (max-width: 659px) 100vw, 659px\" \/><\/a><\/p>\n<p>&nbsp;<\/p>\n<p>Koszt budowy szko\u0142y wraz z cz\u0119\u015bci\u0105 sportowo-rekreacyjn\u0105 oszacowano na blisko 32mln z\u0142otych.<\/p>\n<p>&nbsp;<\/p>\n<p>&nbsp;<\/p>\n<p><strong>GALERIA ZDJ\u0118\u0106 Z BUDOWY SZKO\u0141Y PRZY UL. K\u0141ODZKIEJ &#8211; NA DZIE\u0143 22.09.2016r.<\/strong><\/p>\n<p><a href=\"http:\/\/www.tvk-gaj.pl\/~gajonline\/wp-content\/uploads\/2016\/09\/2016-09-14-12.07.45.jpg\"><img loading=\"lazy\" decoding=\"async\" class=\"aligncenter size-large wp-image-8007\" src=\"http:\/\/www.tvk-gaj.pl\/~gajonline\/wp-content\/uploads\/2016\/09\/2016-09-14-12.07.45-1024x768.jpg\" alt=\"2016-09-14-12-07-45\" width=\"838\" height=\"629\" srcset=\"https:\/\/online.tvk-gaj.pl\/wp-content\/uploads\/2016\/09\/2016-09-14-12.07.45-1024x768.jpg 1024w, https:\/\/online.tvk-gaj.pl\/wp-content\/uploads\/2016\/09\/2016-09-14-12.07.45-300x225.jpg 300w, https:\/\/online.tvk-gaj.pl\/wp-content\/uploads\/2016\/09\/2016-09-14-12.07.45-768x576.jpg 768w\" sizes=\"auto, (max-width: 838px) 100vw, 838px\" \/><\/a><\/p>\n<p>&nbsp;<\/p>\n<p><a href=\"http:\/\/www.tvk-gaj.pl\/~gajonline\/wp-content\/uploads\/2016\/09\/2016-09-14-12.08.17.jpg\"><img loading=\"lazy\" decoding=\"async\" class=\"aligncenter size-large wp-image-8010\" src=\"http:\/\/www.tvk-gaj.pl\/~gajonline\/wp-content\/uploads\/2016\/09\/2016-09-14-12.08.17-1024x768.jpg\" alt=\"2016-09-14-12-08-17\" width=\"838\" height=\"629\" srcset=\"https:\/\/online.tvk-gaj.pl\/wp-content\/uploads\/2016\/09\/2016-09-14-12.08.17-1024x768.jpg 1024w, https:\/\/online.tvk-gaj.pl\/wp-content\/uploads\/2016\/09\/2016-09-14-12.08.17-300x225.jpg 300w, https:\/\/online.tvk-gaj.pl\/wp-content\/uploads\/2016\/09\/2016-09-14-12.08.17-768x576.jpg 768w\" sizes=\"auto, (max-width: 838px) 100vw, 838px\" \/><\/a><\/p>\n<p>&nbsp;<\/p>\n<p><a href=\"http:\/\/www.tvk-gaj.pl\/~gajonline\/wp-content\/uploads\/2016\/09\/2016-09-14-12.09.26.jpg\"><img loading=\"lazy\" decoding=\"async\" class=\"aligncenter size-large wp-image-8011\" src=\"http:\/\/www.tvk-gaj.pl\/~gajonline\/wp-content\/uploads\/2016\/09\/2016-09-14-12.09.26-1024x768.jpg\" alt=\"2016-09-14-12-09-26\" width=\"838\" height=\"629\" srcset=\"https:\/\/online.tvk-gaj.pl\/wp-content\/uploads\/2016\/09\/2016-09-14-12.09.26-1024x768.jpg 1024w, https:\/\/online.tvk-gaj.pl\/wp-content\/uploads\/2016\/09\/2016-09-14-12.09.26-300x225.jpg 300w, https:\/\/online.tvk-gaj.pl\/wp-content\/uploads\/2016\/09\/2016-09-14-12.09.26-768x576.jpg 768w\" sizes=\"auto, (max-width: 838px) 100vw, 838px\" \/><\/a><\/p>\n<p>&nbsp;<\/p>\n<p><a href=\"http:\/\/www.tvk-gaj.pl\/~gajonline\/wp-content\/uploads\/2016\/09\/2016-09-14-12.09.30.jpg\"><img loading=\"lazy\" decoding=\"async\" class=\"aligncenter size-large wp-image-8012\" src=\"http:\/\/www.tvk-gaj.pl\/~gajonline\/wp-content\/uploads\/2016\/09\/2016-09-14-12.09.30-1024x768.jpg\" alt=\"2016-09-14-12-09-30\" width=\"838\" height=\"629\" srcset=\"https:\/\/online.tvk-gaj.pl\/wp-content\/uploads\/2016\/09\/2016-09-14-12.09.30-1024x768.jpg 1024w, https:\/\/online.tvk-gaj.pl\/wp-content\/uploads\/2016\/09\/2016-09-14-12.09.30-300x225.jpg 300w, https:\/\/online.tvk-gaj.pl\/wp-content\/uploads\/2016\/09\/2016-09-14-12.09.30-768x576.jpg 768w\" sizes=\"auto, (max-width: 838px) 100vw, 838px\" \/><\/a><\/p>\n<p>&nbsp;<\/p>\n<p><a href=\"http:\/\/www.tvk-gaj.pl\/~gajonline\/wp-content\/uploads\/2016\/09\/2016-09-14-12.10.47.jpg\"><img loading=\"lazy\" decoding=\"async\" class=\"aligncenter size-large wp-image-8013\" src=\"http:\/\/www.tvk-gaj.pl\/~gajonline\/wp-content\/uploads\/2016\/09\/2016-09-14-12.10.47-1024x768.jpg\" alt=\"2016-09-14-12-10-47\" width=\"838\" height=\"629\" srcset=\"https:\/\/online.tvk-gaj.pl\/wp-content\/uploads\/2016\/09\/2016-09-14-12.10.47-1024x768.jpg 1024w, https:\/\/online.tvk-gaj.pl\/wp-content\/uploads\/2016\/09\/2016-09-14-12.10.47-300x225.jpg 300w, https:\/\/online.tvk-gaj.pl\/wp-content\/uploads\/2016\/09\/2016-09-14-12.10.47-768x576.jpg 768w\" sizes=\"auto, (max-width: 838px) 100vw, 838px\" \/><\/a><\/p>\n<p>&nbsp;<\/p>\n<p>&nbsp;<\/p>\n<p>&nbsp;<\/p>\n","protected":false},"excerpt":{"rendered":"<p>Trwa budowa\u00a0Zespo\u0142u Szkolno-Przedszkolnego przy ul. K\u0142odzkiej. Firma Skanska prowadzi intensywne prace budowlane, kt\u00f3rych efektem ma by\u0107 oddanie szko\u0142y we wrze\u015bniu 2017r. Byli\u015bmy tam z aparatem i mamy dla Was aktualne zdj\u0119cia z budowy.\u00a0<\/p>\n","protected":false},"author":1,"featured_media":8013,"comment_status":"open","ping_status":"open","sticky":false,"template":"","format":"standard","meta":{"footnotes":""},"categories":[14,12],"tags":[158,112,242,235,232,166,273],"class_list":["post-8006","post","type-post","status-publish","format-standard","has-post-thumbnail","hentry","category-aktualnosci","category-artykuly","tag-budowa","tag-gaj","tag-kukuczki","tag-klodzka","tag-nowa-szkola","tag-osiedle-gaj","tag-szkola"],"_links":{"self":[{"href":"https:\/\/online.tvk-gaj.pl\/index.php?rest_route=\/wp\/v2\/posts\/8006","targetHints":{"allow":["GET"]}}],"collection":[{"href":"https:\/\/online.tvk-gaj.pl\/index.php?rest_route=\/wp\/v2\/posts"}],"about":[{"href":"https:\/\/online.tvk-gaj.pl\/index.php?rest_route=\/wp\/v2\/types\/post"}],"author":[{"embeddable":true,"href":"https:\/\/online.tvk-gaj.pl\/index.php?rest_route=\/wp\/v2\/users\/1"}],"replies":[{"embeddable":true,"href":"https:\/\/online.tvk-gaj.pl\/index.php?rest_route=%2Fwp%2Fv2%2Fcomments&post=8006"}],"version-history":[{"count":3,"href":"https:\/\/online.tvk-gaj.pl\/index.php?rest_route=\/wp\/v2\/posts\/8006\/revisions"}],"predecessor-version":[{"id":8016,"href":"https:\/\/online.tvk-gaj.pl\/index.php?rest_route=\/wp\/v2\/posts\/8006\/revisions\/8016"}],"wp:featuredmedia":[{"embeddable":true,"href":"https:\/\/online.tvk-gaj.pl\/index.php?rest_route=\/wp\/v2\/media\/8013"}],"wp:attachment":[{"href":"https:\/\/online.tvk-gaj.pl\/index.php?rest_route=%2Fwp%2Fv2%2Fmedia&parent=8006"}],"wp:term":[{"taxonomy":"category","embeddable":true,"href":"https:\/\/online.tvk-gaj.pl\/index.php?rest_route=%2Fwp%2Fv2%2Fcategories&post=8006"},{"taxonomy":"post_tag","embeddable":true,"href":"https:\/\/online.tvk-gaj.pl\/index.php?rest_route=%2Fwp%2Fv2%2Ftags&post=8006"}],"curies":[{"name":"wp","href":"https:\/\/api.w.org\/{rel}","templated":true}]}}