{"id":8070,"date":"2016-09-27T16:06:18","date_gmt":"2016-09-27T14:06:18","guid":{"rendered":"http:\/\/www.tvk-gaj.pl\/~gajonline\/?p=8070"},"modified":"2016-09-27T16:11:08","modified_gmt":"2016-09-27T14:11:08","slug":"zdjecia-z-weekendu-esk-na-gaju-24-25-wrzesnia","status":"publish","type":"post","link":"https:\/\/online.tvk-gaj.pl\/?p=8070","title":{"rendered":"Zdj\u0119cia z weekendu ESK na Gaju 24-25 wrze\u015bnia"},"content":{"rendered":"<p>Zapraszamy do naszej fotorelacji z weekend 24-25 wrze\u015bnia na plenerowej scenie Europejskiej Stolicy Kultury Wroc\u0142aw 2016 na Gaju! [GALERIA ZDJ\u0118\u0106]<!--more--><\/p>\n<p>&nbsp;<\/p>\n<p>Za nami kolejny, bardzo udany weekend. Pogoda i frekwencja dopisa\u0142y, podobnie jak dobre humory naszych go\u015bci. W niedziel\u0119 bawili\u015bmy si\u0119 na koncercie dzieci z osiedla.\u00a0Do tego \u00a0przez ca\u0142y weekend by\u0142o du\u017co zabaw i du\u017co rekreacji ruchowej. Jak co tydzie\u0144 by\u0142y te\u017c nasze sta\u0142e \u00a0punkty: punkt w\u0119druj\u0105cych ksi\u0105\u017cek oraz punkt konsultacyjny parku w po\u0142udniowej cz\u0119\u015bci osiedla.<\/p>\n<p>&nbsp;<\/p>\n<p><img decoding=\"async\" class=\"ngg_displayed_gallery mceItem\" src=\"http:\/\/www.tvk-gaj.pl\/~gajonline\/index.php\/nextgen-attach_to_post\/preview\/id--8072\" data-mce-placeholder=\"1\" \/><\/p>\n<p>&nbsp;<\/p>\n<p><strong>Na ostatni weekend\u00a0Europejskiej Stolicy\u00a0<\/strong><strong>Kultury Wroc\u0142aw 2016 na Gaju zapraszamy w sobot\u0119, 1 pa\u017adziernika do Parku S\u0142onecznego na Gaju!\u00a0<\/strong><\/p>\n<p><strong>Wi\u0119cej o Festynie ko\u0144cz\u0105cym wakacje z pawilonem kultury ESK ju\u017c wkr\u00f3tce na naszej stronie!\u00a0<\/strong><\/p>\n<p>&nbsp;<\/p>\n","protected":false},"excerpt":{"rendered":"<p>Zapraszamy do naszej fotorelacji z weekend 24-25 wrze\u015bnia na plenerowej scenie Europejskiej Stolicy Kultury Wroc\u0142aw 2016 na Gaju! [GALERIA ZDJ\u0118\u0106]<\/p>\n","protected":false},"author":1,"featured_media":8071,"comment_status":"open","ping_status":"open","sticky":false,"template":"","format":"standard","meta":{"footnotes":""},"categories":[14,630],"tags":[685,642,112,166,128,664,135,294,634,774,650],"class_list":["post-8070","post","type-post","status-publish","format-standard","has-post-thumbnail","hentry","category-aktualnosci","category-esk-2016","tag-esk-na-gaju","tag-europejska-stolica-kultury-wroclaw-2016","tag-gaj","tag-osiedle-gaj","tag-park-sloneczny","tag-pawilon-kultury","tag-rada-osiedla-gaj","tag-relacja","tag-scena","tag-weekend-esk","tag-zdjecia"],"_links":{"self":[{"href":"https:\/\/online.tvk-gaj.pl\/index.php?rest_route=\/wp\/v2\/posts\/8070","targetHints":{"allow":["GET"]}}],"collection":[{"href":"https:\/\/online.tvk-gaj.pl\/index.php?rest_route=\/wp\/v2\/posts"}],"about":[{"href":"https:\/\/online.tvk-gaj.pl\/index.php?rest_route=\/wp\/v2\/types\/post"}],"author":[{"embeddable":true,"href":"https:\/\/online.tvk-gaj.pl\/index.php?rest_route=\/wp\/v2\/users\/1"}],"replies":[{"embeddable":true,"href":"https:\/\/online.tvk-gaj.pl\/index.php?rest_route=%2Fwp%2Fv2%2Fcomments&post=8070"}],"version-history":[{"count":4,"href":"https:\/\/online.tvk-gaj.pl\/index.php?rest_route=\/wp\/v2\/posts\/8070\/revisions"}],"predecessor-version":[{"id":8076,"href":"https:\/\/online.tvk-gaj.pl\/index.php?rest_route=\/wp\/v2\/posts\/8070\/revisions\/8076"}],"wp:featuredmedia":[{"embeddable":true,"href":"https:\/\/online.tvk-gaj.pl\/index.php?rest_route=\/wp\/v2\/media\/8071"}],"wp:attachment":[{"href":"https:\/\/online.tvk-gaj.pl\/index.php?rest_route=%2Fwp%2Fv2%2Fmedia&parent=8070"}],"wp:term":[{"taxonomy":"category","embeddable":true,"href":"https:\/\/online.tvk-gaj.pl\/index.php?rest_route=%2Fwp%2Fv2%2Fcategories&post=8070"},{"taxonomy":"post_tag","embeddable":true,"href":"https:\/\/online.tvk-gaj.pl\/index.php?rest_route=%2Fwp%2Fv2%2Ftags&post=8070"}],"curies":[{"name":"wp","href":"https:\/\/api.w.org\/{rel}","templated":true}]}}