{"id":8088,"date":"2016-09-29T21:36:35","date_gmt":"2016-09-29T19:36:35","guid":{"rendered":"http:\/\/www.tvk-gaj.pl\/~gajonline\/?p=8088"},"modified":"2016-10-03T20:35:04","modified_gmt":"2016-10-03T18:35:04","slug":"zapraszamy-na-festyn-osiedlowy","status":"publish","type":"post","link":"https:\/\/online.tvk-gaj.pl\/?p=8088","title":{"rendered":"Zapraszamy na festyn osiedlowy na Gaju!"},"content":{"rendered":"<p>Zapraszamy na festyn osiedlowy na Gaju! Impreza odb\u0119dzie si\u0119 w najbli\u017csz\u0105 sobot\u0119 (1 pa\u017adziernika) w Parku S\u0142onecznym na Gaju. Zabaw\u0119 zaczynamy od godziny 14!<!--more--><\/p>\n<p>&nbsp;<\/p>\n<p><strong>Festyn Osiedla Gaj &#8222;Po\u017cegnanie lata na Gaju&#8221;<\/strong><\/p>\n<p>Impreza odb\u0119dzie si\u0119 w pierwsz\u0105 sobot\u0119\u00a0pa\u017adziernika, 1 pa\u017adziernika. Festyn po\u015bwi\u0119cony zako\u0144czeniu lata na Gaju po\u0142\u0105czony b\u0119dzie z ostatnim weekendem dzia\u0142ania plenerowej sceny Europejskiej Stolicy Kultury Wroc\u0142aw 2016. W zwi\u0105zku z tym przewidzieli\u015bmy liczne atrakcje i przyjemno\u015bci:)<\/p>\n<p><a href=\"http:\/\/www.tvk-gaj.pl\/~gajonline\/wp-content\/uploads\/2016\/09\/plakat-festyn-1.10.2016.jpg\"><img loading=\"lazy\" decoding=\"async\" class=\"aligncenter size-large wp-image-8090\" src=\"http:\/\/www.tvk-gaj.pl\/~gajonline\/wp-content\/uploads\/2016\/09\/plakat-festyn-1.10.2016-724x1024.jpg\" alt=\"plakat-festyn-1-10-2016\" width=\"724\" height=\"1024\" srcset=\"https:\/\/online.tvk-gaj.pl\/wp-content\/uploads\/2016\/09\/plakat-festyn-1.10.2016-724x1024.jpg 724w, https:\/\/online.tvk-gaj.pl\/wp-content\/uploads\/2016\/09\/plakat-festyn-1.10.2016-212x300.jpg 212w, https:\/\/online.tvk-gaj.pl\/wp-content\/uploads\/2016\/09\/plakat-festyn-1.10.2016-768x1086.jpg 768w, https:\/\/online.tvk-gaj.pl\/wp-content\/uploads\/2016\/09\/plakat-festyn-1.10.2016.jpg 1240w\" sizes=\"auto, (max-width: 724px) 100vw, 724px\" \/><\/a><\/p>\n<p>&nbsp;<\/p>\n<p><strong>Serdecznie zapraszamy!\u00a0<\/strong><\/p>\n<p>&nbsp;<\/p>\n","protected":false},"excerpt":{"rendered":"<p>Zapraszamy na festyn osiedlowy na Gaju! Impreza odb\u0119dzie si\u0119 w najbli\u017csz\u0105 sobot\u0119 (1 pa\u017adziernika) w Parku S\u0142onecznym na Gaju. Zabaw\u0119 zaczynamy od godziny 14!<\/p>\n","protected":false},"author":1,"featured_media":8094,"comment_status":"open","ping_status":"open","sticky":false,"template":"","format":"standard","meta":{"footnotes":""},"categories":[14],"tags":[270,279,112,317,166,128,271,135,778,331],"class_list":["post-8088","post","type-post","status-publish","format-standard","has-post-thumbnail","hentry","category-aktualnosci","tag-festyn","tag-festyn-osiedla-gaj","tag-gaj","tag-mops","tag-osiedle-gaj","tag-park-sloneczny","tag-piknik","tag-rada-osiedla-gaj","tag-wcrs","tag-zabawa"],"_links":{"self":[{"href":"https:\/\/online.tvk-gaj.pl\/index.php?rest_route=\/wp\/v2\/posts\/8088","targetHints":{"allow":["GET"]}}],"collection":[{"href":"https:\/\/online.tvk-gaj.pl\/index.php?rest_route=\/wp\/v2\/posts"}],"about":[{"href":"https:\/\/online.tvk-gaj.pl\/index.php?rest_route=\/wp\/v2\/types\/post"}],"author":[{"embeddable":true,"href":"https:\/\/online.tvk-gaj.pl\/index.php?rest_route=\/wp\/v2\/users\/1"}],"replies":[{"embeddable":true,"href":"https:\/\/online.tvk-gaj.pl\/index.php?rest_route=%2Fwp%2Fv2%2Fcomments&post=8088"}],"version-history":[{"count":3,"href":"https:\/\/online.tvk-gaj.pl\/index.php?rest_route=\/wp\/v2\/posts\/8088\/revisions"}],"predecessor-version":[{"id":8096,"href":"https:\/\/online.tvk-gaj.pl\/index.php?rest_route=\/wp\/v2\/posts\/8088\/revisions\/8096"}],"wp:featuredmedia":[{"embeddable":true,"href":"https:\/\/online.tvk-gaj.pl\/index.php?rest_route=\/wp\/v2\/media\/8094"}],"wp:attachment":[{"href":"https:\/\/online.tvk-gaj.pl\/index.php?rest_route=%2Fwp%2Fv2%2Fmedia&parent=8088"}],"wp:term":[{"taxonomy":"category","embeddable":true,"href":"https:\/\/online.tvk-gaj.pl\/index.php?rest_route=%2Fwp%2Fv2%2Fcategories&post=8088"},{"taxonomy":"post_tag","embeddable":true,"href":"https:\/\/online.tvk-gaj.pl\/index.php?rest_route=%2Fwp%2Fv2%2Ftags&post=8088"}],"curies":[{"name":"wp","href":"https:\/\/api.w.org\/{rel}","templated":true}]}}