{"id":8195,"date":"2016-10-05T21:26:31","date_gmt":"2016-10-05T19:26:31","guid":{"rendered":"http:\/\/www.tvk-gaj.pl\/~gajonline\/?p=8195"},"modified":"2016-10-24T10:16:10","modified_gmt":"2016-10-24T08:16:10","slug":"galeria-zdjec-oraz-krotka-relacja-z-festynu-osiedlowego","status":"publish","type":"post","link":"https:\/\/online.tvk-gaj.pl\/?p=8195","title":{"rendered":"Galeria zdj\u0119\u0107 oraz kr\u00f3tka relacja z Festynu Osiedlowego"},"content":{"rendered":"<p>Zapraszamy do obszernej galerii zdj\u0119\u0107 oraz kr\u00f3tkiej relacji z Festynu osiedlowego na Gaju. W tym roku wyj\u0105tkowego, poniewa\u017c po\u0142\u0105czonego z oficjalnym zako\u0144czeniem plenerowej sceny Europejskiej Stolicy Kultury Wroc\u0142aw 2016 na Gaju!<!--more--><\/p>\n<p>Za nami tegoroczne wakacje, lato, projekt plenerowej sceny Europejskiej Stolicy Kultury Wroc\u0142aw 2016 oraz festyn osiedlowy.<br \/>\nW sobot\u0119, 1 pa\u017adziernika, w Parku S\u0142onecznym na Gaju odby\u0142o si\u0119 oficjalne po\u017cegnanie lata na Gaju oraz projektu ESK.<br \/>\nDopisa\u0142a pogoda, frekwencja oraz dobre humory, dzi\u0119ki kt\u00f3rym mogli\u015bmy wsp\u00f3lnie bawi\u0107 si\u0119 i odpoczywa\u0107 w otoczeni zieleni Parku S\u0142onecznego.<\/p>\n<p>&nbsp;<\/p>\n<p><strong>Kr\u00f3tka relacja z imprezy.<\/strong><\/p>\n<p>&nbsp;<\/p>\n<p>Przez ca\u0142y czas trwa\u0142y konkursy i zabawy dla dzieci i m\u0142odzie\u017cy prowadzone przez profesjonalnych animator\u00f3w.<\/p>\n<p><a href=\"http:\/\/www.tvk-gaj.pl\/~gajonline\/wp-content\/uploads\/2016\/10\/14563456_1243365665694292_3037747146842139908_n.jpg\"><img loading=\"lazy\" decoding=\"async\" class=\"aligncenter size-full wp-image-8198\" src=\"http:\/\/www.tvk-gaj.pl\/~gajonline\/wp-content\/uploads\/2016\/10\/14563456_1243365665694292_3037747146842139908_n.jpg\" alt=\"14563456_1243365665694292_3037747146842139908_n\" width=\"960\" height=\"720\" srcset=\"https:\/\/online.tvk-gaj.pl\/wp-content\/uploads\/2016\/10\/14563456_1243365665694292_3037747146842139908_n.jpg 960w, https:\/\/online.tvk-gaj.pl\/wp-content\/uploads\/2016\/10\/14563456_1243365665694292_3037747146842139908_n-300x225.jpg 300w, https:\/\/online.tvk-gaj.pl\/wp-content\/uploads\/2016\/10\/14563456_1243365665694292_3037747146842139908_n-768x576.jpg 768w\" sizes=\"auto, (max-width: 960px) 100vw, 960px\" \/><\/a><\/p>\n<p>&nbsp;<\/p>\n<p><a href=\"http:\/\/www.tvk-gaj.pl\/~gajonline\/wp-content\/uploads\/2016\/10\/DSCN7131.jpg\"><img loading=\"lazy\" decoding=\"async\" class=\"aligncenter size-large wp-image-8209\" src=\"http:\/\/www.tvk-gaj.pl\/~gajonline\/wp-content\/uploads\/2016\/10\/DSCN7131-1024x768.jpg\" alt=\"dscn7131\" width=\"838\" height=\"629\" srcset=\"https:\/\/online.tvk-gaj.pl\/wp-content\/uploads\/2016\/10\/DSCN7131-1024x768.jpg 1024w, https:\/\/online.tvk-gaj.pl\/wp-content\/uploads\/2016\/10\/DSCN7131-300x225.jpg 300w, https:\/\/online.tvk-gaj.pl\/wp-content\/uploads\/2016\/10\/DSCN7131-768x576.jpg 768w, https:\/\/online.tvk-gaj.pl\/wp-content\/uploads\/2016\/10\/DSCN7131.jpg 1300w\" sizes=\"auto, (max-width: 838px) 100vw, 838px\" \/><\/a><\/p>\n<p>&nbsp;<\/p>\n<p>By\u0142y wi\u0119c sport, \u015bpiewanie i du\u017co \u015bmiechu.<\/p>\n<p><img loading=\"lazy\" decoding=\"async\" class=\"aligncenter size-large wp-image-8206\" src=\"http:\/\/www.tvk-gaj.pl\/~gajonline\/wp-content\/uploads\/2016\/10\/figliki2-1-1024x577.jpg\" alt=\"figliki2\" width=\"838\" height=\"472\" srcset=\"https:\/\/online.tvk-gaj.pl\/wp-content\/uploads\/2016\/10\/figliki2-1-1024x577.jpg 1024w, https:\/\/online.tvk-gaj.pl\/wp-content\/uploads\/2016\/10\/figliki2-1-300x169.jpg 300w, https:\/\/online.tvk-gaj.pl\/wp-content\/uploads\/2016\/10\/figliki2-1-768x433.jpg 768w\" sizes=\"auto, (max-width: 838px) 100vw, 838px\" \/><\/p>\n<p>&nbsp;<\/p>\n<p>Podczas festynu odbywa\u0142y si\u0119 r\u00f3\u017cne warsztaty: m. in. tworzenie wiank\u00f3w ludowych<\/p>\n<p><a href=\"http:\/\/www.tvk-gaj.pl\/~gajonline\/wp-content\/uploads\/2016\/10\/14495315_1243323432365182_1432372696905400010_n.jpg\"><img loading=\"lazy\" decoding=\"async\" class=\"aligncenter size-full wp-image-8199\" src=\"http:\/\/www.tvk-gaj.pl\/~gajonline\/wp-content\/uploads\/2016\/10\/14495315_1243323432365182_1432372696905400010_n.jpg\" alt=\"14495315_1243323432365182_1432372696905400010_n\" width=\"960\" height=\"720\" srcset=\"https:\/\/online.tvk-gaj.pl\/wp-content\/uploads\/2016\/10\/14495315_1243323432365182_1432372696905400010_n.jpg 960w, https:\/\/online.tvk-gaj.pl\/wp-content\/uploads\/2016\/10\/14495315_1243323432365182_1432372696905400010_n-300x225.jpg 300w, https:\/\/online.tvk-gaj.pl\/wp-content\/uploads\/2016\/10\/14495315_1243323432365182_1432372696905400010_n-768x576.jpg 768w\" sizes=\"auto, (max-width: 960px) 100vw, 960px\" \/><\/a><\/p>\n<p><img loading=\"lazy\" decoding=\"async\" class=\"aligncenter size-full wp-image-8202\" src=\"http:\/\/www.tvk-gaj.pl\/~gajonline\/wp-content\/uploads\/2016\/10\/14523075_1243296899034502_8886489360549574192_n.jpg\" alt=\"14523075_1243296899034502_8886489360549574192_n\" width=\"960\" height=\"720\" srcset=\"https:\/\/online.tvk-gaj.pl\/wp-content\/uploads\/2016\/10\/14523075_1243296899034502_8886489360549574192_n.jpg 960w, https:\/\/online.tvk-gaj.pl\/wp-content\/uploads\/2016\/10\/14523075_1243296899034502_8886489360549574192_n-300x225.jpg 300w, https:\/\/online.tvk-gaj.pl\/wp-content\/uploads\/2016\/10\/14523075_1243296899034502_8886489360549574192_n-768x576.jpg 768w\" sizes=\"auto, (max-width: 960px) 100vw, 960px\" \/><\/p>\n<p>&nbsp;<\/p>\n<p>Jedn\u0105 z atrakcji by\u0142a wsp\u00f3lna budowa makiety Gaju:)<\/p>\n<p><img loading=\"lazy\" decoding=\"async\" class=\"aligncenter size-full wp-image-8203\" src=\"http:\/\/www.tvk-gaj.pl\/~gajonline\/wp-content\/uploads\/2016\/10\/14446049_1243291205701738_5768271470284265643_n.jpg\" alt=\"14446049_1243291205701738_5768271470284265643_n\" width=\"960\" height=\"720\" srcset=\"https:\/\/online.tvk-gaj.pl\/wp-content\/uploads\/2016\/10\/14446049_1243291205701738_5768271470284265643_n.jpg 960w, https:\/\/online.tvk-gaj.pl\/wp-content\/uploads\/2016\/10\/14446049_1243291205701738_5768271470284265643_n-300x225.jpg 300w, https:\/\/online.tvk-gaj.pl\/wp-content\/uploads\/2016\/10\/14446049_1243291205701738_5768271470284265643_n-768x576.jpg 768w\" sizes=\"auto, (max-width: 960px) 100vw, 960px\" \/><\/p>\n<p>&nbsp;<\/p>\n<p>Festyn u\u015bwietni\u0142 koncert dzieci\u0119cego zespo\u0142u ta\u0144ca i \u015bpiewu &#8222;Wroc\u0142aw&#8221;<\/p>\n<p><a href=\"http:\/\/www.tvk-gaj.pl\/~gajonline\/wp-content\/uploads\/2016\/10\/14523147_1243312505699608_4412192322854086093_n-1.jpg\"><img loading=\"lazy\" decoding=\"async\" class=\"aligncenter size-full wp-image-8200\" src=\"http:\/\/www.tvk-gaj.pl\/~gajonline\/wp-content\/uploads\/2016\/10\/14523147_1243312505699608_4412192322854086093_n-1.jpg\" alt=\"14523147_1243312505699608_4412192322854086093_n\" width=\"960\" height=\"720\" srcset=\"https:\/\/online.tvk-gaj.pl\/wp-content\/uploads\/2016\/10\/14523147_1243312505699608_4412192322854086093_n-1.jpg 960w, https:\/\/online.tvk-gaj.pl\/wp-content\/uploads\/2016\/10\/14523147_1243312505699608_4412192322854086093_n-1-300x225.jpg 300w, https:\/\/online.tvk-gaj.pl\/wp-content\/uploads\/2016\/10\/14523147_1243312505699608_4412192322854086093_n-1-768x576.jpg 768w\" sizes=\"auto, (max-width: 960px) 100vw, 960px\" \/><\/a><\/p>\n<p>&nbsp;<\/p>\n<p>Opr\u00f3cz profesjonalist\u00f3w swoich si\u0142 w \u015bpiewaniu spr\u00f3bowa\u0107 mogli r\u00f3wnie\u017c amatorzy &#8211; prowadzone by\u0142y warsztaty \u015bpiewu.<\/p>\n<p><a href=\"http:\/\/www.tvk-gaj.pl\/~gajonline\/wp-content\/uploads\/2016\/10\/unnamed.jpg\"><img loading=\"lazy\" decoding=\"async\" class=\"aligncenter size-large wp-image-8207\" src=\"http:\/\/www.tvk-gaj.pl\/~gajonline\/wp-content\/uploads\/2016\/10\/unnamed-1024x577.jpg\" alt=\"unnamed\" width=\"838\" height=\"472\" srcset=\"https:\/\/online.tvk-gaj.pl\/wp-content\/uploads\/2016\/10\/unnamed-1024x577.jpg 1024w, https:\/\/online.tvk-gaj.pl\/wp-content\/uploads\/2016\/10\/unnamed-300x169.jpg 300w, https:\/\/online.tvk-gaj.pl\/wp-content\/uploads\/2016\/10\/unnamed-768x433.jpg 768w, https:\/\/online.tvk-gaj.pl\/wp-content\/uploads\/2016\/10\/unnamed.jpg 1685w\" sizes=\"auto, (max-width: 838px) 100vw, 838px\" \/><\/a><\/p>\n<p>&nbsp;<\/p>\n<p>Miejski O\u015brodek Pomocy Spo\u0142ecznej we Wroc\u0142awiu przygotowa\u0142 w\u0142asny punkt konsultacyjno-rodzinny.<\/p>\n<p><a href=\"http:\/\/www.tvk-gaj.pl\/~gajonline\/wp-content\/uploads\/2016\/10\/14457417_1243297285701130_256511852971962969_n.jpg\"><img loading=\"lazy\" decoding=\"async\" class=\"aligncenter size-full wp-image-8201\" src=\"http:\/\/www.tvk-gaj.pl\/~gajonline\/wp-content\/uploads\/2016\/10\/14457417_1243297285701130_256511852971962969_n.jpg\" alt=\"14457417_1243297285701130_256511852971962969_n\" width=\"960\" height=\"720\" srcset=\"https:\/\/online.tvk-gaj.pl\/wp-content\/uploads\/2016\/10\/14457417_1243297285701130_256511852971962969_n.jpg 960w, https:\/\/online.tvk-gaj.pl\/wp-content\/uploads\/2016\/10\/14457417_1243297285701130_256511852971962969_n-300x225.jpg 300w, https:\/\/online.tvk-gaj.pl\/wp-content\/uploads\/2016\/10\/14457417_1243297285701130_256511852971962969_n-768x576.jpg 768w\" sizes=\"auto, (max-width: 960px) 100vw, 960px\" \/><\/a><\/p>\n<p>&nbsp;<\/p>\n<p>&nbsp;<\/p>\n<p>Przez ca\u0142y czas trwania festynu czynny by\u0142 punkt do g\u0142osowania we Wroc\u0142awskim Bud\u017cecie Obywatelskim.<\/p>\n<p><a href=\"http:\/\/www.tvk-gaj.pl\/~gajonline\/wp-content\/uploads\/2016\/10\/2016-10-01-15.43.03.jpg\"><img loading=\"lazy\" decoding=\"async\" class=\"aligncenter size-large wp-image-8208\" src=\"http:\/\/www.tvk-gaj.pl\/~gajonline\/wp-content\/uploads\/2016\/10\/2016-10-01-15.43.03-1024x768.jpg\" alt=\"2016-10-01-15-43-03\" width=\"838\" height=\"629\" srcset=\"https:\/\/online.tvk-gaj.pl\/wp-content\/uploads\/2016\/10\/2016-10-01-15.43.03-1024x768.jpg 1024w, https:\/\/online.tvk-gaj.pl\/wp-content\/uploads\/2016\/10\/2016-10-01-15.43.03-300x225.jpg 300w, https:\/\/online.tvk-gaj.pl\/wp-content\/uploads\/2016\/10\/2016-10-01-15.43.03-768x576.jpg 768w\" sizes=\"auto, (max-width: 838px) 100vw, 838px\" \/><\/a><\/p>\n<p>&nbsp;<\/p>\n<p>Podczas festynu pojawia\u0142y si\u0119 konkursy z nagrodami ufundowane przez Rad\u0119 Osiedla Gaj.<\/p>\n<p><a href=\"http:\/\/www.tvk-gaj.pl\/~gajonline\/wp-content\/uploads\/2016\/10\/2016-10-01-16.32.46.jpg\"><img loading=\"lazy\" decoding=\"async\" class=\"aligncenter size-large wp-image-8210\" src=\"http:\/\/www.tvk-gaj.pl\/~gajonline\/wp-content\/uploads\/2016\/10\/2016-10-01-16.32.46-1024x768.jpg\" alt=\"2016-10-01-16-32-46\" width=\"838\" height=\"629\" srcset=\"https:\/\/online.tvk-gaj.pl\/wp-content\/uploads\/2016\/10\/2016-10-01-16.32.46-1024x768.jpg 1024w, https:\/\/online.tvk-gaj.pl\/wp-content\/uploads\/2016\/10\/2016-10-01-16.32.46-300x225.jpg 300w, https:\/\/online.tvk-gaj.pl\/wp-content\/uploads\/2016\/10\/2016-10-01-16.32.46-768x576.jpg 768w\" sizes=\"auto, (max-width: 838px) 100vw, 838px\" \/><\/a><\/p>\n<p>&nbsp;<\/p>\n<p>Oczywi\u015bcie opr\u00f3cz powy\u017cszych atrakcji nie mog\u0142o zabrakn\u0105\u0107 muzyki, grilla oraz waty cukrowej i przedstawicieli Rady Osiedla Gaj, kt\u00f3rzy ca\u0142y czas byli dost\u0119pni dla mieszka\u0144c\u00f3w Gaju.<\/p>\n<p>&nbsp;<\/p>\n<p><strong>Dzi\u0119kujemy za wsp\u00f3ln\u0105 zabaw\u0119!<\/strong><\/p>\n<p>&nbsp;<\/p>\n<p>&nbsp;<\/p>\n<p><strong>Galeria zdj\u0119\u0107 z festynu osiedlowego na Gaju &#8211; 1.10.2016<\/strong><\/p>\n<p><img decoding=\"async\" class=\"ngg_displayed_gallery mceItem\" src=\"http:\/\/www.tvk-gaj.pl\/~gajonline\/index.php\/nextgen-attach_to_post\/preview\/id--8197\" data-mce-placeholder=\"1\" \/><\/p>\n<p>&nbsp;<\/p>\n","protected":false},"excerpt":{"rendered":"<p>Zapraszamy do obszernej galerii zdj\u0119\u0107 oraz kr\u00f3tkiej relacji z Festynu osiedlowego na Gaju. W tym roku wyj\u0105tkowego, poniewa\u017c po\u0142\u0105czonego z oficjalnym zako\u0144czeniem plenerowej sceny Europejskiej Stolicy Kultury Wroc\u0142aw 2016 na Gaju!<\/p>\n","protected":false},"author":1,"featured_media":8196,"comment_status":"open","ping_status":"open","sticky":false,"template":"","format":"standard","meta":{"footnotes":""},"categories":[14],"tags":[632,780,642,270,282,279,283,112,651,166,128,135,294,649,275,775,781,650],"class_list":["post-8195","post","type-post","status-publish","format-standard","has-post-thumbnail","hentry","category-aktualnosci","tag-esk","tag-europejska-stolica-kultury-na-gaju","tag-europejska-stolica-kultury-wroclaw-2016","tag-festyn","tag-festyn-na-gaju","tag-festyn-osiedla-gaj","tag-festyn-osiedlowy","tag-gaj","tag-galeria","tag-osiedle-gaj","tag-park-sloneczny","tag-rada-osiedla-gaj","tag-relacja","tag-scena-esk","tag-wbo","tag-wbo-2016","tag-wroclawski-budzet-obywatelski-na-gaju","tag-zdjecia"],"_links":{"self":[{"href":"https:\/\/online.tvk-gaj.pl\/index.php?rest_route=\/wp\/v2\/posts\/8195","targetHints":{"allow":["GET"]}}],"collection":[{"href":"https:\/\/online.tvk-gaj.pl\/index.php?rest_route=\/wp\/v2\/posts"}],"about":[{"href":"https:\/\/online.tvk-gaj.pl\/index.php?rest_route=\/wp\/v2\/types\/post"}],"author":[{"embeddable":true,"href":"https:\/\/online.tvk-gaj.pl\/index.php?rest_route=\/wp\/v2\/users\/1"}],"replies":[{"embeddable":true,"href":"https:\/\/online.tvk-gaj.pl\/index.php?rest_route=%2Fwp%2Fv2%2Fcomments&post=8195"}],"version-history":[{"count":2,"href":"https:\/\/online.tvk-gaj.pl\/index.php?rest_route=\/wp\/v2\/posts\/8195\/revisions"}],"predecessor-version":[{"id":8212,"href":"https:\/\/online.tvk-gaj.pl\/index.php?rest_route=\/wp\/v2\/posts\/8195\/revisions\/8212"}],"wp:featuredmedia":[{"embeddable":true,"href":"https:\/\/online.tvk-gaj.pl\/index.php?rest_route=\/wp\/v2\/media\/8196"}],"wp:attachment":[{"href":"https:\/\/online.tvk-gaj.pl\/index.php?rest_route=%2Fwp%2Fv2%2Fmedia&parent=8195"}],"wp:term":[{"taxonomy":"category","embeddable":true,"href":"https:\/\/online.tvk-gaj.pl\/index.php?rest_route=%2Fwp%2Fv2%2Fcategories&post=8195"},{"taxonomy":"post_tag","embeddable":true,"href":"https:\/\/online.tvk-gaj.pl\/index.php?rest_route=%2Fwp%2Fv2%2Ftags&post=8195"}],"curies":[{"name":"wp","href":"https:\/\/api.w.org\/{rel}","templated":true}]}}