{"id":8353,"date":"2016-10-04T12:52:33","date_gmt":"2016-10-04T10:52:33","guid":{"rendered":"http:\/\/www.tvk-gaj.pl\/~gajonline\/?p=8353"},"modified":"2016-10-06T12:56:20","modified_gmt":"2016-10-06T10:56:20","slug":"piknik-badzmy-bezpieczni-w-ferio-gaj-galeria-zdjec","status":"publish","type":"post","link":"https:\/\/online.tvk-gaj.pl\/?p=8353","title":{"rendered":"Piknik &#8222;B\u0105d\u017amy bezpieczni&#8221; w Ferio Gaj [Galeria zdj\u0119\u0107]"},"content":{"rendered":"<p>Galeria zdj\u0119\u0107 z pikniku &#8222;B\u0105d\u017amy bezpieczni&#8221; zorganizowanego przez Centrum Handlowe Ferio Gaj przy ul. \u015awieradowskiej.\u00a0<!--more--><\/p>\n<p>W sobot\u0119, 1 pa\u017adziernika, odby\u0142 si\u0119 zorganizowany przez CH Ferio Gaj piknik osiedlowy, po\u015bwi\u0119cony sprawom bezpiecze\u0144stwa.<\/p>\n<p>W\u015br\u00f3d zaproszonych podmiot\u00f3w pojawi\u0142y si\u0119: Policja, Stra\u017c Miejska, Wodne Ochotnicze Pogotowie Ratunkowe, Miejski O\u015brodek Pomocy Spo\u0142ecznej.<\/p>\n<p>&nbsp;<\/p>\n<p><a href=\"http:\/\/www.tvk-gaj.pl\/~gajonline\/wp-content\/uploads\/2016\/10\/FGW_Piknik_Bezpieczenstwa_B1.png\"><img loading=\"lazy\" decoding=\"async\" class=\"aligncenter size-full wp-image-8355\" src=\"http:\/\/www.tvk-gaj.pl\/~gajonline\/wp-content\/uploads\/2016\/10\/FGW_Piknik_Bezpieczenstwa_B1.png\" alt=\"fgw_piknik_bezpieczenstwa_b1\" width=\"700\" height=\"1000\" srcset=\"https:\/\/online.tvk-gaj.pl\/wp-content\/uploads\/2016\/10\/FGW_Piknik_Bezpieczenstwa_B1.png 700w, https:\/\/online.tvk-gaj.pl\/wp-content\/uploads\/2016\/10\/FGW_Piknik_Bezpieczenstwa_B1-210x300.png 210w\" sizes=\"auto, (max-width: 700px) 100vw, 700px\" \/><\/a><\/p>\n<p>&nbsp;<\/p>\n<blockquote><p>Bezpiecze\u0144stwo to podstawa ka\u017cdego dzia\u0142ania i warunek szcz\u0119\u015bliwego funkcjonowania w \u015bwiecie. Bezpiecze\u0144stwo rozumie\u0107 mo\u017cna na wiele sposob\u00f3w \u2013 jako bezpiecze\u0144stwo ludzi, zwierz\u0105t, ca\u0142ego naszego otoczenia i \u015brodowiska, w kt\u00f3rym \u017cyjemy.<br \/>\nWiele przyk\u0142ad\u00f3w oraz sposob\u00f3w zapewnienia bezpiecze\u0144stwa sobie i innym wskazanych zosta\u0142o przez naszych go\u015bci na specjalnym pikniku zorganizowanym przez FERIO Gaj dla mieszka\u0144c\u00f3w osiedla Gaj, kt\u00f3ry odby\u0142 si\u0119 1 pa\u017adziernika w godzinach 11:00 \u2013 16:00.<br \/>\nSpecjalnie z tej okazji zaprosili\u015bmy Stra\u017c Miejsk\u0105, Policj\u0119, przedstawicieli Rady Osiedla i wielu innych go\u015bci.<br \/>\nPodczas pikniku mogli\u015bcie dowiedzie\u0107 si\u0119, czym grozi nielegalne wyrzucanie \u015bmieci, jak segregowa\u0107 odpady, czego oczekuje od nas nasze \u015brodowisko i jak ekologicznie wykorzystywa\u0107 naturalne bogactwa oraz zasoby.<br \/>\nDzi\u0119ki uprzejmo\u015bci Policji b\u0119dziemy znakowali\u015bmy rowery, aby nie sta\u0142y si\u0119 one \u0142atwym \u0142upem z\u0142odziei. I tu uwaga! Znakowane rowery wyposa\u017cono przepisowo w takie elementy, jak \u015bwiat\u0142a, dzwonki, sprawne hamulce i b\u0119d\u0105ce w\u0142asno\u015bci\u0105 os\u00f3b zg\u0142aszaj\u0105cych si\u0119 do oznakowania.<br \/>\nNa terenie pikniku dzia\u0142a\u0142 Punkt Informacyjny MOPS oraz punkt g\u0142osowania WBO 2017 (Wroc\u0142awski Bud\u017cet Obywatelski).<br \/>\nRatownicy medyczni szkolili z zasad udzielania pierwszej pomocy zar\u00f3wno dzieci, jak i doros\u0142ych.<br \/>\nDla tych, kt\u00f3rzy lubi\u0105 silniejsze wra\u017cenia, przygotowano symulator dachowania. R\u00f3\u017cnorodne atrakcje dla najm\u0142odszych i zabaw\u0119 z nagrodami zapewni\u0142a natomiast Kinderplaneta. Sklepy i punkty us\u0142ugowe FERIO, tj.: Dom Mody, Orange, Millennium oraz Fitness World przygotowa\u0142y specjalne niespodzianki dla Klient\u00f3w.<\/p><\/blockquote>\n<p><strong>Imprez\u0119, pod patronatem Rady Osiedla Gaj, poprowadzi\u0142 Pan Andrzej Nawrot.<\/strong><\/p>\n<p>&nbsp;<\/p>\n<p><strong>GALERIA ZDJ\u0118\u0106<\/strong><\/p>\n<p><img decoding=\"async\" class=\"ngg_displayed_gallery mceItem\" src=\"http:\/\/www.tvk-gaj.pl\/~gajonline\/index.php\/nextgen-attach_to_post\/preview\/id--8356\" data-mce-placeholder=\"1\" \/><\/p>\n<p>&nbsp;<\/p>\n<div class='et-box et-info'>\n\t\t\t\t\t<div class='et-box-content'>Centrum handlowo \u2013 us\u0142ugowe FERIO Gaj ul. \u015awieradowska 51\/57, 50-559 Wroc\u0142aw, Godziny otwarcia Centrum pn. &#8211; sb. 10:00-21:00, nd. 10:00-19:00. Godziny otwarcia supermarketu Piotr i Pawe\u0142 pn. \u2013 sb. 8:00-22:30, nd. 10:00-19:00. www.feriogaj.com<\/div><\/div>\n<p>&nbsp;<\/p>\n","protected":false},"excerpt":{"rendered":"<p>Galeria zdj\u0119\u0107 z pikniku &#8222;B\u0105d\u017amy bezpieczni&#8221; zorganizowanego przez Centrum Handlowe Ferio Gaj przy ul. \u015awieradowskiej.\u00a0<\/p>\n","protected":false},"author":1,"featured_media":8354,"comment_status":"open","ping_status":"open","sticky":false,"template":"","format":"standard","meta":{"footnotes":""},"categories":[14],"tags":[147,212,131,270,295,271,148,135,163,782,650],"class_list":["post-8353","post","type-post","status-publish","format-standard","has-post-thumbnail","hentry","category-aktualnosci","tag-bezpieczenstwo","tag-centrum-handlowe-ferio-gaj","tag-ferio-gaj","tag-festyn","tag-galeria-zdjec","tag-piknik","tag-policja","tag-rada-osiedla-gaj","tag-straz-miejska","tag-wopr","tag-zdjecia"],"_links":{"self":[{"href":"https:\/\/online.tvk-gaj.pl\/index.php?rest_route=\/wp\/v2\/posts\/8353","targetHints":{"allow":["GET"]}}],"collection":[{"href":"https:\/\/online.tvk-gaj.pl\/index.php?rest_route=\/wp\/v2\/posts"}],"about":[{"href":"https:\/\/online.tvk-gaj.pl\/index.php?rest_route=\/wp\/v2\/types\/post"}],"author":[{"embeddable":true,"href":"https:\/\/online.tvk-gaj.pl\/index.php?rest_route=\/wp\/v2\/users\/1"}],"replies":[{"embeddable":true,"href":"https:\/\/online.tvk-gaj.pl\/index.php?rest_route=%2Fwp%2Fv2%2Fcomments&post=8353"}],"version-history":[{"count":4,"href":"https:\/\/online.tvk-gaj.pl\/index.php?rest_route=\/wp\/v2\/posts\/8353\/revisions"}],"predecessor-version":[{"id":8360,"href":"https:\/\/online.tvk-gaj.pl\/index.php?rest_route=\/wp\/v2\/posts\/8353\/revisions\/8360"}],"wp:featuredmedia":[{"embeddable":true,"href":"https:\/\/online.tvk-gaj.pl\/index.php?rest_route=\/wp\/v2\/media\/8354"}],"wp:attachment":[{"href":"https:\/\/online.tvk-gaj.pl\/index.php?rest_route=%2Fwp%2Fv2%2Fmedia&parent=8353"}],"wp:term":[{"taxonomy":"category","embeddable":true,"href":"https:\/\/online.tvk-gaj.pl\/index.php?rest_route=%2Fwp%2Fv2%2Fcategories&post=8353"},{"taxonomy":"post_tag","embeddable":true,"href":"https:\/\/online.tvk-gaj.pl\/index.php?rest_route=%2Fwp%2Fv2%2Ftags&post=8353"}],"curies":[{"name":"wp","href":"https:\/\/api.w.org\/{rel}","templated":true}]}}