{"id":8362,"date":"2016-10-14T09:26:02","date_gmt":"2016-10-14T07:26:02","guid":{"rendered":"http:\/\/www.tvk-gaj.pl\/~gajonline\/?p=8362"},"modified":"2016-10-14T09:26:02","modified_gmt":"2016-10-14T07:26:02","slug":"fundacja-dla-dobrych-dziel-zaprasza-na-darmowe-warsztaty","status":"publish","type":"post","link":"https:\/\/online.tvk-gaj.pl\/?p=8362","title":{"rendered":"Fundacja &#8222;Dla dobrych dzie\u0142&#8221; zaprasza na darmowe warsztaty"},"content":{"rendered":"<p>[Og\u0142oszenie partnerskie] Fundacja Dla Dobrych Dzie\u0144 zaprasza wszystkich ch\u0119tnych za zaj\u0119cia m.in. z pilates, zumby, ta\u0144ca i gimnastyki. <!--more--><\/p>\n<p>&nbsp;<\/p>\n<p>Zaj\u0119cia s\u0105 bezp\u0142atne i skierowane do os\u00f3b doros\u0142ych w ka\u017cdym wieku. Odbywaj\u0105 si\u0119 m.in na Gaju przy ul. Krynickiej.<\/p>\n<p>&nbsp;<\/p>\n<p><a href=\"http:\/\/www.tvk-gaj.pl\/~gajonline\/wp-content\/uploads\/2016\/10\/fundacjadladobrychdziel.jpg\"><img loading=\"lazy\" decoding=\"async\" class=\"aligncenter size-full wp-image-8363\" src=\"http:\/\/www.tvk-gaj.pl\/~gajonline\/wp-content\/uploads\/2016\/10\/fundacjadladobrychdziel.jpg\" alt=\"fundacjadladobrychdziel\" width=\"769\" height=\"299\" srcset=\"https:\/\/online.tvk-gaj.pl\/wp-content\/uploads\/2016\/10\/fundacjadladobrychdziel.jpg 769w, https:\/\/online.tvk-gaj.pl\/wp-content\/uploads\/2016\/10\/fundacjadladobrychdziel-300x117.jpg 300w, https:\/\/online.tvk-gaj.pl\/wp-content\/uploads\/2016\/10\/fundacjadladobrychdziel-768x299.jpg 768w\" sizes=\"auto, (max-width: 769px) 100vw, 769px\" \/><\/a><\/p>\n<p>&nbsp;<\/p>\n<p>Szczeg\u00f3\u0142y w harmonogramach (ponie\u017cej) oraz na <a href=\"https:\/\/web.facebook.com\/Fundacja-Dla-Dobrych-Dzie%C5%82-799577526738691\/?ref=page_internal&amp;_rdr\" target=\"_blank\">profilu facebook&#8217;owym Fundacji<\/a>.<\/p>\n<p>&nbsp;<\/p>\n<p><a href=\"http:\/\/www.tvk-gaj.pl\/~gajonline\/wp-content\/uploads\/2016\/10\/fundacjadladobrychdziel1.jpg\"><img loading=\"lazy\" decoding=\"async\" class=\"aligncenter size-full wp-image-8364\" src=\"http:\/\/www.tvk-gaj.pl\/~gajonline\/wp-content\/uploads\/2016\/10\/fundacjadladobrychdziel1.jpg\" alt=\"fundacjadladobrychdziel1\" width=\"766\" height=\"533\" srcset=\"https:\/\/online.tvk-gaj.pl\/wp-content\/uploads\/2016\/10\/fundacjadladobrychdziel1.jpg 766w, https:\/\/online.tvk-gaj.pl\/wp-content\/uploads\/2016\/10\/fundacjadladobrychdziel1-300x209.jpg 300w\" sizes=\"auto, (max-width: 766px) 100vw, 766px\" \/><\/a><\/p>\n<p>&nbsp;<\/p>\n<p><a href=\"http:\/\/www.tvk-gaj.pl\/~gajonline\/wp-content\/uploads\/2016\/10\/fundacjadladobrychdziel2.jpg\"><img loading=\"lazy\" decoding=\"async\" class=\"aligncenter size-full wp-image-8365\" src=\"http:\/\/www.tvk-gaj.pl\/~gajonline\/wp-content\/uploads\/2016\/10\/fundacjadladobrychdziel2.jpg\" alt=\"fundacjadladobrychdziel2\" width=\"784\" height=\"529\" srcset=\"https:\/\/online.tvk-gaj.pl\/wp-content\/uploads\/2016\/10\/fundacjadladobrychdziel2.jpg 784w, https:\/\/online.tvk-gaj.pl\/wp-content\/uploads\/2016\/10\/fundacjadladobrychdziel2-300x202.jpg 300w, https:\/\/online.tvk-gaj.pl\/wp-content\/uploads\/2016\/10\/fundacjadladobrychdziel2-768x518.jpg 768w, https:\/\/online.tvk-gaj.pl\/wp-content\/uploads\/2016\/10\/fundacjadladobrychdziel2-140x94.jpg 140w\" sizes=\"auto, (max-width: 784px) 100vw, 784px\" \/><\/a><\/p>\n<p>&nbsp;<\/p>\n<p><strong>Rada Osiedla Gaj poleca!<\/strong><\/p>\n<p>&nbsp;<\/p>\n","protected":false},"excerpt":{"rendered":"<p>[Og\u0142oszenie partnerskie] Fundacja Dla Dobrych Dzie\u0144 zaprasza wszystkich ch\u0119tnych za zaj\u0119cia m.in. z pilates, zumby, ta\u0144ca i gimnastyki.<\/p>\n","protected":false},"author":1,"featured_media":8363,"comment_status":"open","ping_status":"open","sticky":false,"template":"","format":"standard","meta":{"footnotes":""},"categories":[14,441],"tags":[784,400,783,785,112,587,485,161,431,209,671,788,475,152,786,594,787],"class_list":["post-8362","post","type-post","status-publish","format-standard","has-post-thumbnail","hentry","category-aktualnosci","category-klub","tag-dla-dobrych-dziel","tag-dzieci","tag-fundacja","tag-fundacja-dla-dobrych-dziel","tag-gaj","tag-grafik","tag-harmonogram","tag-huby","tag-klub-seniora","tag-krynicka","tag-mlodziez","tag-pilates","tag-plan","tag-seniorzy","tag-taniec","tag-warsztaty","tag-zumba"],"_links":{"self":[{"href":"https:\/\/online.tvk-gaj.pl\/index.php?rest_route=\/wp\/v2\/posts\/8362","targetHints":{"allow":["GET"]}}],"collection":[{"href":"https:\/\/online.tvk-gaj.pl\/index.php?rest_route=\/wp\/v2\/posts"}],"about":[{"href":"https:\/\/online.tvk-gaj.pl\/index.php?rest_route=\/wp\/v2\/types\/post"}],"author":[{"embeddable":true,"href":"https:\/\/online.tvk-gaj.pl\/index.php?rest_route=\/wp\/v2\/users\/1"}],"replies":[{"embeddable":true,"href":"https:\/\/online.tvk-gaj.pl\/index.php?rest_route=%2Fwp%2Fv2%2Fcomments&post=8362"}],"version-history":[{"count":1,"href":"https:\/\/online.tvk-gaj.pl\/index.php?rest_route=\/wp\/v2\/posts\/8362\/revisions"}],"predecessor-version":[{"id":8366,"href":"https:\/\/online.tvk-gaj.pl\/index.php?rest_route=\/wp\/v2\/posts\/8362\/revisions\/8366"}],"wp:featuredmedia":[{"embeddable":true,"href":"https:\/\/online.tvk-gaj.pl\/index.php?rest_route=\/wp\/v2\/media\/8363"}],"wp:attachment":[{"href":"https:\/\/online.tvk-gaj.pl\/index.php?rest_route=%2Fwp%2Fv2%2Fmedia&parent=8362"}],"wp:term":[{"taxonomy":"category","embeddable":true,"href":"https:\/\/online.tvk-gaj.pl\/index.php?rest_route=%2Fwp%2Fv2%2Fcategories&post=8362"},{"taxonomy":"post_tag","embeddable":true,"href":"https:\/\/online.tvk-gaj.pl\/index.php?rest_route=%2Fwp%2Fv2%2Ftags&post=8362"}],"curies":[{"name":"wp","href":"https:\/\/api.w.org\/{rel}","templated":true}]}}