{"id":8482,"date":"2016-10-17T21:59:34","date_gmt":"2016-10-17T19:59:34","guid":{"rendered":"http:\/\/www.tvk-gaj.pl\/~gajonline\/?p=8482"},"modified":"2016-10-17T21:59:34","modified_gmt":"2016-10-17T19:59:34","slug":"25-lecie-szkoly-podstawowej-nr-90-im-prof-st-tolpy-na-gaju","status":"publish","type":"post","link":"https:\/\/online.tvk-gaj.pl\/?p=8482","title":{"rendered":"25-lecie Szko\u0142y Podstawowej Nr 90 im. prof. St. To\u0142py na Gaju"},"content":{"rendered":"<p>W tym roku Szko\u0142a Podstawowa Nr 90 przy ul. Orzechowej 62 obchodzi jubileusz 25 lecia istnienia. Zapraszamy do naszej galerii zdj\u0119\u0107 z uroczystych obchod\u00f3w tej rocznicy.\u00a0<!--more--><\/p>\n<p>&nbsp;<\/p>\n<p>W zwi\u0105zku ze \u015awi\u0119tem Nauczycieli, w pi\u0105tek, 14 pa\u017adziernika, odby\u0142 si\u0119 oficjalne obchody Dnia Nauczyciela oraz 25-lecia plac\u00f3wki. Na specjalnie przygotowanej akademii oraz cz\u0119\u015bci bankietowej pojawili si\u0119 m.in. przedstawiciele Rady Osiedla Gaj (Stefan Zydorowicz, Andrzej Nawrot, Adam Chodaczy\u0144ski, Jan Surma, Grzegorz Pytlarz), proboszcz Parafii pw. \u015awi\u0119tego Franciszka z Asy\u017cu z ul. Borowskiej oraz zaproszeni go\u015bcie.<\/p>\n<p>W niedziel\u0119, o godz. 11:30 w Ko\u015bciele parafialnym \u015aw. Franciszka z Asy\u017cu odby\u0142a si\u0119 za\u015b masz w intencji by\u0142ych oraz obecnych pracownik\u00f3w szko\u0142y oraz jej uczni\u00f3w.<\/p>\n<p>&nbsp;<\/p>\n<p><strong>Galeria zdj\u0119\u0107<\/strong><\/p>\n<p><img decoding=\"async\" class=\"ngg_displayed_gallery mceItem\" src=\"http:\/\/www.tvk-gaj.pl\/~gajonline\/index.php\/nextgen-attach_to_post\/preview\/id--8484\" data-mce-placeholder=\"1\" \/><\/p>\n<p>&nbsp;<\/p>\n","protected":false},"excerpt":{"rendered":"<p>W tym roku Szko\u0142a Podstawowa Nr 90 przy ul. Orzechowej 62 obchodzi jubileusz 25 lecia istnienia. Zapraszamy do naszej galerii zdj\u0119\u0107 z uroczystych obchod\u00f3w tej rocznicy.\u00a0<\/p>\n","protected":false},"author":1,"featured_media":8483,"comment_status":"open","ping_status":"open","sticky":false,"template":"","format":"standard","meta":{"footnotes":""},"categories":[14,12],"tags":[790,112,166,135,294,789,273,234,120,650],"class_list":["post-8482","post","type-post","status-publish","format-standard","has-post-thumbnail","hentry","category-aktualnosci","category-artykuly","tag-25-lecie","tag-gaj","tag-osiedle-gaj","tag-rada-osiedla-gaj","tag-relacja","tag-sp-90","tag-szkola","tag-szkola-podstawowa","tag-szkola-podstawowa-nr-90","tag-zdjecia"],"_links":{"self":[{"href":"https:\/\/online.tvk-gaj.pl\/index.php?rest_route=\/wp\/v2\/posts\/8482","targetHints":{"allow":["GET"]}}],"collection":[{"href":"https:\/\/online.tvk-gaj.pl\/index.php?rest_route=\/wp\/v2\/posts"}],"about":[{"href":"https:\/\/online.tvk-gaj.pl\/index.php?rest_route=\/wp\/v2\/types\/post"}],"author":[{"embeddable":true,"href":"https:\/\/online.tvk-gaj.pl\/index.php?rest_route=\/wp\/v2\/users\/1"}],"replies":[{"embeddable":true,"href":"https:\/\/online.tvk-gaj.pl\/index.php?rest_route=%2Fwp%2Fv2%2Fcomments&post=8482"}],"version-history":[{"count":2,"href":"https:\/\/online.tvk-gaj.pl\/index.php?rest_route=\/wp\/v2\/posts\/8482\/revisions"}],"predecessor-version":[{"id":8510,"href":"https:\/\/online.tvk-gaj.pl\/index.php?rest_route=\/wp\/v2\/posts\/8482\/revisions\/8510"}],"wp:featuredmedia":[{"embeddable":true,"href":"https:\/\/online.tvk-gaj.pl\/index.php?rest_route=\/wp\/v2\/media\/8483"}],"wp:attachment":[{"href":"https:\/\/online.tvk-gaj.pl\/index.php?rest_route=%2Fwp%2Fv2%2Fmedia&parent=8482"}],"wp:term":[{"taxonomy":"category","embeddable":true,"href":"https:\/\/online.tvk-gaj.pl\/index.php?rest_route=%2Fwp%2Fv2%2Fcategories&post=8482"},{"taxonomy":"post_tag","embeddable":true,"href":"https:\/\/online.tvk-gaj.pl\/index.php?rest_route=%2Fwp%2Fv2%2Ftags&post=8482"}],"curies":[{"name":"wp","href":"https:\/\/api.w.org\/{rel}","templated":true}]}}