{"id":8506,"date":"2016-10-28T14:07:29","date_gmt":"2016-10-28T12:07:29","guid":{"rendered":"http:\/\/www.tvk-gaj.pl\/~gajonline\/?p=8506"},"modified":"2016-11-10T09:34:29","modified_gmt":"2016-11-10T08:34:29","slug":"wszystkich-swietych-zmiany-w-komunikacji","status":"publish","type":"post","link":"https:\/\/online.tvk-gaj.pl\/?p=8506","title":{"rendered":"Wszystkich \u015awi\u0119tych &#8211; zmiany w komunikacji"},"content":{"rendered":"<p>Przedstawiamy szczeg\u00f3\u0142y zmian w organizacji ruchu i komunikacji miejskiej zwi\u0105zanych z obchodami \u015awi\u0119ta Wszystkich \u015awi\u0119tych. Zmiany w ruchu drogowym, po\u0142\u0105czone z coroczn\u0105 akcj\u0105 policji pod kryptonimem &#8222;Znicz&#8221;, potrwaj\u0105 od pi\u0105tku 28 pa\u017adziernika, do \u015brody, 2 listopada. Prezentujemy informacje istotne dla mieszka\u0144c\u00f3w Gaju.<!--more--><\/p>\n<p>Na terenie osiedla znajduj\u0105 si\u0119 dwa cmentarze parafialne \u2013 \u015aw. Ducha na ul. Bardziej oraz \u015aw. Maurycego na ul. Dzia\u0142kowej (pod kt\u00f3ry podlega te\u017c Parafia \u015aw. Franciszka z Asy\u017cu z ul Borowskiej).<\/p>\n<p>&nbsp;<\/p>\n<h2><strong>Cmentarz ul. Bardzka<\/strong><\/h2>\n<p>&nbsp;<\/p>\n<p><a href=\"http:\/\/www.tvk-gaj.pl\/~gajonline\/wp-content\/uploads\/2015\/10\/cmentarz-przy-bardzkiej.jpg\"><img loading=\"lazy\" decoding=\"async\" class=\"aligncenter size-full wp-image-5148\" src=\"http:\/\/www.tvk-gaj.pl\/~gajonline\/wp-content\/uploads\/2015\/10\/cmentarz-przy-bardzkiej.jpg\" alt=\"cmentarz-przy-bardzkiej\" width=\"626\" height=\"417\" srcset=\"https:\/\/online.tvk-gaj.pl\/wp-content\/uploads\/2015\/10\/cmentarz-przy-bardzkiej.jpg 626w, https:\/\/online.tvk-gaj.pl\/wp-content\/uploads\/2015\/10\/cmentarz-przy-bardzkiej-300x200.jpg 300w, https:\/\/online.tvk-gaj.pl\/wp-content\/uploads\/2015\/10\/cmentarz-przy-bardzkiej-321x214.jpg 321w, https:\/\/online.tvk-gaj.pl\/wp-content\/uploads\/2015\/10\/cmentarz-przy-bardzkiej-140x94.jpg 140w\" sizes=\"auto, (max-width: 626px) 100vw, 626px\" \/><\/a><\/p>\n<p>&nbsp;<\/p>\n<p>W obr\u0119bie tej nekropolii zmiany w organizacji ruchu zostan\u0105 wprowadzone wy\u0142\u0105cznie 1 listopada.&nbsp;<\/p>\n<p><strong>PARKOWANIE<\/strong><br \/>\nW rejonie cmentarza przy ul. Bardzkiej zorganizowany zostanie parking p\u0142atny na terenie nale\u017c\u0105cym do Przedsi\u0119biorstwa Handlu Chemikaliami Chemia \u2013 Wroc\u0142aw S.A. przy ulicy Buforowej 2. Ponadto&nbsp;cz\u0119\u015b\u0107 jezdni ul. Morwowej przeznaczona zostanie do parkowania.<\/p>\n<p><strong>RUCH DROGOWY<\/strong><br \/>\nNa ul. Morwowej w dniu 1.11 zostanie wprowadzony jeden kierunek ruchu pojazd\u00f3w &#8211; od ul. Bardzkiej do ul. Tarnogajskiej.<\/p>\n<p><strong>KOMUNIKACJA MIEJSKA<\/strong><br \/>\nNa cmentarz dojecha\u0107 mo\u017cna autobusami linii 125, 133, 134, 136, 145, 146 oraz specjalnymi liniami tramwajowymi i autobusowymi: E8, 334,&nbsp;<\/p>\n<p>&nbsp;<\/p>\n<p>&nbsp;<\/p>\n<p><a href=\"http:\/\/www.tvk-gaj.pl\/~gajonline\/wp-content\/uploads\/2016\/10\/580f4d76496f2_o.jpg\"><img loading=\"lazy\" decoding=\"async\" class=\"aligncenter size-full wp-image-8508\" src=\"http:\/\/www.tvk-gaj.pl\/~gajonline\/wp-content\/uploads\/2016\/10\/580f4d76496f2_o.jpg\" alt=\"580f4d76496f2_o\" width=\"711\" height=\"525\" srcset=\"https:\/\/online.tvk-gaj.pl\/wp-content\/uploads\/2016\/10\/580f4d76496f2_o.jpg 711w, https:\/\/online.tvk-gaj.pl\/wp-content\/uploads\/2016\/10\/580f4d76496f2_o-300x222.jpg 300w\" sizes=\"auto, (max-width: 711px) 100vw, 711px\" \/><\/a><\/p>\n<p>&nbsp;<\/p>\n<h2><strong>Cmentarz ul. Dzia\u0142kowa<\/strong><\/h2>\n<p>&nbsp;<\/p>\n<p><a href=\"http:\/\/www.tvk-gaj.pl\/~gajonline\/wp-content\/uploads\/2015\/10\/14.jpg\"><img loading=\"lazy\" decoding=\"async\" class=\"size-large wp-image-5150 aligncenter\" src=\"http:\/\/www.tvk-gaj.pl\/~gajonline\/wp-content\/uploads\/2015\/10\/14-1024x768.jpg\" alt=\"OLYMPUS DIGITAL CAMERA\" width=\"838\" height=\"629\" srcset=\"https:\/\/online.tvk-gaj.pl\/wp-content\/uploads\/2015\/10\/14-1024x768.jpg 1024w, https:\/\/online.tvk-gaj.pl\/wp-content\/uploads\/2015\/10\/14-300x225.jpg 300w, https:\/\/online.tvk-gaj.pl\/wp-content\/uploads\/2015\/10\/14.jpg 2048w\" sizes=\"auto, (max-width: 838px) 100vw, 838px\" \/><br \/>\n<\/a><\/p>\n<p><a href=\"http:\/\/www.tvk-gaj.pl\/~gajonline\/wp-content\/uploads\/2013\/10\/2013-10-31-13.25.46.jpg\"><img loading=\"lazy\" decoding=\"async\" class=\"aligncenter size-large wp-image-1724\" src=\"http:\/\/www.tvk-gaj.pl\/~gajonline\/wp-content\/uploads\/2013\/10\/2013-10-31-13.25.46-1024x576.jpg\" alt=\"2013-10-31 13.25.46\" width=\"838\" height=\"471\" srcset=\"https:\/\/online.tvk-gaj.pl\/wp-content\/uploads\/2013\/10\/2013-10-31-13.25.46-1024x576.jpg 1024w, https:\/\/online.tvk-gaj.pl\/wp-content\/uploads\/2013\/10\/2013-10-31-13.25.46-300x168.jpg 300w, https:\/\/online.tvk-gaj.pl\/wp-content\/uploads\/2013\/10\/2013-10-31-13.25.46.jpg 1536w\" sizes=\"auto, (max-width: 838px) 100vw, 838px\" \/><\/a><\/p>\n<p>&nbsp;<\/p>\n<p><strong>PARKOWANIE<\/strong><br \/>\nPrzy cmentarzu Policja wprowadzi zakaz zatrzymywania si\u0119 pojazd\u00f3w.<\/p>\n<p><strong>RUCH DROGOWY<\/strong><br \/>\nNie b\u0119dzie zamian w organizacji ruchu dla cmentarza \u201eSkowronia G\u00f3ra\u201d przy ul. Dzia\u0142kowej.<\/p>\n<p><strong>KOMUNIKACJA MIEJSKA<\/strong><br \/>\nDo cmentarza mo\u017cna dojecha\u0107 autobusami linii 136, 145, 146, K, 112, 113, 612 oraz tramwajami linii 31, 32.<\/p>\n<p>&nbsp;<\/p>\n<h2>Komunikacja miejska<\/h2>\n<p>&nbsp;<\/p>\n<p><a href=\"http:\/\/www.tvk-gaj.pl\/~gajonline\/wp-content\/uploads\/2016\/10\/main_topic_750x3902.jpg\"><img loading=\"lazy\" decoding=\"async\" class=\"aligncenter size-full wp-image-8507\" src=\"http:\/\/www.tvk-gaj.pl\/~gajonline\/wp-content\/uploads\/2016\/10\/main_topic_750x3902.jpg\" alt=\"main_topic_750x3902\" width=\"750\" height=\"390\" srcset=\"https:\/\/online.tvk-gaj.pl\/wp-content\/uploads\/2016\/10\/main_topic_750x3902.jpg 750w, https:\/\/online.tvk-gaj.pl\/wp-content\/uploads\/2016\/10\/main_topic_750x3902-300x156.jpg 300w\" sizes=\"auto, (max-width: 750px) 100vw, 750px\" \/><\/a><\/p>\n<p>&nbsp;<\/p>\n<p>Od soboty b\u0119d\u0105 te\u017c kursowa\u0142y dodatkowe linie tramwajowe i autobusowe na wroc\u0142awskie nekropolie.&nbsp;<\/p>\n<p>Wi\u0119cej informacji na temat komunikacji miejskiej we Wszystkich \u015awi\u0119tych<a href=\"http:\/\/www.wroclaw.pl\/portal\/cmentarze-wroclaw-na-wszystkich-swietych-2016\" target=\"_blank\"> znajduje si\u0119 na stronie miasta<\/a>&nbsp;oraz <a href=\"http:\/\/mpk.wroc.pl\/content\/komunikacja-w-okresie-wszystkich-%C5%9Bwi%C4%99tych-2016-0\" target=\"_blank\">stronie MPK Wroc\u0142aw<\/a>.&nbsp;<\/p>\n<p>&nbsp;<\/p>\n","protected":false},"excerpt":{"rendered":"<p>Przedstawiamy szczeg\u00f3\u0142y zmian w organizacji ruchu i komunikacji miejskiej zwi\u0105zanych z obchodami \u015awi\u0119ta Wszystkich \u015awi\u0119tych. Zmiany w ruchu drogowym, po\u0142\u0105czone z coroczn\u0105 akcj\u0105 policji pod kryptonimem &#8222;Znicz&#8221;, potrwaj\u0105 od pi\u0105tku 28 pa\u017adziernika, do \u015brody, 2 listopada. Prezentujemy informacje istotne dla mieszka\u0144c\u00f3w Gaju.<\/p>\n","protected":false},"author":1,"featured_media":5150,"comment_status":"open","ping_status":"open","sticky":false,"template":"","format":"standard","meta":{"footnotes":""},"categories":[14],"tags":[364,799,197,113,545,801,800,112,123,156,166,544,194,148,798,121,366],"class_list":["post-8506","post","type-post","status-publish","format-standard","has-post-thumbnail","hentry","category-aktualnosci","tag-1-listopada","tag-akcja-znicz","tag-bardzka","tag-borowska","tag-cmentarz-na-bardzkiej","tag-cmentarz-na-dzialkowej","tag-cmentarze","tag-gaj","tag-komunikacja-miejska","tag-mpk","tag-osiedle-gaj","tag-parafia-sw-ducha","tag-parafia-sw-franciszka-z-asyzu","tag-policja","tag-swieto-zmarlych","tag-wszystkich-swietych","tag-zmiany-w-komunikacji"],"_links":{"self":[{"href":"https:\/\/online.tvk-gaj.pl\/index.php?rest_route=\/wp\/v2\/posts\/8506","targetHints":{"allow":["GET"]}}],"collection":[{"href":"https:\/\/online.tvk-gaj.pl\/index.php?rest_route=\/wp\/v2\/posts"}],"about":[{"href":"https:\/\/online.tvk-gaj.pl\/index.php?rest_route=\/wp\/v2\/types\/post"}],"author":[{"embeddable":true,"href":"https:\/\/online.tvk-gaj.pl\/index.php?rest_route=\/wp\/v2\/users\/1"}],"replies":[{"embeddable":true,"href":"https:\/\/online.tvk-gaj.pl\/index.php?rest_route=%2Fwp%2Fv2%2Fcomments&post=8506"}],"version-history":[{"count":3,"href":"https:\/\/online.tvk-gaj.pl\/index.php?rest_route=\/wp\/v2\/posts\/8506\/revisions"}],"predecessor-version":[{"id":8512,"href":"https:\/\/online.tvk-gaj.pl\/index.php?rest_route=\/wp\/v2\/posts\/8506\/revisions\/8512"}],"wp:featuredmedia":[{"embeddable":true,"href":"https:\/\/online.tvk-gaj.pl\/index.php?rest_route=\/wp\/v2\/media\/5150"}],"wp:attachment":[{"href":"https:\/\/online.tvk-gaj.pl\/index.php?rest_route=%2Fwp%2Fv2%2Fmedia&parent=8506"}],"wp:term":[{"taxonomy":"category","embeddable":true,"href":"https:\/\/online.tvk-gaj.pl\/index.php?rest_route=%2Fwp%2Fv2%2Fcategories&post=8506"},{"taxonomy":"post_tag","embeddable":true,"href":"https:\/\/online.tvk-gaj.pl\/index.php?rest_route=%2Fwp%2Fv2%2Ftags&post=8506"}],"curies":[{"name":"wp","href":"https:\/\/api.w.org\/{rel}","templated":true}]}}