{"id":8537,"date":"2016-11-15T20:23:08","date_gmt":"2016-11-15T19:23:08","guid":{"rendered":"http:\/\/www.tvk-gaj.pl\/~gajonline\/?p=8537"},"modified":"2016-11-15T20:26:23","modified_gmt":"2016-11-15T19:26:23","slug":"trwa-realizacja-zwycieskich-projektow-wbo","status":"publish","type":"post","link":"https:\/\/online.tvk-gaj.pl\/?p=8537","title":{"rendered":"Trwa realizacja zwyci\u0119skich projekt\u00f3w WBO"},"content":{"rendered":"<p>Za nami wyniki g\u0142osowania w tegorocznej edycji wroc\u0142awskiego &nbsp;bud\u017cetu obywatelskiego. Co jednak dzieje si\u0119 ze zwyci\u0119skimi projektami z ubieg\u0142ego roku? Postanowili\u015bmy to sprawdzi\u0107!<!--more--><\/p>\n<p>&nbsp;<\/p>\n<p><strong>Wzg\u00f3rze Gajowe<\/strong><\/p>\n<p><img loading=\"lazy\" decoding=\"async\" class=\"aligncenter size-full wp-image-8539\" src=\"http:\/\/www.tvk-gaj.pl\/~gajonline\/wp-content\/uploads\/2016\/11\/wbo2-725x1024.jpg\" alt=\"wbo2-725x1024\" width=\"725\" height=\"363\" srcset=\"https:\/\/online.tvk-gaj.pl\/wp-content\/uploads\/2016\/11\/wbo2-725x1024.jpg 725w, https:\/\/online.tvk-gaj.pl\/wp-content\/uploads\/2016\/11\/wbo2-725x1024-300x150.jpg 300w, https:\/\/online.tvk-gaj.pl\/wp-content\/uploads\/2016\/11\/wbo2-725x1024-319x160.jpg 319w\" sizes=\"auto, (max-width: 725px) 100vw, 725px\" \/><\/p>\n<p>&nbsp;<\/p>\n<p>&nbsp;<\/p>\n<p>W po\u0142owie listopada Zarz\u0105d Zieleni Miejskiej we Wroc\u0142awiu poinformowa\u0142 o rozpocz\u0119ciu rob\u00f3t budowlanych zwi\u0105zanych z realizacj\u0105 zadania pn.: \u201e<b>Przebudowa i remont zagospodarowania terenu parku przy ul. \u015awieradowskiej we Wroc\u0142awiu<\/b>\u201d. Jest to realizacja projektu nr 67 z WBO 2015. Na ten projekt g\u0142osy odda\u0142o&nbsp;<strong>2921 mieszka\u0144c\u00f3w.<\/strong><\/p>\n<p>&nbsp;<\/p>\n<p><img loading=\"lazy\" decoding=\"async\" class=\"aligncenter size-large wp-image-8540\" src=\"http:\/\/www.tvk-gaj.pl\/~gajonline\/wp-content\/uploads\/2016\/11\/zzm_wzgorzegajowe-1024x885.png\" alt=\"zzm_wzgorzegajowe\" width=\"838\" height=\"724\" srcset=\"https:\/\/online.tvk-gaj.pl\/wp-content\/uploads\/2016\/11\/zzm_wzgorzegajowe-1024x885.png 1024w, https:\/\/online.tvk-gaj.pl\/wp-content\/uploads\/2016\/11\/zzm_wzgorzegajowe-300x259.png 300w, https:\/\/online.tvk-gaj.pl\/wp-content\/uploads\/2016\/11\/zzm_wzgorzegajowe-768x664.png 768w, https:\/\/online.tvk-gaj.pl\/wp-content\/uploads\/2016\/11\/zzm_wzgorzegajowe.png 1093w\" sizes=\"auto, (max-width: 838px) 100vw, 838px\" \/><\/p>\n<p>&nbsp;<\/p>\n<p>&nbsp;<\/p>\n<p><strong>Plac zabaw przy ul. Krynickiej<\/strong><\/p>\n<p><a href=\"http:\/\/www.tvk-gaj.pl\/~gajonline\/wp-content\/uploads\/2016\/11\/wbo2016_krynickapodworko.png\"><img loading=\"lazy\" decoding=\"async\" class=\"aligncenter size-full wp-image-8542\" src=\"http:\/\/www.tvk-gaj.pl\/~gajonline\/wp-content\/uploads\/2016\/11\/wbo2016_krynickapodworko.png\" alt=\"wbo2016_krynickapodworko\" width=\"881\" height=\"312\" srcset=\"https:\/\/online.tvk-gaj.pl\/wp-content\/uploads\/2016\/11\/wbo2016_krynickapodworko.png 881w, https:\/\/online.tvk-gaj.pl\/wp-content\/uploads\/2016\/11\/wbo2016_krynickapodworko-300x106.png 300w, https:\/\/online.tvk-gaj.pl\/wp-content\/uploads\/2016\/11\/wbo2016_krynickapodworko-768x272.png 768w\" sizes=\"auto, (max-width: 881px) 100vw, 881px\" \/><\/a><\/p>\n<p>&nbsp;<\/p>\n<p>Miasto poinformowa\u0142o o rozpocz\u0119ciu prac projektowych zwi\u0105zanych z <strong>budow\u0105 placu zabaw w podw\u00f3rku przy ul. Krynickiej<\/strong>. Projekt zg\u0142oszony do tegorocznej edycji WBO uzyska\u0142 <strong>695 g\u0142os\u00f3w<\/strong>.&nbsp;<\/p>\n<p>&nbsp;<\/p>\n<p><a href=\"http:\/\/www.tvk-gaj.pl\/~gajonline\/wp-content\/uploads\/2016\/11\/Krynicka-54-wiz_1-1-1.jpg\"><img loading=\"lazy\" decoding=\"async\" class=\"aligncenter size-large wp-image-8543\" src=\"http:\/\/www.tvk-gaj.pl\/~gajonline\/wp-content\/uploads\/2016\/11\/Krynicka-54-wiz_1-1-1-1024x415.jpg\" alt=\"krynicka-54-wiz_1-1\" width=\"838\" height=\"340\" srcset=\"https:\/\/online.tvk-gaj.pl\/wp-content\/uploads\/2016\/11\/Krynicka-54-wiz_1-1-1-1024x415.jpg 1024w, https:\/\/online.tvk-gaj.pl\/wp-content\/uploads\/2016\/11\/Krynicka-54-wiz_1-1-1-300x122.jpg 300w, https:\/\/online.tvk-gaj.pl\/wp-content\/uploads\/2016\/11\/Krynicka-54-wiz_1-1-1-768x311.jpg 768w\" sizes=\"auto, (max-width: 838px) 100vw, 838px\" \/><\/a><\/p>\n<p><a href=\"http:\/\/www.tvk-gaj.pl\/~gajonline\/wp-content\/uploads\/2016\/11\/wbo2016_placzabawkrynicka.png\"><img loading=\"lazy\" decoding=\"async\" class=\"aligncenter size-large wp-image-8544\" src=\"http:\/\/www.tvk-gaj.pl\/~gajonline\/wp-content\/uploads\/2016\/11\/wbo2016_placzabawkrynicka-1024x633.png\" alt=\"wbo2016_placzabawkrynicka\" width=\"838\" height=\"518\" srcset=\"https:\/\/online.tvk-gaj.pl\/wp-content\/uploads\/2016\/11\/wbo2016_placzabawkrynicka-1024x633.png 1024w, https:\/\/online.tvk-gaj.pl\/wp-content\/uploads\/2016\/11\/wbo2016_placzabawkrynicka-300x185.png 300w, https:\/\/online.tvk-gaj.pl\/wp-content\/uploads\/2016\/11\/wbo2016_placzabawkrynicka-768x475.png 768w, https:\/\/online.tvk-gaj.pl\/wp-content\/uploads\/2016\/11\/wbo2016_placzabawkrynicka.png 1514w\" sizes=\"auto, (max-width: 838px) 100vw, 838px\" \/><\/a><\/p>\n<p>&nbsp;<\/p>\n<p>Plac oddany ma zosta\u0107 do u\u017cytku na wiosn\u0119 2017r.<\/p>\n<p>&nbsp;<\/p>\n<p><strong>O realizacji pozosta\u0142ych projekt\u00f3w b\u0119dziemy Was na bie\u017c\u0105co informowa\u0107!<\/strong><\/p>\n<p>&nbsp;<\/p>\n<p>&nbsp;<\/p>\n","protected":false},"excerpt":{"rendered":"<p>Za nami wyniki g\u0142osowania w tegorocznej edycji wroc\u0142awskiego &nbsp;bud\u017cetu obywatelskiego. Co jednak dzieje si\u0119 ze zwyci\u0119skimi projektami z ubieg\u0142ego roku? Postanowili\u015bmy to sprawdzi\u0107!<\/p>\n","protected":false},"author":1,"featured_media":8538,"comment_status":"open","ping_status":"open","sticky":false,"template":"","format":"standard","meta":{"footnotes":""},"categories":[14,12],"tags":[158,112,209,443,809,135,117,275,419,775,344,301,808],"class_list":["post-8537","post","type-post","status-publish","format-standard","has-post-thumbnail","hentry","category-aktualnosci","category-artykuly","tag-budowa","tag-gaj","tag-krynicka","tag-park","tag-plac-zabaw","tag-rada-osiedla-gaj","tag-swieradowska","tag-wbo","tag-wbo-2015","tag-wbo-2016","tag-wroclawski-budzet-obywatelski","tag-wzgorze-gajowe","tag-zagospodarowanie-terenu"],"_links":{"self":[{"href":"https:\/\/online.tvk-gaj.pl\/index.php?rest_route=\/wp\/v2\/posts\/8537","targetHints":{"allow":["GET"]}}],"collection":[{"href":"https:\/\/online.tvk-gaj.pl\/index.php?rest_route=\/wp\/v2\/posts"}],"about":[{"href":"https:\/\/online.tvk-gaj.pl\/index.php?rest_route=\/wp\/v2\/types\/post"}],"author":[{"embeddable":true,"href":"https:\/\/online.tvk-gaj.pl\/index.php?rest_route=\/wp\/v2\/users\/1"}],"replies":[{"embeddable":true,"href":"https:\/\/online.tvk-gaj.pl\/index.php?rest_route=%2Fwp%2Fv2%2Fcomments&post=8537"}],"version-history":[{"count":3,"href":"https:\/\/online.tvk-gaj.pl\/index.php?rest_route=\/wp\/v2\/posts\/8537\/revisions"}],"predecessor-version":[{"id":8547,"href":"https:\/\/online.tvk-gaj.pl\/index.php?rest_route=\/wp\/v2\/posts\/8537\/revisions\/8547"}],"wp:featuredmedia":[{"embeddable":true,"href":"https:\/\/online.tvk-gaj.pl\/index.php?rest_route=\/wp\/v2\/media\/8538"}],"wp:attachment":[{"href":"https:\/\/online.tvk-gaj.pl\/index.php?rest_route=%2Fwp%2Fv2%2Fmedia&parent=8537"}],"wp:term":[{"taxonomy":"category","embeddable":true,"href":"https:\/\/online.tvk-gaj.pl\/index.php?rest_route=%2Fwp%2Fv2%2Fcategories&post=8537"},{"taxonomy":"post_tag","embeddable":true,"href":"https:\/\/online.tvk-gaj.pl\/index.php?rest_route=%2Fwp%2Fv2%2Ftags&post=8537"}],"curies":[{"name":"wp","href":"https:\/\/api.w.org\/{rel}","templated":true}]}}