{"id":8549,"date":"2016-11-24T22:56:56","date_gmt":"2016-11-24T21:56:56","guid":{"rendered":"http:\/\/www.tvk-gaj.pl\/~gajonline\/?p=8549"},"modified":"2016-11-25T09:09:00","modified_gmt":"2016-11-25T08:09:00","slug":"klub-seniora-z-gaju-przygotowuje-sie-juz-do-swiat","status":"publish","type":"post","link":"https:\/\/online.tvk-gaj.pl\/?p=8549","title":{"rendered":"Klub Seniora z Gaju przygotowuje si\u0119 ju\u017c do \u015awi\u0105t! [Plan na grudzie\u0144]"},"content":{"rendered":"<p>Seniorzy z Klubu Seniora dzia\u0142aj\u0105cego przy Radzie Osiedla Gaj ju\u017c szykuj\u0105 si\u0119 do nadchodz\u0105cych coraz wi\u0119kszymi krokami \u015awi\u0105t Bo\u017cego Narodzenia. W jaki spos\u00f3b? Zobaczcie sami! [Dodatkowo plan spotka\u0144 Klubu na grudzie\u0144]<\/p>\n<p><!--more--><\/p>\n<p>Podczas listopadowych spotka\u0144 Klubu Seniora na Gaju seniorzy z osiedla na warsztatach r\u0119kodzielniczych tworzyli \u015bwi\u0105teczne ozdoby. Bombki, \u015bwieczki, ozdoby choinkowe.&nbsp;<\/p>\n<p>&nbsp;<\/p>\n<p><a href=\"http:\/\/www.tvk-gaj.pl\/~gajonline\/wp-content\/uploads\/2016\/11\/IMG-20161118-WA0003-1.jpg\"><img loading=\"lazy\" decoding=\"async\" class=\"aligncenter size-large wp-image-8558\" src=\"http:\/\/www.tvk-gaj.pl\/~gajonline\/wp-content\/uploads\/2016\/11\/IMG-20161118-WA0003-1-1024x575.jpg\" alt=\"img-20161118-wa0003\" width=\"838\" height=\"471\" srcset=\"https:\/\/online.tvk-gaj.pl\/wp-content\/uploads\/2016\/11\/IMG-20161118-WA0003-1-1024x575.jpg 1024w, https:\/\/online.tvk-gaj.pl\/wp-content\/uploads\/2016\/11\/IMG-20161118-WA0003-1-300x168.jpg 300w, https:\/\/online.tvk-gaj.pl\/wp-content\/uploads\/2016\/11\/IMG-20161118-WA0003-1-768x431.jpg 768w, https:\/\/online.tvk-gaj.pl\/wp-content\/uploads\/2016\/11\/IMG-20161118-WA0003-1.jpg 1600w\" sizes=\"auto, (max-width: 838px) 100vw, 838px\" \/><\/a><\/p>\n<p>&nbsp;<\/p>\n<p>Jednym s\u0142owem &#8211; winter is coming:)&nbsp;<\/p>\n<p>&nbsp;<\/p>\n<p><strong>Wszystkich zainteresowanych spotkaniami Klubu odsy\u0142amy do planu spotka\u0144 na grudzie\u0144:<\/strong><\/p>\n<p>&nbsp;<\/p>\n<p><a href=\"http:\/\/www.tvk-gaj.pl\/~gajonline\/wp-content\/uploads\/2016\/11\/grudzie\u0144-harmonogram.jpg\"><img loading=\"lazy\" decoding=\"async\" class=\"aligncenter size-large wp-image-8566\" src=\"http:\/\/www.tvk-gaj.pl\/~gajonline\/wp-content\/uploads\/2016\/11\/grudzie\u0144-harmonogram-724x1024.jpg\" alt=\"grudzien-harmonogram\" width=\"724\" height=\"1024\" srcset=\"https:\/\/online.tvk-gaj.pl\/wp-content\/uploads\/2016\/11\/grudzie\u0144-harmonogram-724x1024.jpg 724w, https:\/\/online.tvk-gaj.pl\/wp-content\/uploads\/2016\/11\/grudzie\u0144-harmonogram-212x300.jpg 212w, https:\/\/online.tvk-gaj.pl\/wp-content\/uploads\/2016\/11\/grudzie\u0144-harmonogram-768x1086.jpg 768w\" sizes=\"auto, (max-width: 724px) 100vw, 724px\" \/><\/a><\/p>\n<p>&nbsp;<\/p>\n<p>&nbsp;<\/p>\n<p><strong>Galeria zdj\u0119\u0107 ze \u015bwi\u0105tecznych warsztat\u00f3w r\u0119kodzielniczych:<\/strong><\/p>\n<p>&nbsp;<\/p>\n<p><a href=\"http:\/\/www.tvk-gaj.pl\/~gajonline\/wp-content\/uploads\/2016\/11\/IMG-20161118-WA0003-1.jpg\"><img loading=\"lazy\" decoding=\"async\" class=\"aligncenter size-large wp-image-8558\" src=\"http:\/\/www.tvk-gaj.pl\/~gajonline\/wp-content\/uploads\/2016\/11\/IMG-20161118-WA0003-1-1024x575.jpg\" alt=\"img-20161118-wa0003\" width=\"838\" height=\"471\" srcset=\"https:\/\/online.tvk-gaj.pl\/wp-content\/uploads\/2016\/11\/IMG-20161118-WA0003-1-1024x575.jpg 1024w, https:\/\/online.tvk-gaj.pl\/wp-content\/uploads\/2016\/11\/IMG-20161118-WA0003-1-300x168.jpg 300w, https:\/\/online.tvk-gaj.pl\/wp-content\/uploads\/2016\/11\/IMG-20161118-WA0003-1-768x431.jpg 768w, https:\/\/online.tvk-gaj.pl\/wp-content\/uploads\/2016\/11\/IMG-20161118-WA0003-1.jpg 1600w\" sizes=\"auto, (max-width: 838px) 100vw, 838px\" \/><\/a><\/p>\n<p><a href=\"http:\/\/www.tvk-gaj.pl\/~gajonline\/wp-content\/uploads\/2016\/11\/IMG-20161118-WA0002.jpg\"><img loading=\"lazy\" decoding=\"async\" class=\"aligncenter size-large wp-image-8557\" src=\"http:\/\/www.tvk-gaj.pl\/~gajonline\/wp-content\/uploads\/2016\/11\/IMG-20161118-WA0002-1024x575.jpg\" alt=\"img-20161118-wa0002\" width=\"838\" height=\"471\" srcset=\"https:\/\/online.tvk-gaj.pl\/wp-content\/uploads\/2016\/11\/IMG-20161118-WA0002-1024x575.jpg 1024w, https:\/\/online.tvk-gaj.pl\/wp-content\/uploads\/2016\/11\/IMG-20161118-WA0002-300x168.jpg 300w, https:\/\/online.tvk-gaj.pl\/wp-content\/uploads\/2016\/11\/IMG-20161118-WA0002-768x431.jpg 768w, https:\/\/online.tvk-gaj.pl\/wp-content\/uploads\/2016\/11\/IMG-20161118-WA0002.jpg 1600w\" sizes=\"auto, (max-width: 838px) 100vw, 838px\" \/><\/a><\/p>\n<p><a href=\"http:\/\/www.tvk-gaj.pl\/~gajonline\/wp-content\/uploads\/2016\/11\/IMG-20161110-WA0005.jpg\"><img loading=\"lazy\" decoding=\"async\" class=\"aligncenter size-large wp-image-8555\" src=\"http:\/\/www.tvk-gaj.pl\/~gajonline\/wp-content\/uploads\/2016\/11\/IMG-20161110-WA0005-1024x366.jpg\" alt=\"img-20161110-wa0005\" width=\"838\" height=\"300\" srcset=\"https:\/\/online.tvk-gaj.pl\/wp-content\/uploads\/2016\/11\/IMG-20161110-WA0005-1024x366.jpg 1024w, https:\/\/online.tvk-gaj.pl\/wp-content\/uploads\/2016\/11\/IMG-20161110-WA0005-300x107.jpg 300w, https:\/\/online.tvk-gaj.pl\/wp-content\/uploads\/2016\/11\/IMG-20161110-WA0005-768x275.jpg 768w, https:\/\/online.tvk-gaj.pl\/wp-content\/uploads\/2016\/11\/IMG-20161110-WA0005-578x208.jpg 578w, https:\/\/online.tvk-gaj.pl\/wp-content\/uploads\/2016\/11\/IMG-20161110-WA0005.jpg 1600w\" sizes=\"auto, (max-width: 838px) 100vw, 838px\" \/><\/a><\/p>\n<p><a href=\"http:\/\/www.tvk-gaj.pl\/~gajonline\/wp-content\/uploads\/2016\/11\/IMG-20161110-WA0002.jpg\"><img loading=\"lazy\" decoding=\"async\" class=\"aligncenter size-large wp-image-8552\" src=\"http:\/\/www.tvk-gaj.pl\/~gajonline\/wp-content\/uploads\/2016\/11\/IMG-20161110-WA0002-884x1024.jpg\" alt=\"img-20161110-wa0002\" width=\"838\" height=\"971\" srcset=\"https:\/\/online.tvk-gaj.pl\/wp-content\/uploads\/2016\/11\/IMG-20161110-WA0002-884x1024.jpg 884w, https:\/\/online.tvk-gaj.pl\/wp-content\/uploads\/2016\/11\/IMG-20161110-WA0002-259x300.jpg 259w, https:\/\/online.tvk-gaj.pl\/wp-content\/uploads\/2016\/11\/IMG-20161110-WA0002-768x889.jpg 768w, https:\/\/online.tvk-gaj.pl\/wp-content\/uploads\/2016\/11\/IMG-20161110-WA0002.jpg 1382w\" sizes=\"auto, (max-width: 838px) 100vw, 838px\" \/><\/a><\/p>\n<p>&nbsp;<\/p>\n<p>&nbsp;<\/p>\n<p>&nbsp;<\/p>\n<p>&nbsp;<\/p>\n","protected":false},"excerpt":{"rendered":"<p>Seniorzy z Klubu Seniora dzia\u0142aj\u0105cego przy Radzie Osiedla Gaj ju\u017c szykuj\u0105 si\u0119 do nadchodz\u0105cych coraz wi\u0119kszymi krokami \u015awi\u0105t Bo\u017cego Narodzenia. W jaki spos\u00f3b? Zobaczcie sami! [Dodatkowo plan spotka\u0144 Klubu na grudzie\u0144]<\/p>\n","protected":false},"author":1,"featured_media":8550,"comment_status":"open","ping_status":"open","sticky":false,"template":"","format":"standard","meta":{"footnotes":""},"categories":[14,12,441],"tags":[112,431,421,166,135,152,810],"class_list":["post-8549","post","type-post","status-publish","format-standard","has-post-thumbnail","hentry","category-aktualnosci","category-artykuly","category-klub","tag-gaj","tag-klub-seniora","tag-klub-seniora-na-gaju","tag-osiedle-gaj","tag-rada-osiedla-gaj","tag-seniorzy","tag-seniorzy-z-gaju"],"_links":{"self":[{"href":"https:\/\/online.tvk-gaj.pl\/index.php?rest_route=\/wp\/v2\/posts\/8549","targetHints":{"allow":["GET"]}}],"collection":[{"href":"https:\/\/online.tvk-gaj.pl\/index.php?rest_route=\/wp\/v2\/posts"}],"about":[{"href":"https:\/\/online.tvk-gaj.pl\/index.php?rest_route=\/wp\/v2\/types\/post"}],"author":[{"embeddable":true,"href":"https:\/\/online.tvk-gaj.pl\/index.php?rest_route=\/wp\/v2\/users\/1"}],"replies":[{"embeddable":true,"href":"https:\/\/online.tvk-gaj.pl\/index.php?rest_route=%2Fwp%2Fv2%2Fcomments&post=8549"}],"version-history":[{"count":10,"href":"https:\/\/online.tvk-gaj.pl\/index.php?rest_route=\/wp\/v2\/posts\/8549\/revisions"}],"predecessor-version":[{"id":8569,"href":"https:\/\/online.tvk-gaj.pl\/index.php?rest_route=\/wp\/v2\/posts\/8549\/revisions\/8569"}],"wp:featuredmedia":[{"embeddable":true,"href":"https:\/\/online.tvk-gaj.pl\/index.php?rest_route=\/wp\/v2\/media\/8550"}],"wp:attachment":[{"href":"https:\/\/online.tvk-gaj.pl\/index.php?rest_route=%2Fwp%2Fv2%2Fmedia&parent=8549"}],"wp:term":[{"taxonomy":"category","embeddable":true,"href":"https:\/\/online.tvk-gaj.pl\/index.php?rest_route=%2Fwp%2Fv2%2Fcategories&post=8549"},{"taxonomy":"post_tag","embeddable":true,"href":"https:\/\/online.tvk-gaj.pl\/index.php?rest_route=%2Fwp%2Fv2%2Ftags&post=8549"}],"curies":[{"name":"wp","href":"https:\/\/api.w.org\/{rel}","templated":true}]}}