{"id":8570,"date":"2016-11-26T12:06:37","date_gmt":"2016-11-26T11:06:37","guid":{"rendered":"http:\/\/www.tvk-gaj.pl\/~gajonline\/?p=8570"},"modified":"2016-11-26T12:08:09","modified_gmt":"2016-11-26T11:08:09","slug":"gaj-zyska-dwie-nowe-drogi","status":"publish","type":"post","link":"https:\/\/online.tvk-gaj.pl\/?p=8570","title":{"rendered":"Gaj zyska dwie nowe drogi"},"content":{"rendered":"<p>Mamy dobre wie\u015bci dla mieszka\u0144c\u00f3w po\u0142udniowej cz\u0119\u015bci osiedla. Po wielu latach wyczekiwania miasto zdecydowa\u0142o si\u0119 na budow\u0119 dw\u00f3ch nowych dr\u00f3g &#8211; \u0142\u0105cznik\u00f3w pomi\u0119dzy istniej\u0105cymi ju\u017c ulicami. Do po\u0142owy przysz\u0142ego roku magistrat zobowi\u0105za\u0142 si\u0119 do po\u0142\u0105czenia ulicy Wandy Rutkiewicz oraz przed\u0142u\u017cenia ul. K\u0142odzkiej.&nbsp;<!--more--><\/p>\n<p>&nbsp;<\/p>\n<p>Prace b\u0119d\u0105 prowadzone r\u00f3wnolegle do siebie.&nbsp;<\/p>\n<p>&nbsp;<\/p>\n<p><img loading=\"lazy\" decoding=\"async\" class=\"aligncenter size-large wp-image-8573\" src=\"http:\/\/www.tvk-gaj.pl\/~gajonline\/wp-content\/uploads\/2016\/11\/drogiwutkiewiczklodzka-1024x586.png\" alt=\"drogiwutkiewiczklodzka\" width=\"838\" height=\"480\" srcset=\"https:\/\/online.tvk-gaj.pl\/wp-content\/uploads\/2016\/11\/drogiwutkiewiczklodzka-1024x586.png 1024w, https:\/\/online.tvk-gaj.pl\/wp-content\/uploads\/2016\/11\/drogiwutkiewiczklodzka-300x172.png 300w, https:\/\/online.tvk-gaj.pl\/wp-content\/uploads\/2016\/11\/drogiwutkiewiczklodzka-768x439.png 768w, https:\/\/online.tvk-gaj.pl\/wp-content\/uploads\/2016\/11\/drogiwutkiewiczklodzka.png 1073w\" sizes=\"auto, (max-width: 838px) 100vw, 838px\" \/><\/p>\n<p>&nbsp;<\/p>\n<p>Pierwsze obejm\u0105 po\u0142\u0105czenie ulicy Wandy Rutkiewicz (obecnie brakuje ok 100 metr\u00f3w drogi na wysoko\u015bci ul. Pirenejskiej). &nbsp;Taka rozbudowa ul. Rutkiewicz pozwoli kierowcom przejecha\u0107 od ul. Borowskiej (poprzez ul. Kukuczki) do ul. \u015awieradowskiej (poprzez m.in. ul. Stro\u0144sk\u0105). Termin oddania drogi przewidziany jest na 4 kwarta\u0142 2017r.<\/p>\n<p>&nbsp;<\/p>\n<p><a href=\"http:\/\/www.tvk-gaj.pl\/~gajonline\/wp-content\/uploads\/2016\/11\/rutkiewicz1.png\"><img loading=\"lazy\" decoding=\"async\" class=\"aligncenter size-large wp-image-8574\" src=\"http:\/\/www.tvk-gaj.pl\/~gajonline\/wp-content\/uploads\/2016\/11\/rutkiewicz1-1024x724.png\" alt=\"rutkiewicz1\" width=\"838\" height=\"592\" srcset=\"https:\/\/online.tvk-gaj.pl\/wp-content\/uploads\/2016\/11\/rutkiewicz1-1024x724.png 1024w, https:\/\/online.tvk-gaj.pl\/wp-content\/uploads\/2016\/11\/rutkiewicz1-300x212.png 300w, https:\/\/online.tvk-gaj.pl\/wp-content\/uploads\/2016\/11\/rutkiewicz1-768x543.png 768w, https:\/\/online.tvk-gaj.pl\/wp-content\/uploads\/2016\/11\/rutkiewicz1.png 1214w\" sizes=\"auto, (max-width: 838px) 100vw, 838px\" \/><\/a><\/p>\n<p>&nbsp;<\/p>\n<p>R\u00f3wnocze\u015bnie drogowcy chc\u0105 przed\u0142u\u017cy\u0107 jezdni\u0119 ulicy K\u0142odzkiej, tak aby po\u0142\u0105czy\u0107 j\u0105 z ul. Stro\u0144sk\u0105 (wzd\u0142u\u017c blok\u00f3w przy ul. Pi\u0142awskiej i od ulicy Pi\u0142awskiej do ul. K\u0142odzkiej &#8211; odcinek r\u00f3wnoleg\u0142y do ul. Radkowskiej). Na ko\u0144cu Stro\u0144skiej ma powsta\u0107 taka ma\u0142a zatoczka, do zawracania. Ta inwestycja powinna zosta\u0107 zako\u0144czona do ko\u0144ca sierpnia 2017r., czyli przed nowym rokiem szkolnym, na kt\u00f3ry przewidziano otwarcie nowej plac\u00f3wki.&nbsp; Pozwoli to na roz\u0142adowanie ruchu i u\u0142atwienie dojazdu do szko\u0142y.&nbsp;<\/p>\n<p>&nbsp;<\/p>\n<p>&nbsp;<\/p>\n<p><a href=\"http:\/\/www.tvk-gaj.pl\/~gajonline\/wp-content\/uploads\/2016\/11\/klodzka2.png\"><img loading=\"lazy\" decoding=\"async\" class=\"aligncenter size-large wp-image-8576\" src=\"http:\/\/www.tvk-gaj.pl\/~gajonline\/wp-content\/uploads\/2016\/11\/klodzka2-1024x689.png\" alt=\"klodzka2\" width=\"838\" height=\"564\" srcset=\"https:\/\/online.tvk-gaj.pl\/wp-content\/uploads\/2016\/11\/klodzka2-1024x689.png 1024w, https:\/\/online.tvk-gaj.pl\/wp-content\/uploads\/2016\/11\/klodzka2-300x202.png 300w, https:\/\/online.tvk-gaj.pl\/wp-content\/uploads\/2016\/11\/klodzka2-768x517.png 768w, https:\/\/online.tvk-gaj.pl\/wp-content\/uploads\/2016\/11\/klodzka2-140x94.png 140w, https:\/\/online.tvk-gaj.pl\/wp-content\/uploads\/2016\/11\/klodzka2.png 1263w\" sizes=\"auto, (max-width: 838px) 100vw, 838px\" \/><\/a><\/p>\n<p>&nbsp;<\/p>\n<p>Do przetargu na po\u0142\u0105czenie W. Rutkiewicz&nbsp;zg\u0142osi\u0142a si\u0119 firma Bickhardt Bau z Siechnic. &nbsp;Do przetargu na przed\u0142u\u017cenie ul. K\u0142odzkiej swoje oferty z\u0142o\u017cy\u0142y firmy: Eurovia Polska S.A. z Wroc\u0142awia, GM-ROADS Polska sp.z o.o. z \u017barowa, Bickhardt Bau Polska z Siechnic i Drobud z Wroc\u0142awia.&nbsp;<\/p>\n<blockquote><p>Rada Osiedla Gaj popar\u0142a projekt przebudowy dr\u00f3g. Jak m\u00f3wi Adam Wojtaszewski &#8211; przewodnicz\u0105cy Rady &#8211; &#8222;powstanie nowych dr\u00f3g w tym rejonie powinno korzystnie wp\u0142yn\u0105\u0107 na roz\u0142adowanie kork\u00f3w oraz skr\u00f3cenie czasu dojazdu do nowej szko\u0142y oraz mieszka\u0144, kt\u00f3rych w tym rejonie ca\u0142y czas przybywa&#8221;.&nbsp;<\/p><\/blockquote>\n<p>&nbsp;<\/p>\n<p>&nbsp;<\/p>\n","protected":false},"excerpt":{"rendered":"<p>Mamy dobre wie\u015bci dla mieszka\u0144c\u00f3w po\u0142udniowej cz\u0119\u015bci osiedla. Po wielu latach wyczekiwania miasto zdecydowa\u0142o si\u0119 na budow\u0119 dw\u00f3ch nowych dr\u00f3g &#8211; \u0142\u0105cznik\u00f3w pomi\u0119dzy istniej\u0105cymi ju\u017c ulicami. Do po\u0142owy przysz\u0142ego roku magistrat zobowi\u0105za\u0142 si\u0119 do po\u0142\u0105czenia ulicy Wandy Rutkiewicz oraz przed\u0142u\u017cenia ul. K\u0142odzkiej.&nbsp;<\/p>\n","protected":false},"author":1,"featured_media":8571,"comment_status":"open","ping_status":"open","sticky":false,"template":"","format":"standard","meta":{"footnotes":""},"categories":[14,12],"tags":[158,160,643,242,235,812,811,813,273],"class_list":["post-8570","post","type-post","status-publish","format-standard","has-post-thumbnail","hentry","category-aktualnosci","category-artykuly","tag-budowa","tag-drogi","tag-gaj-osiedle-gaj","tag-kukuczki","tag-klodzka","tag-nowe-drogi","tag-nowe-drogi-na-gaju","tag-rutkiewicz","tag-szkola"],"_links":{"self":[{"href":"https:\/\/online.tvk-gaj.pl\/index.php?rest_route=\/wp\/v2\/posts\/8570","targetHints":{"allow":["GET"]}}],"collection":[{"href":"https:\/\/online.tvk-gaj.pl\/index.php?rest_route=\/wp\/v2\/posts"}],"about":[{"href":"https:\/\/online.tvk-gaj.pl\/index.php?rest_route=\/wp\/v2\/types\/post"}],"author":[{"embeddable":true,"href":"https:\/\/online.tvk-gaj.pl\/index.php?rest_route=\/wp\/v2\/users\/1"}],"replies":[{"embeddable":true,"href":"https:\/\/online.tvk-gaj.pl\/index.php?rest_route=%2Fwp%2Fv2%2Fcomments&post=8570"}],"version-history":[{"count":4,"href":"https:\/\/online.tvk-gaj.pl\/index.php?rest_route=\/wp\/v2\/posts\/8570\/revisions"}],"predecessor-version":[{"id":8579,"href":"https:\/\/online.tvk-gaj.pl\/index.php?rest_route=\/wp\/v2\/posts\/8570\/revisions\/8579"}],"wp:featuredmedia":[{"embeddable":true,"href":"https:\/\/online.tvk-gaj.pl\/index.php?rest_route=\/wp\/v2\/media\/8571"}],"wp:attachment":[{"href":"https:\/\/online.tvk-gaj.pl\/index.php?rest_route=%2Fwp%2Fv2%2Fmedia&parent=8570"}],"wp:term":[{"taxonomy":"category","embeddable":true,"href":"https:\/\/online.tvk-gaj.pl\/index.php?rest_route=%2Fwp%2Fv2%2Fcategories&post=8570"},{"taxonomy":"post_tag","embeddable":true,"href":"https:\/\/online.tvk-gaj.pl\/index.php?rest_route=%2Fwp%2Fv2%2Ftags&post=8570"}],"curies":[{"name":"wp","href":"https:\/\/api.w.org\/{rel}","templated":true}]}}