{"id":8581,"date":"2016-12-13T13:33:17","date_gmt":"2016-12-13T12:33:17","guid":{"rendered":"http:\/\/www.tvk-gaj.pl\/~gajonline\/?p=8581"},"modified":"2016-12-13T13:42:24","modified_gmt":"2016-12-13T12:42:24","slug":"gaj-pieknieje-wideoreportaz","status":"publish","type":"post","link":"https:\/\/online.tvk-gaj.pl\/?p=8581","title":{"rendered":"Gaj pi\u0119knieje &#8211; wideoreporta\u017c"},"content":{"rendered":"<p>Materia\u0142 wideo przygotowany przez Dolno\u015bl\u0105ski Portal Kulturalny Brzmienie M. W materiale m.in. rozmowa z Radnym Gaju &#8211; Andrzejem Nawrotem. Polecamy:)<!--more--><\/p>\n<p>&nbsp;<\/p>\n<p><strong>GAJ PI\u0118KNIEJE!<\/strong><\/p>\n<blockquote><p>Jesie\u0144 okaza\u0142a si\u0119 bardzo pomy\u015blna dla nowych inwestycji w dzielnicy Gaj we Wroc\u0142awiu, gdzie w\u0142a\u015bnie trwaj\u0105 prace porz\u0105dkowe i budowlane i to w a\u017c czterech lokalizacjach. O jesienno-zimowych zmianach na Gaju opowiada cz\u0142onek Rady Osiedla Gaj, pan Andrzej Nawrot<\/p>\n<p>&nbsp;<\/p><\/blockquote>\n<p><strong>Materia\u0142 wideo<\/strong><\/p>\n<div id=\"fb-root\"><\/div>\n<p><script>(function(d, s, id) {  var js, fjs = d.getElementsByTagName(s)[0];  if (d.getElementById(id)) return;  js = d.createElement(s); js.id = id;  js.src = \"\/\/connect.facebook.net\/pl_PL\/sdk.js#xfbml=1&version=v2.3\";  fjs.parentNode.insertBefore(js, fjs);}(document, 'script', 'facebook-jssdk'));<\/script><\/p>\n<div class=\"fb-video\" data-href=\"https:\/\/www.facebook.com\/brzmieniem\/videos\/711033429047757\/\" data-width=\"838\">\n<blockquote cite=\"https:\/\/www.facebook.com\/brzmieniem\/videos\/711033429047757\/\" class=\"fb-xfbml-parse-ignore\"><p><a href=\"https:\/\/www.facebook.com\/brzmieniem\/videos\/711033429047757\/\">GAJ PI\u0118KNIEJE!<\/a><\/p>\n<p>Wiadomo\u015bci lokalne:GAJ PI\u0118KNIEJE!Jesie\u0144 okaza\u0142a si\u0119 bardzo pomy\u015blna dla nowych inwestycji w dzielnicy Gaj we Wroc\u0142awiu, gdzie w\u0142a\u015bnie trwaj\u0105 prace porz\u0105dkowe i budowlane i to w a\u017c czterech lokalizacjach. O jesienno-zimowych zmianach na Gaju opowiedzia\u0142 nam cz\u0142onek Rady Osiedla Gaj, pan Andrzej Nawrot:<\/p>\n<p>Opublikowany przez <a href=\"https:\/\/www.facebook.com\/brzmieniem\/\">Dolno\u015bl\u0105ski Portal Kulturalny Brzmienie M<\/a> na 7 grudzie\u0144 2016<\/p><\/blockquote>\n<\/div>\n<p>&nbsp;<\/p>\n<p>&nbsp;<\/p>\n<p>Zapraszamy r\u00f3wnie\u017c na <a href=\"https:\/\/www.facebook.com\/brzmieniem\/\" target=\"_blank\">facebook&#8217;owy profil Brzmienia M.<\/a>&nbsp;oraz <a href=\"http:\/\/www.brzmieniem.pl\/\" target=\"_blank\">stron\u0119 internetow\u0105<\/a>.&nbsp;<\/p>\n<p>&nbsp;<\/p>\n","protected":false},"excerpt":{"rendered":"<p>Materia\u0142 wideo przygotowany przez Dolno\u015bl\u0105ski Portal Kulturalny Brzmienie M. W materiale m.in. rozmowa z Radnym Gaju &#8211; Andrzejem Nawrotem. Polecamy:)<\/p>\n","protected":false},"author":1,"featured_media":8583,"comment_status":"open","ping_status":"open","sticky":false,"template":"","format":"standard","meta":{"footnotes":""},"categories":[14,12],"tags":[771,534,818,158,112,153,209,218,166,443,157,809,817,135,816,269,117,815,814,301],"class_list":["post-8581","post","type-post","status-publish","format-standard","has-post-thumbnail","hentry","category-aktualnosci","category-artykuly","tag-andrzej-nawrot","tag-boisko","tag-brzmienie-m","tag-budowa","tag-gaj","tag-inwestycje","tag-krynicka","tag-orzechowa","tag-osiedle-gaj","tag-park","tag-parking","tag-plac-zabaw","tag-podworko","tag-rada-osiedla-gaj","tag-radny","tag-sp-nr-90","tag-swieradowska","tag-wiadomosci","tag-wideo","tag-wzgorze-gajowe"],"_links":{"self":[{"href":"https:\/\/online.tvk-gaj.pl\/index.php?rest_route=\/wp\/v2\/posts\/8581","targetHints":{"allow":["GET"]}}],"collection":[{"href":"https:\/\/online.tvk-gaj.pl\/index.php?rest_route=\/wp\/v2\/posts"}],"about":[{"href":"https:\/\/online.tvk-gaj.pl\/index.php?rest_route=\/wp\/v2\/types\/post"}],"author":[{"embeddable":true,"href":"https:\/\/online.tvk-gaj.pl\/index.php?rest_route=\/wp\/v2\/users\/1"}],"replies":[{"embeddable":true,"href":"https:\/\/online.tvk-gaj.pl\/index.php?rest_route=%2Fwp%2Fv2%2Fcomments&post=8581"}],"version-history":[{"count":8,"href":"https:\/\/online.tvk-gaj.pl\/index.php?rest_route=\/wp\/v2\/posts\/8581\/revisions"}],"predecessor-version":[{"id":8592,"href":"https:\/\/online.tvk-gaj.pl\/index.php?rest_route=\/wp\/v2\/posts\/8581\/revisions\/8592"}],"wp:featuredmedia":[{"embeddable":true,"href":"https:\/\/online.tvk-gaj.pl\/index.php?rest_route=\/wp\/v2\/media\/8583"}],"wp:attachment":[{"href":"https:\/\/online.tvk-gaj.pl\/index.php?rest_route=%2Fwp%2Fv2%2Fmedia&parent=8581"}],"wp:term":[{"taxonomy":"category","embeddable":true,"href":"https:\/\/online.tvk-gaj.pl\/index.php?rest_route=%2Fwp%2Fv2%2Fcategories&post=8581"},{"taxonomy":"post_tag","embeddable":true,"href":"https:\/\/online.tvk-gaj.pl\/index.php?rest_route=%2Fwp%2Fv2%2Ftags&post=8581"}],"curies":[{"name":"wp","href":"https:\/\/api.w.org\/{rel}","templated":true}]}}