{"id":8598,"date":"2016-12-24T09:30:08","date_gmt":"2016-12-24T08:30:08","guid":{"rendered":"http:\/\/www.tvk-gaj.pl\/~gajonline\/?p=8598"},"modified":"2016-12-29T15:17:41","modified_gmt":"2016-12-29T14:17:41","slug":"wesolych-swiat-oraz-szczesliwego-nowego-roku-5","status":"publish","type":"post","link":"https:\/\/online.tvk-gaj.pl\/?p=8598","title":{"rendered":"Weso\u0142ych \u015awi\u0105t oraz Szcz\u0119\u015bliwego Nowego Roku!"},"content":{"rendered":"<p>Rada Osiedla Gaj oraz Redakcja GajOnline pragn\u0105 \u017cyczy\u0107 wszystkim naszym czytelnikom oraz mieszka\u0144com Osiedla \u015bwi\u0105teczno-noworoczne \u017cyczenia.<\/p>\n<p><!--more--><\/p>\n<p>Z okazji nadchodz\u0105cych \u015awi\u0105t Narodzenia Pa\u0144skiego&nbsp;oraz zbli\u017caj\u0105cego si\u0119 wielkimi krokami nowego \u2013 2017 roku, chcieliby\u015bmy w imieniu GajOnline oraz Rady Osiedla GAJ z\u0142o\u017cy\u0107 wszystkim naszym czytelnikom, sympatykom oraz&nbsp;mieszka\u0144com Osiedla najszczersze \u017cyczenia zdrowych, pogodnych i radosnych \u015awi\u0105t Bo\u017cego Narodzenia oraz pe\u0142nego pomy\u015blno\u015bci Nowego Roku!<\/p>\n<p>&nbsp;<\/p>\n<p><a href=\"http:\/\/www.tvk-gaj.pl\/~gajonline\/wp-content\/uploads\/2012\/12\/choinka.gif\"><img loading=\"lazy\" decoding=\"async\" class=\"aligncenter size-full wp-image-513\" src=\"http:\/\/www.tvk-gaj.pl\/~gajonline\/wp-content\/uploads\/2012\/12\/choinka.gif\" alt=\"\" width=\"189\" height=\"234\"><\/a><\/p>\n<p>&nbsp;<\/p>\n<p>Piotr Nawrotek<br \/>\nRedaktor Naczelny<\/p>\n","protected":false},"excerpt":{"rendered":"<p>Rada Osiedla Gaj oraz Redakcja GajOnline pragn\u0105 \u017cyczy\u0107 wszystkim naszym czytelnikom oraz mieszka\u0144com Osiedla \u015bwi\u0105teczno-noworoczne \u017cyczenia.<\/p>\n","protected":false},"author":1,"featured_media":5278,"comment_status":"open","ping_status":"open","sticky":false,"template":"","format":"standard","meta":{"footnotes":""},"categories":[14],"tags":[582,186,135,185,257,821],"class_list":["post-8598","post","type-post","status-publish","format-standard","has-post-thumbnail","hentry","category-aktualnosci","tag-boze-narodzenie","tag-nowy-rok","tag-rada-osiedla-gaj","tag-swieta","tag-zyczenia","tag-zyczenia-swiateczne"],"_links":{"self":[{"href":"https:\/\/online.tvk-gaj.pl\/index.php?rest_route=\/wp\/v2\/posts\/8598","targetHints":{"allow":["GET"]}}],"collection":[{"href":"https:\/\/online.tvk-gaj.pl\/index.php?rest_route=\/wp\/v2\/posts"}],"about":[{"href":"https:\/\/online.tvk-gaj.pl\/index.php?rest_route=\/wp\/v2\/types\/post"}],"author":[{"embeddable":true,"href":"https:\/\/online.tvk-gaj.pl\/index.php?rest_route=\/wp\/v2\/users\/1"}],"replies":[{"embeddable":true,"href":"https:\/\/online.tvk-gaj.pl\/index.php?rest_route=%2Fwp%2Fv2%2Fcomments&post=8598"}],"version-history":[{"count":3,"href":"https:\/\/online.tvk-gaj.pl\/index.php?rest_route=\/wp\/v2\/posts\/8598\/revisions"}],"predecessor-version":[{"id":8601,"href":"https:\/\/online.tvk-gaj.pl\/index.php?rest_route=\/wp\/v2\/posts\/8598\/revisions\/8601"}],"wp:featuredmedia":[{"embeddable":true,"href":"https:\/\/online.tvk-gaj.pl\/index.php?rest_route=\/wp\/v2\/media\/5278"}],"wp:attachment":[{"href":"https:\/\/online.tvk-gaj.pl\/index.php?rest_route=%2Fwp%2Fv2%2Fmedia&parent=8598"}],"wp:term":[{"taxonomy":"category","embeddable":true,"href":"https:\/\/online.tvk-gaj.pl\/index.php?rest_route=%2Fwp%2Fv2%2Fcategories&post=8598"},{"taxonomy":"post_tag","embeddable":true,"href":"https:\/\/online.tvk-gaj.pl\/index.php?rest_route=%2Fwp%2Fv2%2Ftags&post=8598"}],"curies":[{"name":"wp","href":"https:\/\/api.w.org\/{rel}","templated":true}]}}