{"id":8602,"date":"2016-12-28T20:56:16","date_gmt":"2016-12-28T19:56:16","guid":{"rendered":"http:\/\/www.tvk-gaj.pl\/~gajonline\/?p=8602"},"modified":"2016-12-28T20:57:21","modified_gmt":"2016-12-28T19:57:21","slug":"plan-wizyt-duszpasterskich-20162017r-na-gaju","status":"publish","type":"post","link":"https:\/\/online.tvk-gaj.pl\/?p=8602","title":{"rendered":"Plan wizyt duszpasterskich 2016\/2017r. na Gaju"},"content":{"rendered":"<p>Wraz z zako\u0144czeniem si\u0119 \u015awi\u0105t Bo\u017cego Narodzenia rozpocz\u0119\u0142a si\u0119 tegoroczna wizyta duszpasterska na osiedlu, popularnie zwana kol\u0119d\u0105. Przypomnijmy, \u017ce na terenie Gaju dzia\u0142aj\u0105 dwie, rzymskokatolickie parafie \u2013 \u015aw. Franiczszka z Asy\u017cu, znajduj\u0105ca si\u0119 przy ulicy Borowskiej oraz&nbsp;\u015aw. Ducha z ulicy Bardzkiej. Publikujemy plan tegorocznej kol\u0119dy w osiedlowych parafiach.&nbsp;<!--more--><\/p>\n<p>&nbsp;<\/p>\n<p><strong>Parafia \u015awi\u0119tego Franciszka z Asy\u017cu z ulicy Borowskiej<a href=\"http:\/\/www.tvk-gaj.pl\/~gajonline\/wp-content\/uploads\/2014\/12\/koleda-2014.jpg\"><br \/>\n<\/a><\/strong><\/p>\n<p>&nbsp;<\/p>\n<p><a href=\"http:\/\/www.tvk-gaj.pl\/~gajonline\/wp-content\/uploads\/2016\/12\/koleda2016fran.png\"><img loading=\"lazy\" decoding=\"async\" class=\"aligncenter wp-image-8606 size-full\" src=\"http:\/\/www.tvk-gaj.pl\/~gajonline\/wp-content\/uploads\/2016\/12\/koleda2016fran.png\" width=\"908\" height=\"2684\" srcset=\"https:\/\/online.tvk-gaj.pl\/wp-content\/uploads\/2016\/12\/koleda2016fran.png 908w, https:\/\/online.tvk-gaj.pl\/wp-content\/uploads\/2016\/12\/koleda2016fran-101x300.png 101w, https:\/\/online.tvk-gaj.pl\/wp-content\/uploads\/2016\/12\/koleda2016fran-768x2270.png 768w, https:\/\/online.tvk-gaj.pl\/wp-content\/uploads\/2016\/12\/koleda2016fran-346x1024.png 346w\" sizes=\"auto, (max-width: 908px) 100vw, 908px\" \/><\/a><\/p>\n<p>&nbsp;<\/p>\n<p><strong>Parafia \u015awi\u0119tego Ducha z ulicy Bardzkiej&nbsp;<\/strong><\/p>\n<p>&nbsp;<\/p>\n<p><a href=\"http:\/\/www.tvk-gaj.pl\/~gajonline\/wp-content\/uploads\/2016\/12\/koleda2016duch.png\"><img loading=\"lazy\" decoding=\"async\" class=\"aligncenter size-full wp-image-8605\" src=\"http:\/\/www.tvk-gaj.pl\/~gajonline\/wp-content\/uploads\/2016\/12\/koleda2016duch.png\" alt=\"\" width=\"663\" height=\"629\" srcset=\"https:\/\/online.tvk-gaj.pl\/wp-content\/uploads\/2016\/12\/koleda2016duch.png 663w, https:\/\/online.tvk-gaj.pl\/wp-content\/uploads\/2016\/12\/koleda2016duch-300x285.png 300w\" sizes=\"auto, (max-width: 663px) 100vw, 663px\" \/><\/a><\/p>\n<p>&nbsp;<\/p>\n","protected":false},"excerpt":{"rendered":"<p>Wraz z zako\u0144czeniem si\u0119 \u015awi\u0105t Bo\u017cego Narodzenia rozpocz\u0119\u0142a si\u0119 tegoroczna wizyta duszpasterska na osiedlu, popularnie zwana kol\u0119d\u0105. Przypomnijmy, \u017ce na terenie Gaju dzia\u0142aj\u0105 dwie, rzymskokatolickie parafie \u2013 \u015aw. Franiczszka z Asy\u017cu, znajduj\u0105ca si\u0119 przy ulicy Borowskiej oraz&nbsp;\u015aw. Ducha z ulicy Bardzkiej. Publikujemy plan tegorocznej kol\u0119dy w osiedlowych parafiach.&nbsp;<\/p>\n","protected":false},"author":1,"featured_media":8603,"comment_status":"open","ping_status":"open","sticky":false,"template":"","format":"standard","meta":{"footnotes":""},"categories":[14,12],"tags":[197,113,112,822,823,825,190,475,824],"class_list":["post-8602","post","type-post","status-publish","format-standard","has-post-thumbnail","hentry","category-aktualnosci","category-artykuly","tag-bardzka","tag-borowska","tag-gaj","tag-koleda","tag-koleda-2016","tag-parafia-ducha-swietego","tag-parafia-swietego-franciszka-z-asyzu","tag-plan","tag-wizyty-duszpasterskie"],"_links":{"self":[{"href":"https:\/\/online.tvk-gaj.pl\/index.php?rest_route=\/wp\/v2\/posts\/8602","targetHints":{"allow":["GET"]}}],"collection":[{"href":"https:\/\/online.tvk-gaj.pl\/index.php?rest_route=\/wp\/v2\/posts"}],"about":[{"href":"https:\/\/online.tvk-gaj.pl\/index.php?rest_route=\/wp\/v2\/types\/post"}],"author":[{"embeddable":true,"href":"https:\/\/online.tvk-gaj.pl\/index.php?rest_route=\/wp\/v2\/users\/1"}],"replies":[{"embeddable":true,"href":"https:\/\/online.tvk-gaj.pl\/index.php?rest_route=%2Fwp%2Fv2%2Fcomments&post=8602"}],"version-history":[{"count":3,"href":"https:\/\/online.tvk-gaj.pl\/index.php?rest_route=\/wp\/v2\/posts\/8602\/revisions"}],"predecessor-version":[{"id":9835,"href":"https:\/\/online.tvk-gaj.pl\/index.php?rest_route=\/wp\/v2\/posts\/8602\/revisions\/9835"}],"wp:featuredmedia":[{"embeddable":true,"href":"https:\/\/online.tvk-gaj.pl\/index.php?rest_route=\/wp\/v2\/media\/8603"}],"wp:attachment":[{"href":"https:\/\/online.tvk-gaj.pl\/index.php?rest_route=%2Fwp%2Fv2%2Fmedia&parent=8602"}],"wp:term":[{"taxonomy":"category","embeddable":true,"href":"https:\/\/online.tvk-gaj.pl\/index.php?rest_route=%2Fwp%2Fv2%2Fcategories&post=8602"},{"taxonomy":"post_tag","embeddable":true,"href":"https:\/\/online.tvk-gaj.pl\/index.php?rest_route=%2Fwp%2Fv2%2Ftags&post=8602"}],"curies":[{"name":"wp","href":"https:\/\/api.w.org\/{rel}","templated":true}]}}