{"id":8634,"date":"2017-01-04T18:47:17","date_gmt":"2017-01-04T17:47:17","guid":{"rendered":"http:\/\/www.tvk-gaj.pl\/~gajonline\/?p=8634"},"modified":"2017-02-23T21:02:34","modified_gmt":"2017-02-23T20:02:34","slug":"miasto-przedstawia-nowa-rejonizacje-dla-szkol-rada-osiedla-protestuje","status":"publish","type":"post","link":"https:\/\/online.tvk-gaj.pl\/?p=8634","title":{"rendered":"Miasto przedstawia now\u0105 rejonizacj\u0119 dla szk\u00f3\u0142. Rada Osiedla protestuje"},"content":{"rendered":"<p>[<strong>AKTUALIZACJA: 23.02.2017<\/strong>] Nowobudowany Zesp\u00f3\u0142 Szkolno-Przedszkolny na wroc\u0142awskim Gaju nie dla dzieci z Gaju? Taki przekaz niesie ze sob\u0105 miejski dokument po\u015bwi\u0119cony nowej rejonizacji dla szk\u00f3\u0142 we Wroc\u0142awiu. Postanowili\u015bmy przyjrze\u0107 si\u0119 bli\u017cej sprawie i ustali\u0107 co wiadomo na temat nowej reformy o\u015bwiaty i jakie b\u0119dzie mia\u0142a skutki dla Gaju i s\u0105siaduj\u0105cych osiedli.&nbsp;<!--more--><\/p>\n<p>&nbsp;<\/p>\n<h2><strong>Budowa nowej szko\u0142y na Gaju<\/strong><\/h2>\n<p>Trwa budowa&nbsp;Zespo\u0142u Szkolno-Przedszkolnego przy ul. K\u0142odzkiej. Firma Skanska prowadzi intensywne prace budowlane, kt\u00f3rych efektem ma by\u0107 oddanie szko\u0142y we wrze\u015bniu 2017r.&nbsp;W ramach inwestycji na Gaju powstanie nowoczesny kompleks, sk\u0142adaj\u0105cy si\u0119 ze szko\u0142y podstawowej, przedszkola oraz hali sportowej o \u0142\u0105cznej powierzchni ca\u0142kowitej blisko 10 tys. m<sup>2<\/sup>.<\/p>\n<p>&nbsp;<\/p>\n<p><a href=\"http:\/\/www.tvk-gaj.pl\/~gajonline\/wp-content\/uploads\/2016\/09\/2016-09-14-12.09.26.jpg\"><img loading=\"lazy\" decoding=\"async\" class=\"aligncenter size-large wp-image-8011\" src=\"http:\/\/www.tvk-gaj.pl\/~gajonline\/wp-content\/uploads\/2016\/09\/2016-09-14-12.09.26-1024x768.jpg\" alt=\"\" width=\"838\" height=\"629\" srcset=\"https:\/\/online.tvk-gaj.pl\/wp-content\/uploads\/2016\/09\/2016-09-14-12.09.26-1024x768.jpg 1024w, https:\/\/online.tvk-gaj.pl\/wp-content\/uploads\/2016\/09\/2016-09-14-12.09.26-300x225.jpg 300w, https:\/\/online.tvk-gaj.pl\/wp-content\/uploads\/2016\/09\/2016-09-14-12.09.26-768x576.jpg 768w\" sizes=\"auto, (max-width: 838px) 100vw, 838px\" \/><\/a><\/p>\n<p>&nbsp;<\/p>\n<p>Miasto zamierza wyda\u0107 na t\u0119 inwestycje oko\u0142o 35 mln z\u0142. Za te pieni\u0105dze powstanie&nbsp;<strong>przy ul. K\u0142odzkiej przedszkole<\/strong>, b\u0119dzie mie\u0107 osiem oddzia\u0142\u00f3w z sal\u0105 wielofunkcyjn\u0105 dla 200 dzieci wraz z placem zabaw. Opr\u00f3cz tego powstanie&nbsp;<strong>szko\u0142a podstawowa<\/strong>&nbsp;dla 750 dzieci, w kt\u00f3rej znajd\u0105 si\u0119 22 sale lekcyjne, 3&nbsp;<strong>pracownie komputerowe<\/strong>, 3&nbsp;<strong>pracownie j\u0119zykowe<\/strong>, 2 pracownie przyrodnicze, biblioteka,&nbsp;<strong>sala gimnastyczna<\/strong>&nbsp;i sale gimnastyki korekcyjnej oraz \u015bwietlice. Na zewn\u0119trznych terenach sportowych przewidziano: boisko wielofunkcyjne, bie\u017cni\u0119 ze skoczni\u0105, plac zabaw dla dzieci szkolnych. W nowoczesnym obiekcie b\u0119dzie si\u0119 r\u00f3wnie\u017c mie\u015bci\u0107 kuchnia z jadalniami dla przedszkola i szko\u0142y.<\/p>\n<p>&nbsp;<\/p>\n<p><a href=\"http:\/\/www.tvk-gaj.pl\/~gajonline\/wp-content\/uploads\/2017\/01\/VHlcoC0MAR.jpg\"><img loading=\"lazy\" decoding=\"async\" class=\"aligncenter size-full wp-image-8635\" src=\"http:\/\/www.tvk-gaj.pl\/~gajonline\/wp-content\/uploads\/2017\/01\/VHlcoC0MAR.jpg\" alt=\"\" width=\"800\" height=\"571\" srcset=\"https:\/\/online.tvk-gaj.pl\/wp-content\/uploads\/2017\/01\/VHlcoC0MAR.jpg 800w, https:\/\/online.tvk-gaj.pl\/wp-content\/uploads\/2017\/01\/VHlcoC0MAR-300x214.jpg 300w, https:\/\/online.tvk-gaj.pl\/wp-content\/uploads\/2017\/01\/VHlcoC0MAR-768x548.jpg 768w\" sizes=\"auto, (max-width: 800px) 100vw, 800px\" \/><\/a><\/p>\n<p>&nbsp;<\/p>\n<h2><strong>Reforma o\u015bwiaty<\/strong><\/h2>\n<p>Likwidacja gimnazj\u00f3w i utworzenie o\u015bmioklasowych szk\u00f3\u0142 podstawowych to najwi\u0119ksze zmiany, jakie czekaj\u0105 wroc\u0142awsk\u0105 edukacj\u0119 z pocz\u0105tkiem wrze\u015bnia w 2017 r. To efekt zmian zaplanowanych przez Ministerstwo Edukacji. W odpowiedzi na reform\u0119 magistrat&nbsp;opracowa\u0142 nowy model sieci szk\u00f3\u0142, uwzgl\u0119dniaj\u0105cy zmiany w reformie.<\/p>\n<p>&nbsp;<\/p>\n<p><a href=\"http:\/\/www.tvk-gaj.pl\/~gajonline\/wp-content\/uploads\/2017\/01\/gim_im_rozewicza.jpg\"><img loading=\"lazy\" decoding=\"async\" class=\"aligncenter size-full wp-image-8643\" src=\"http:\/\/www.tvk-gaj.pl\/~gajonline\/wp-content\/uploads\/2017\/01\/gim_im_rozewicza.jpg\" alt=\"\" width=\"630\" height=\"350\" srcset=\"https:\/\/online.tvk-gaj.pl\/wp-content\/uploads\/2017\/01\/gim_im_rozewicza.jpg 630w, https:\/\/online.tvk-gaj.pl\/wp-content\/uploads\/2017\/01\/gim_im_rozewicza-300x167.jpg 300w\" sizes=\"auto, (max-width: 630px) 100vw, 630px\" \/><\/a><\/p>\n<p>&nbsp;<\/p>\n<p>Zmiany poci\u0105gaj\u0105 za sob\u0105 r\u00f3wnie\u017c zmiany w rejonizacji szk\u00f3\u0142. &nbsp;&nbsp;<\/p>\n<p><strong><a href=\"http:\/\/www.wroclaw.pl\/files\/edukacja\/obwody_szkolne_%20reforma_edukacji.pdf\" target=\"_blank\">Zobacz, gdzie b\u0119dzie chodzi\u0142o do szko\u0142y twoje dziecko , plik w pdf<\/a><\/strong><\/p>\n<p>Propozycja stworzona przez Departament Edukacji razem z Biurem Rozwoju Wroc\u0142awia i po konsultacjach spo\u0142ecznych z dyrektorami szk\u00f3\u0142 i radami rodzic\u00f3w zostanie z\u0142o\u017cona do 5 stycznia w Radzie Miejskiej, kt\u00f3ra w po\u0142owie stycznia podejmie uchwa\u0142\u0119 zamiarow\u0105 w tej sprawie. Musi te\u017c zosta\u0107 przedstawiona kuratorowi do akceptacji.&nbsp;<\/p>\n<p>&nbsp;<\/p>\n<h2><strong>Reforma, a Gaj<\/strong><\/h2>\n<p>Na Gaju mieszcz\u0105 si\u0119 dwie szko\u0142y. Szko\u0142a Podstawowa Nr 90 oraz Gimnazjum Nr 25 przy ul. Orzechowej. Od 1 wrze\u015bnia 2017r. SP 90 zacznie przejmowa\u0107 infrastruktur\u0119 Gimnazjum 25 i powoli wygasza\u0107 jego dzia\u0142alno\u015b\u0107.&nbsp;<\/p>\n<p>&nbsp;<\/p>\n<p><img loading=\"lazy\" decoding=\"async\" class=\"aligncenter size-large wp-image-8638\" src=\"http:\/\/www.tvk-gaj.pl\/~gajonline\/wp-content\/uploads\/2017\/01\/Wroclaw-SP_nr_90-1024x470.jpg\" alt=\"\" width=\"838\" height=\"385\" srcset=\"https:\/\/online.tvk-gaj.pl\/wp-content\/uploads\/2017\/01\/Wroclaw-SP_nr_90-1024x470.jpg 1024w, https:\/\/online.tvk-gaj.pl\/wp-content\/uploads\/2017\/01\/Wroclaw-SP_nr_90-300x138.jpg 300w, https:\/\/online.tvk-gaj.pl\/wp-content\/uploads\/2017\/01\/Wroclaw-SP_nr_90-768x353.jpg 768w\" sizes=\"auto, (max-width: 838px) 100vw, 838px\" \/><\/p>\n<p>&nbsp;<\/p>\n<p>We wrze\u015bniu 2017r. oddana zostanie nowa szko\u0142a podstawowa przy ul. K\u0142odzkiej.&nbsp;<\/p>\n<p>W bliskimi s\u0105siedztwie osiedla, na osiedlu Wojszyce dzia\u0142a r\u00f3wnie\u017c Szko\u0142a Podstawowa nr 23 przy ul. Przystankowej.&nbsp;<\/p>\n<p>Wed\u0142ug nowej rejonizacji dzieci z Gaju b\u0119d\u0105 mog\u0142y ucz\u0119szcza\u0107 jedynie do SP Nr 90 przy ul. Orzechowej.<\/p>\n<p>Szko\u0142a przy K\u0142odzkiej ma za\u015b by\u0107 &#8222;rejonem&#8221; dla Jagodna.&nbsp;<\/p>\n<p>&nbsp;<\/p>\n<p><img loading=\"lazy\" decoding=\"async\" class=\"aligncenter size-full wp-image-8639\" src=\"http:\/\/www.tvk-gaj.pl\/~gajonline\/wp-content\/uploads\/2017\/01\/szkolyrejony.png\" alt=\"\" width=\"1012\" height=\"663\" srcset=\"https:\/\/online.tvk-gaj.pl\/wp-content\/uploads\/2017\/01\/szkolyrejony.png 1012w, https:\/\/online.tvk-gaj.pl\/wp-content\/uploads\/2017\/01\/szkolyrejony-300x197.png 300w, https:\/\/online.tvk-gaj.pl\/wp-content\/uploads\/2017\/01\/szkolyrejony-768x503.png 768w, https:\/\/online.tvk-gaj.pl\/wp-content\/uploads\/2017\/01\/szkolyrejony-207x136.png 207w, https:\/\/online.tvk-gaj.pl\/wp-content\/uploads\/2017\/01\/szkolyrejony-260x170.png 260w, https:\/\/online.tvk-gaj.pl\/wp-content\/uploads\/2017\/01\/szkolyrejony-430x283.png 430w\" sizes=\"auto, (max-width: 1012px) 100vw, 1012px\" \/><\/p>\n<p>&nbsp;<\/p>\n<h2><strong>Rodzice protestuj\u0105&nbsp;<\/strong><\/h2>\n<p>Wg zaplanowanej w\u0142a\u015bnie rejonizacji miejsce maj\u0105 zagwarantowane tylko w szkole przy Orzechowej &#8211; po drugiej stronie ruchliwej \u015awieradowskiej. Miejsca w plac\u00f3wce przy K\u0142odzkiej przeznaczone b\u0119d\u0105 dla dzieci z Jagodna. Rodzice dzieci z Gaju nie kryj\u0105 swojego obudzenia.<\/p>\n<p>W sieci i na skrzynce pocztowej Rady Osiedla Gaj pojawi\u0142o si\u0119 bardzo wiele komentarzy (www.radiowroc\u0142aw.pl):<\/p>\n<blockquote><p>Czy szko\u0142\u0119 z przedszkolem na ulicy K\u0142odzkiej we Wroc\u0142awiu buduje si\u0119 dla Jagodna czy osiedla na kt\u00f3rym si\u0119 znajduje ?<\/p>\n<p>Przez te w\u0105skie uliczki b\u0119d\u0105 si\u0119 przedziera\u0107 samochody jad\u0105ce z Jagodna, Brochowa, od strony Bardzkiej, z Grota Roweckiego. Ju\u017c dzisiaj rodzice si\u0119 przygl\u0105dali jak wygl\u0105da sytuacja z przejazdem przez to osiedle. Przepustowo\u015b\u0107 b\u0119dzie jeszcze mniejsza. Nie ud\u017awignie tego to osiedle<\/p>\n<p>Prosz\u0119 wzi\u0105\u0107 pod uwag\u0119, \u017ce na Jagodnie powsta\u0142o du\u017ce osiedle. Nie ma tam w najbli\u017cszym rejonie Szko\u0142y Podstawowej. Jeste\u015bmy zobowi\u0105zani do zapewnienia odleg\u0142o\u015bci trzech kilometr\u00f3w dla dzieci m\u0142odszych od miejsca zamieszkania, dla dzieci starszych cztery kilometry<\/p><\/blockquote>\n<p>&nbsp;<\/p>\n<p>Swojego oburzenia nie kryj\u0105 r\u00f3wnie\u017c rodzice dzieci ucz\u0119szczaj\u0105cych do Szko\u0142y Podstawowej Nr 23 na Wojszycach (dla zobrazowania sytuacji: szko\u0142y przy K\u0142odzkiej i Przystankowej dzieli nieca\u0142y kilometr). Wed\u0142ug nowej rejonizacji&nbsp;cz\u0119\u015b\u0107 dzieci mieszkaj\u0105cych na Wojszycach (w tym przy samej Przystankowej) b\u0119dzie musia\u0142o doje\u017cd\u017ca\u0107 do kompleksu na Gaju.<\/p>\n<blockquote><p>To niedorzeczne aby nas przerzuca\u0107 tam, a dzieci z Gaju na Orzechow\u0105. Po co tak obci\u0105\u017ca\u0107 ciasne osiedlowe drogi &#8211; m\u00f3wi\u0105 Radiu Wroc\u0142aw.<\/p><\/blockquote>\n<p>&nbsp;<\/p>\n<p>Rodzice wys\u0142ali sw\u00f3j sprzeciw w oficjalnym pi\u015bmie do miejskich urz\u0119dnik\u00f3w.&nbsp;W &nbsp;najbli\u017cszy pi\u0105tek (6 stycznia) chc\u0105 pojawi\u0107 si\u0119 na sesji rady miejskiej po\u015bwi\u0119conej planom rejonizacyjnym.&nbsp;<\/p>\n<p>&nbsp;<\/p>\n<p><a href=\"http:\/\/www.tvk-gaj.pl\/~gajonline\/wp-content\/uploads\/2017\/01\/Szkola-z-przedszkolem-dla-Jagodna-powstaje-na-Gaju-2.jpg\"><img loading=\"lazy\" decoding=\"async\" class=\"aligncenter size-full wp-image-8642\" src=\"http:\/\/www.tvk-gaj.pl\/~gajonline\/wp-content\/uploads\/2017\/01\/Szkola-z-przedszkolem-dla-Jagodna-powstaje-na-Gaju-2.jpg\" alt=\"\" width=\"750\" height=\"1000\" srcset=\"https:\/\/online.tvk-gaj.pl\/wp-content\/uploads\/2017\/01\/Szkola-z-przedszkolem-dla-Jagodna-powstaje-na-Gaju-2.jpg 750w, https:\/\/online.tvk-gaj.pl\/wp-content\/uploads\/2017\/01\/Szkola-z-przedszkolem-dla-Jagodna-powstaje-na-Gaju-2-225x300.jpg 225w\" sizes=\"auto, (max-width: 750px) 100vw, 750px\" \/><\/a><\/p>\n<p>&nbsp;<\/p>\n<p>&nbsp;<\/p>\n<h2><strong>Stanowisko Rady Osiedla Gaj<\/strong><\/h2>\n<p>Dzi\u0119kujemy za Wasze interwencje w sprawie propozycji nowej rejonizacji szk\u00f3\u0142 we Wroc\u0142awiu.<\/p>\n<p>W pe\u0142ni podzielmy Pa\u0144stwa zdanie, \u017ce propozycja dla naszego osiedla jest nie do zaakceptowania.<\/p>\n<p>Przedstawiamy pismo, jakie wystosowali\u015bmy do dyrektora Departamentu Edukacji Pana Jaros\u0142awa Delewskiego. Oczywi\u015bcie niezw\u0142ocznie poinformujemy Pa\u0144stwa, gdy dostaniemy na nie odpowied\u017a.<\/p>\n<p>&nbsp;<\/p>\n<p><a href=\"http:\/\/www.tvk-gaj.pl\/~gajonline\/wp-content\/uploads\/2017\/01\/Szkola-z-przedszkolem-dla-Jagodna-powstaje-na-Gaju-1.png\"><img loading=\"lazy\" decoding=\"async\" class=\"aligncenter size-full wp-image-8636\" src=\"http:\/\/www.tvk-gaj.pl\/~gajonline\/wp-content\/uploads\/2017\/01\/Szkola-z-przedszkolem-dla-Jagodna-powstaje-na-Gaju-1.png\" alt=\"\" width=\"810\" height=\"1000\" srcset=\"https:\/\/online.tvk-gaj.pl\/wp-content\/uploads\/2017\/01\/Szkola-z-przedszkolem-dla-Jagodna-powstaje-na-Gaju-1.png 810w, https:\/\/online.tvk-gaj.pl\/wp-content\/uploads\/2017\/01\/Szkola-z-przedszkolem-dla-Jagodna-powstaje-na-Gaju-1-243x300.png 243w, https:\/\/online.tvk-gaj.pl\/wp-content\/uploads\/2017\/01\/Szkola-z-przedszkolem-dla-Jagodna-powstaje-na-Gaju-1-768x948.png 768w\" sizes=\"auto, (max-width: 810px) 100vw, 810px\" \/><\/a><\/p>\n<p>&nbsp;<\/p>\n<p>Jednocze\u015bnie informujemy, \u017ce Urz\u0105d Miejski we Wroc\u0142awiu w \u017caden spos\u00f3b nie skonsultowa\u0142 zaproponowanych rozwi\u0105za\u0144 z Rad\u0105 Osiedla.<\/p>\n<p>Podzia\u0142 na nowe rejony to kompetencja Urz\u0119du Miasta i jako Rada Osiedla mo\u017cemy jedynie apelowa\u0107 o zmian\u0119 zaproponowanych rozwi\u0105za\u0144 co oczywi\u015bcie czynimy.<\/p>\n<p>Prosimy Pa\u0144stwa, \u017ceby\u015bcie te\u017c w formalny spos\u00f3b wzi\u0119li udzia\u0142 w konsultacjach &#8211; im wi\u0119cej g\u0142os\u00f3w sprzeciwu od mieszka\u0144c\u00f3w, tym wi\u0119ksza szansa, \u017ce miasto przemy\u015bli rozwi\u0105zania.<\/p>\n<p>Zatem piszcie pisma, maile, dzwo\u0144cie i umawiajcie si\u0119 na spotkania z urz\u0119dnikami.<\/p>\n<p>&nbsp;<\/p>\n<p><strong>Jako Rada Osiedla deklarujemy pe\u0142ne wsparcie dla Pa\u0144stwa dzia\u0142a\u0144!<\/strong><\/p>\n<p><strong>Tymczasem planujemy kolejne dzia\u0142ania o kt\u00f3rych b\u0119dziemy na bie\u017c\u0105co informowa\u0107 przez nasze media.<\/strong><\/p>\n<p>&nbsp;<\/p>\n<p><strong>[AKTUALIZACJA: 23.02.2017]<\/strong><\/p>\n<p>Dolno\u015bl\u0105ski Kurator O\u015bwiaty pozytywnie zaopiniowa\u0142 zmiany rejon\u00f3w szk\u00f3\u0142, kt\u00f3re od 1 wrze\u015bnia tego roku wchodz\u0105 w \u017cycie wraz z reforma systemu szkolnictwa. Decyzja to doskona\u0142a wiadomo\u015b\u0107 dla Gaju, kt\u00f3ry podzielony zostanie wzd\u0142u\u017c ulicy \u015awieradowskiej na dwa rejony &#8211; p\u00f3\u0142nocna cze\u015b\u0107 osiedla (powy\u017cej \u015awieradowskiej) przydzielona zostanie SP nr 90 z ul. Orzechowej, natomiast po\u0142udnie Gaju (poni\u017cej ulicy \u015awieradowskiej) przypisane zostanie nowo budowanej szkole przy ul. K\u0142odzkiej. Gimnazjum Nr 25 zostanie za\u015b stopniowo &#8222;wygaszane&#8221;. &nbsp;Takie stanowisko miasta to wynik konsultacji spo\u0142ecznych pomi\u0119dzy miastem, mieszka\u0144cami, a Rad\u0105 Osiedla Gaj.&nbsp;<\/p>\n<p>&nbsp;<\/p>\n<p><strong>[AKTUALIZACJA: 19.01.2017]<\/strong><\/p>\n<p>Rada Miejska Wroc\u0142awia przeg\u0142osowa\u0142a nowy wariant rejonizacji dla szk\u00f3\u0142 (zobacz informacja poni\u017cej). Dzi\u0119ki temu p\u00f3\u0142noc osiedla (powy\u017cej ul. \u015awieradowskiej) przypisana ma by\u0107 do Szko\u0142y Podstawowe Nr 90 przy ul. Orzechowej, za\u015b po\u0142udnie osiedla (poni\u017cej ulicy \u015awieradowskiej) do nowopowsta\u0142ej plac\u00f3wki przy ul. K\u0142odzkiej (SP Nr 32). Dlaczego piszemy &#8222;ma by\u0107&#8221;?&nbsp;<br \/>\nW zwi\u0105zku z reform\u0105 systemu edukacji ostateczny g\u0142os w tej sprawie ma wroc\u0142awski kurator o\u015bwiaty, kt\u00f3ry do 31 marca ma czas na ostateczne zaakceptowanie nowego planu rejonizacji. W zwi\u0105zku z tym Rada Osiedla Gaj ca\u0142y czas przygl\u0105da si\u0119 sprawie i wyczekuje korzystnej dla osiedla decyzji.<\/p>\n<p>&nbsp;<\/p>\n<div><strong>[AKTUALIZACJA: 11.01.2017]<\/strong><\/div>\n<div>&nbsp;<\/div>\n<p>Z rado\u015bci\u0105 informujemy, \u017ce po naszym prote\u015bcie Urz\u0105d Miasta zaproponowa\u0142 nowy podzia\u0142 na obwody szkolne dla naszego osiedla. Ca\u0142a po\u0142udniowa cz\u0119\u015b\u0107 naszego osiedla &#8211; od ul. \u015awieradowskiej do nasypu kolejowego &#8211; zosta\u0142a przypisana do Szko\u0142y Podstawowej nr 32 przy ul. K\u0142odzkiej. Do naszej szko\u0142y przypisane zosta\u0142o tak\u017ce Jagodno. Dzi\u0119kujemy Wam za zdecydowan\u0105 reakcj\u0119 na pierwsz\u0105 propozycj\u0119 Urz\u0119du Miasta &#8211; urz\u0119dnicy przyznali, \u017ce zostali zasypani mailami z Gaju.<br \/>\n&nbsp;<br \/>\nWyznaczenie obwod\u00f3w to dopiero pierwsze dzia\u0142anie w procedurze wyznaczania nowych obwod\u00f3w w mie\u015bcie. Kolejnym jest uchwa\u0142a Rady Miejskiej, kt\u00f3ra ma zosta\u0107 podj\u0119ta 19 stycznia. Nast\u0119pnie podzia\u0142 na obwody trafia do Kuratora O\u015bwiaty, kt\u00f3ry mo\u017ce ten podzia\u0142 zaakceptowa\u0107 lub nanie\u015b\u0107 na niego zmiany. Ewentualne zmiany poczynione przez Kuratora O\u015bwiaty we Wroc\u0142awiu, zgodnie z ustaw\u0105 Prawo O\u015bwiatowe, s\u0105 obowi\u0105zuj\u0105ce dla miasta i miasto nie mo\u017ce si\u0119 im sprzeciwi\u0107. Co oznacza, \u017ce b\u0119dziemy musieli pilnowa\u0107, \u017ceby Kuratorium O\u015bwiaty nie zmieni\u0142o propozycji z takim trudem wywalczonych przez nas wszystkich.<br \/>\n&nbsp;<br \/>\nCa\u0142a procedura ma si\u0119 zako\u0144czy\u0107 do 30 marca. Obiecujemy, \u017ce b\u0119dziemy monitorowa\u0107 sytuacj\u0119 i poinformujemy Was, je\u015bli tylko zostan\u0105 podj\u0119te dzia\u0142ania do zmiany naszych obwod\u00f3w.<\/p>\n<div>&nbsp;<\/div>\n<div>MAPKA&nbsp;<\/div>\n<div>&nbsp;<\/div>\n<div><img loading=\"lazy\" decoding=\"async\" class=\"aligncenter size-large wp-image-8657\" src=\"http:\/\/www.tvk-gaj.pl\/~gajonline\/wp-content\/uploads\/2017\/01\/szkolaobwod32-1024x723.jpg\" alt=\"\" width=\"838\" height=\"592\" srcset=\"https:\/\/online.tvk-gaj.pl\/wp-content\/uploads\/2017\/01\/szkolaobwod32-1024x723.jpg 1024w, https:\/\/online.tvk-gaj.pl\/wp-content\/uploads\/2017\/01\/szkolaobwod32-300x212.jpg 300w, https:\/\/online.tvk-gaj.pl\/wp-content\/uploads\/2017\/01\/szkolaobwod32-768x543.jpg 768w, https:\/\/online.tvk-gaj.pl\/wp-content\/uploads\/2017\/01\/szkolaobwod32.jpg 1281w\" sizes=\"auto, (max-width: 838px) 100vw, 838px\" \/><\/div>\n<div>&nbsp;<\/div>\n<div>&nbsp;<\/div>\n<p><strong>[AKTUALIZACJA: 6.01.2017]<\/strong><\/p>\n<p>Ci\u0105g dalszy batalii o zmiany w planach rejonizacji szk\u00f3\u0142 dla Gaju. Jak uda\u0142o si\u0119 nam nieoficjalnie ustali\u0107, w przysz\u0142ym tygodniu magistrat ma zaproponowa\u0107 nowe rozwi\u0105zania w sprawie rejonizacji. Przedstawiciele Rady Osiedla byli w tej sprawie na wizytach w urz\u0119dzie miasta. W przysz\u0142ym tygodniu odb\u0119d\u0105 si\u0119 kolejne spotkania, podczas kt\u00f3rych powinni\u015bmy dowiedzie\u0107 si\u0119 jak urz\u0119dnicy widz\u0105 rozwi\u0105zanie powsta\u0142ego problemu. Na bie\u017c\u0105co b\u0119dziemy Was informowa\u0107 o dalszych krokach.<br \/>\nTymczasem dzi\u0119kujemy za Wasze liczne interwencje w Departamencie Edukacji oraz nag\u0142o\u015bnienie sprawy.<\/p>\n<p>&nbsp;<\/p>\n<p>&nbsp;<\/p>\n","protected":false},"excerpt":{"rendered":"<p>[AKTUALIZACJA: 23.02.2017] Nowobudowany Zesp\u00f3\u0142 Szkolno-Przedszkolny na wroc\u0142awskim Gaju nie dla dzieci z Gaju? Taki przekaz niesie ze sob\u0105 miejski dokument po\u015bwi\u0119cony nowej rejonizacji dla szk\u00f3\u0142 we Wroc\u0142awiu. Postanowili\u015bmy przyjrze\u0107 si\u0119 bli\u017cej sprawie i ustali\u0107 co wiadomo na temat nowej reformy o\u015bwiaty i jakie b\u0119dzie mia\u0142a skutki dla Gaju i s\u0105siaduj\u0105cych osiedli.&nbsp;<\/p>\n","protected":false},"author":1,"featured_media":8635,"comment_status":"open","ping_status":"open","sticky":false,"template":"","format":"standard","meta":{"footnotes":""},"categories":[14,12],"tags":[400,112,554,235,826,218,352,135,828,273,827],"class_list":["post-8634","post","type-post","status-publish","format-standard","has-post-thumbnail","hentry","category-aktualnosci","category-artykuly","tag-dzieci","tag-gaj","tag-jagodno","tag-klodzka","tag-nowa-szkola-na-gaju","tag-orzechowa","tag-osiedle-2","tag-rada-osiedla-gaj","tag-rejonizacja","tag-szkola","tag-zespol-szkolnoprzedszkolny"],"_links":{"self":[{"href":"https:\/\/online.tvk-gaj.pl\/index.php?rest_route=\/wp\/v2\/posts\/8634","targetHints":{"allow":["GET"]}}],"collection":[{"href":"https:\/\/online.tvk-gaj.pl\/index.php?rest_route=\/wp\/v2\/posts"}],"about":[{"href":"https:\/\/online.tvk-gaj.pl\/index.php?rest_route=\/wp\/v2\/types\/post"}],"author":[{"embeddable":true,"href":"https:\/\/online.tvk-gaj.pl\/index.php?rest_route=\/wp\/v2\/users\/1"}],"replies":[{"embeddable":true,"href":"https:\/\/online.tvk-gaj.pl\/index.php?rest_route=%2Fwp%2Fv2%2Fcomments&post=8634"}],"version-history":[{"count":16,"href":"https:\/\/online.tvk-gaj.pl\/index.php?rest_route=\/wp\/v2\/posts\/8634\/revisions"}],"predecessor-version":[{"id":8978,"href":"https:\/\/online.tvk-gaj.pl\/index.php?rest_route=\/wp\/v2\/posts\/8634\/revisions\/8978"}],"wp:featuredmedia":[{"embeddable":true,"href":"https:\/\/online.tvk-gaj.pl\/index.php?rest_route=\/wp\/v2\/media\/8635"}],"wp:attachment":[{"href":"https:\/\/online.tvk-gaj.pl\/index.php?rest_route=%2Fwp%2Fv2%2Fmedia&parent=8634"}],"wp:term":[{"taxonomy":"category","embeddable":true,"href":"https:\/\/online.tvk-gaj.pl\/index.php?rest_route=%2Fwp%2Fv2%2Fcategories&post=8634"},{"taxonomy":"post_tag","embeddable":true,"href":"https:\/\/online.tvk-gaj.pl\/index.php?rest_route=%2Fwp%2Fv2%2Ftags&post=8634"}],"curies":[{"name":"wp","href":"https:\/\/api.w.org\/{rel}","templated":true}]}}