{"id":8653,"date":"2017-01-10T18:18:30","date_gmt":"2017-01-10T17:18:30","guid":{"rendered":"http:\/\/www.tvk-gaj.pl\/~gajonline\/?p=8653"},"modified":"2017-01-10T18:18:30","modified_gmt":"2017-01-10T17:18:30","slug":"konkurs-fotograficzny-dotyczacy-gaju","status":"publish","type":"post","link":"https:\/\/online.tvk-gaj.pl\/?p=8653","title":{"rendered":"Konkurs fotograficzny dotycz\u0105cy Gaju"},"content":{"rendered":"<p>[AKCJA PARTNERSKA] &nbsp;GajOnline zach\u0119ca do wzi\u0119cia udzia\u0142u w konkursie fotograficznym zorganizowanym przez Centrum Handlowe Ferio Gaj. Zapraszamy do dzielenia si\u0119 unikatowymi zdj\u0119ciami osiedla. Dla autora najciekawszego zdj\u0119cia przewidziana jest nagroda pieni\u0119\u017cna (bon zakupowy).<!--more--><\/p>\n<p>&nbsp;<\/p>\n<p><strong>Konkurs fotograficzny Ferio GAJ<\/strong><\/p>\n<p>&nbsp;<\/p>\n<p><a href=\"http:\/\/www.tvk-gaj.pl\/~gajonline\/wp-content\/uploads\/2017\/01\/15972338_848512765252052_3642751378511388291_o.jpg\"><img loading=\"lazy\" decoding=\"async\" class=\"aligncenter size-large wp-image-8654\" src=\"http:\/\/www.tvk-gaj.pl\/~gajonline\/wp-content\/uploads\/2017\/01\/15972338_848512765252052_3642751378511388291_o-1024x682.jpg\" alt=\"\" width=\"838\" height=\"558\" srcset=\"https:\/\/online.tvk-gaj.pl\/wp-content\/uploads\/2017\/01\/15972338_848512765252052_3642751378511388291_o-1024x682.jpg 1024w, https:\/\/online.tvk-gaj.pl\/wp-content\/uploads\/2017\/01\/15972338_848512765252052_3642751378511388291_o-300x200.jpg 300w, https:\/\/online.tvk-gaj.pl\/wp-content\/uploads\/2017\/01\/15972338_848512765252052_3642751378511388291_o-768x512.jpg 768w, https:\/\/online.tvk-gaj.pl\/wp-content\/uploads\/2017\/01\/15972338_848512765252052_3642751378511388291_o-321x214.jpg 321w, https:\/\/online.tvk-gaj.pl\/wp-content\/uploads\/2017\/01\/15972338_848512765252052_3642751378511388291_o-140x94.jpg 140w, https:\/\/online.tvk-gaj.pl\/wp-content\/uploads\/2017\/01\/15972338_848512765252052_3642751378511388291_o.jpg 1688w\" sizes=\"auto, (max-width: 838px) 100vw, 838px\" \/><\/a><\/p>\n<p>&nbsp;<\/p>\n<blockquote><p>Uwaga! <a class=\"_58cn\" href=\"https:\/\/www.facebook.com\/hashtag\/konkurs\" data-ft=\"{&quot;tn&quot;:&quot;*N&quot;,&quot;type&quot;:104}\">#KONKURS<\/a> dla mieszka\u0144c\u00f3w i mi\u0142o\u015bnik\u00f3w osiedla Gaj i okolic. Do wygrania bon o warto\u015bci<a class=\"_58cn\" href=\"https:\/\/www.facebook.com\/hashtag\/100pln\" data-ft=\"{&quot;tn&quot;:&quot;*N&quot;,&quot;type&quot;:104}\">#100PLN<\/a> do dowolnie wybranego sklepu w centrum handlowym <a href=\"https:\/\/www.facebook.com\/CHFerioGaj\/\" data-hovercard=\"\/ajax\/hovercard\/page.php?id=670315359738461&amp;extragetparams=%7B%22directed_target_id%22%3A0%7D\" data-hovercard-prefer-more-content-show=\"1\">Ferio Gaj<\/a>!<br \/>\nZasady s\u0105 proste &#8211; dodaj w komentarzu do tego posta konkursowego zdj\u0119cie przedstawiaj\u0105ce Gaj lub okolice. Zdj\u0119cie mo\u017ce by\u0107 archiwalne lub wsp\u00f3\u0142czesne.<\/p>\n<p>Pami\u0119taj: musisz posiada\u0107 wy\u0142\u0105czne i nieograniczone prawo autorskie do zg\u0142oszonego z<span class=\"text_exposed_show\">dj\u0119cia. Zdj\u0119cie nie mo\u017ce narusza\u0107 praw autorskich, praw do wizerunku oraz d\u00f3br osobistych innych os\u00f3b.<\/p>\n<p>Konkurs potrwa do 31 stycznia 2017 r. O wynikach poinformujemy w dniu 3 lutego 2017 r.&nbsp;<br \/>\n<\/span><\/p><\/blockquote>\n<p>&nbsp;<\/p>\n<p>Zdj\u0119cia konkursowe zamieszczane b\u0119d\u0105 na facebookowym profilu <a href=\"https:\/\/web.facebook.com\/CHFerioGaj\/photos\/a.676178095818854.1073741828.670315359738461\/848512765252052\/?type=3\" target=\"_blank\">CH Ferio Gaj<\/a>.&nbsp;<\/p>\n<p>&nbsp;<\/p>\n<p><strong>GajOnline poleca:)<\/strong><\/p>\n<p><span class=\"text_exposed_show\"><br \/>\n<em>[Konkurs nie jest stworzony, administrowany ani sponsorowany przez Rad\u0119 Osiedla Gaj ani Facebook. Facebook jest znakiem towarowym zastrze\u017conym przez Facebook, Inc.]<\/em><\/span><\/p>\n","protected":false},"excerpt":{"rendered":"<p>[AKCJA PARTNERSKA] &nbsp;GajOnline zach\u0119ca do wzi\u0119cia udzia\u0142u w konkursie fotograficznym zorganizowanym przez Centrum Handlowe Ferio Gaj. Zapraszamy do dzielenia si\u0119 unikatowymi zdj\u0119ciami osiedla. Dla autora najciekawszego zdj\u0119cia przewidziana jest nagroda pieni\u0119\u017cna (bon zakupowy).<\/p>\n","protected":false},"author":1,"featured_media":8654,"comment_status":"open","ping_status":"open","sticky":false,"template":"","format":"standard","meta":{"footnotes":""},"categories":[14],"tags":[212,131,112,18,626,166,650],"class_list":["post-8653","post","type-post","status-publish","format-standard","has-post-thumbnail","hentry","category-aktualnosci","tag-centrum-handlowe-ferio-gaj","tag-ferio-gaj","tag-gaj","tag-gol","tag-konkurs","tag-osiedle-gaj","tag-zdjecia"],"_links":{"self":[{"href":"https:\/\/online.tvk-gaj.pl\/index.php?rest_route=\/wp\/v2\/posts\/8653","targetHints":{"allow":["GET"]}}],"collection":[{"href":"https:\/\/online.tvk-gaj.pl\/index.php?rest_route=\/wp\/v2\/posts"}],"about":[{"href":"https:\/\/online.tvk-gaj.pl\/index.php?rest_route=\/wp\/v2\/types\/post"}],"author":[{"embeddable":true,"href":"https:\/\/online.tvk-gaj.pl\/index.php?rest_route=\/wp\/v2\/users\/1"}],"replies":[{"embeddable":true,"href":"https:\/\/online.tvk-gaj.pl\/index.php?rest_route=%2Fwp%2Fv2%2Fcomments&post=8653"}],"version-history":[{"count":2,"href":"https:\/\/online.tvk-gaj.pl\/index.php?rest_route=\/wp\/v2\/posts\/8653\/revisions"}],"predecessor-version":[{"id":8656,"href":"https:\/\/online.tvk-gaj.pl\/index.php?rest_route=\/wp\/v2\/posts\/8653\/revisions\/8656"}],"wp:featuredmedia":[{"embeddable":true,"href":"https:\/\/online.tvk-gaj.pl\/index.php?rest_route=\/wp\/v2\/media\/8654"}],"wp:attachment":[{"href":"https:\/\/online.tvk-gaj.pl\/index.php?rest_route=%2Fwp%2Fv2%2Fmedia&parent=8653"}],"wp:term":[{"taxonomy":"category","embeddable":true,"href":"https:\/\/online.tvk-gaj.pl\/index.php?rest_route=%2Fwp%2Fv2%2Fcategories&post=8653"},{"taxonomy":"post_tag","embeddable":true,"href":"https:\/\/online.tvk-gaj.pl\/index.php?rest_route=%2Fwp%2Fv2%2Ftags&post=8653"}],"curies":[{"name":"wp","href":"https:\/\/api.w.org\/{rel}","templated":true}]}}