{"id":8675,"date":"2017-01-18T21:32:17","date_gmt":"2017-01-18T20:32:17","guid":{"rendered":"http:\/\/www.tvk-gaj.pl\/~gajonline\/?p=8675"},"modified":"2017-01-18T21:34:31","modified_gmt":"2017-01-18T20:34:31","slug":"darmowy-sprzet-medyczny-dla-mieszkancow-gaju","status":"publish","type":"post","link":"https:\/\/online.tvk-gaj.pl\/?p=8675","title":{"rendered":"Darmowy sprz\u0119t medyczny dla mieszka\u0144c\u00f3w Gaju"},"content":{"rendered":"<p>Z inicjatywy radnej Rady Miejskiej Wroc\u0142awia &#8211; Pani Agnieszki Rybczak, dost\u0119pnych jest do darmowego przekazania potrzebuj\u0105cym mieszka\u0144com Gaju sprz\u0119t medyczny w postaci w\u00f3zk\u00f3w inwalidzkich oraz balkonika.&nbsp;<!--more--><\/p>\n<p>Do oddania jest 5 w\u00f3zk\u00f3w inwalidzkich i 1 balkonik.<\/p>\n<p>&nbsp;<\/p>\n<p><a href=\"http:\/\/www.tvk-gaj.pl\/~gajonline\/wp-content\/uploads\/2017\/01\/received_10206069950182585.jpeg\"><img loading=\"lazy\" decoding=\"async\" class=\"aligncenter size-full wp-image-8676\" src=\"http:\/\/www.tvk-gaj.pl\/~gajonline\/wp-content\/uploads\/2017\/01\/received_10206069950182585.jpeg\" alt=\"\" width=\"360\" height=\"480\" srcset=\"https:\/\/online.tvk-gaj.pl\/wp-content\/uploads\/2017\/01\/received_10206069950182585.jpeg 360w, https:\/\/online.tvk-gaj.pl\/wp-content\/uploads\/2017\/01\/received_10206069950182585-225x300.jpeg 225w\" sizes=\"auto, (max-width: 360px) 100vw, 360px\" \/><\/a><\/p>\n<p>&nbsp;<\/p>\n<p>Przedmioty s\u0105 u\u017cywane, ale w bardzo dobrym&nbsp;stanie.<\/p>\n<p>W\u00f3zki i balkonik mo\u017cna odebra\u0107 w Centrum Handlowym GAJ przy ul. \u015awieradowskiej na Gaju lub z dowozem na miejsce na terenie Osiedla GAJ.<\/p>\n<p>Szczeg\u00f3\u0142owe informacje pod numerem telefonu 505 111 008.<\/p>\n<p>&nbsp;<\/p>\n<p>[ngg_images source=&#8221;galleries&#8221; container_ids=&#8221;85&#8243; display_type=&#8221;photocrati-nextgen_basic_thumbnails&#8221; override_thumbnail_settings=&#8221;0&#8243; thumbnail_width=&#8221;100&#8243; thumbnail_height=&#8221;75&#8243; thumbnail_crop=&#8221;1&#8243; images_per_page=&#8221;0&#8243; number_of_columns=&#8221;0&#8243; ajax_pagination=&#8221;0&#8243; show_all_in_lightbox=&#8221;0&#8243; use_imagebrowser_effect=&#8221;0&#8243; show_slideshow_link=&#8221;1&#8243; slideshow_link_text=&#8221;[Pokaz slajd\u00f3w]&#8221; order_by=&#8221;sortorder&#8221; order_direction=&#8221;ASC&#8221; returns=&#8221;included&#8221; maximum_entity_count=&#8221;500&#8243;]&nbsp;<\/p>\n<p>&nbsp;<\/p>\n<p><strong>Rada Osiedla Gaj wspiera akcj\u0119!&nbsp;<\/strong><\/p>\n<p>&nbsp;<\/p>\n","protected":false},"excerpt":{"rendered":"<p>Z inicjatywy radnej Rady Miejskiej Wroc\u0142awia &#8211; Pani Agnieszki Rybczak, dost\u0119pnych jest do darmowego przekazania potrzebuj\u0105cym mieszka\u0144com Gaju sprz\u0119t medyczny w postaci w\u00f3zk\u00f3w inwalidzkich oraz balkonika.&nbsp;<\/p>\n","protected":false},"author":1,"featured_media":8676,"comment_status":"open","ping_status":"open","sticky":false,"template":"","format":"standard","meta":{"footnotes":""},"categories":[14],"tags":[832,830,577,833,112,135,831,117,829],"class_list":["post-8675","post","type-post","status-publish","format-standard","has-post-thumbnail","hentry","category-aktualnosci","tag-agnieszka-rybczak","tag-balkonik","tag-centrum-handlowe-gaj","tag-darmowy-sprzet","tag-gaj","tag-rada-osiedla-gaj","tag-sprzet-regabilitacyjny","tag-swieradowska","tag-wozki-inwalidzkie"],"_links":{"self":[{"href":"https:\/\/online.tvk-gaj.pl\/index.php?rest_route=\/wp\/v2\/posts\/8675","targetHints":{"allow":["GET"]}}],"collection":[{"href":"https:\/\/online.tvk-gaj.pl\/index.php?rest_route=\/wp\/v2\/posts"}],"about":[{"href":"https:\/\/online.tvk-gaj.pl\/index.php?rest_route=\/wp\/v2\/types\/post"}],"author":[{"embeddable":true,"href":"https:\/\/online.tvk-gaj.pl\/index.php?rest_route=\/wp\/v2\/users\/1"}],"replies":[{"embeddable":true,"href":"https:\/\/online.tvk-gaj.pl\/index.php?rest_route=%2Fwp%2Fv2%2Fcomments&post=8675"}],"version-history":[{"count":3,"href":"https:\/\/online.tvk-gaj.pl\/index.php?rest_route=\/wp\/v2\/posts\/8675\/revisions"}],"predecessor-version":[{"id":8679,"href":"https:\/\/online.tvk-gaj.pl\/index.php?rest_route=\/wp\/v2\/posts\/8675\/revisions\/8679"}],"wp:featuredmedia":[{"embeddable":true,"href":"https:\/\/online.tvk-gaj.pl\/index.php?rest_route=\/wp\/v2\/media\/8676"}],"wp:attachment":[{"href":"https:\/\/online.tvk-gaj.pl\/index.php?rest_route=%2Fwp%2Fv2%2Fmedia&parent=8675"}],"wp:term":[{"taxonomy":"category","embeddable":true,"href":"https:\/\/online.tvk-gaj.pl\/index.php?rest_route=%2Fwp%2Fv2%2Fcategories&post=8675"},{"taxonomy":"post_tag","embeddable":true,"href":"https:\/\/online.tvk-gaj.pl\/index.php?rest_route=%2Fwp%2Fv2%2Ftags&post=8675"}],"curies":[{"name":"wp","href":"https:\/\/api.w.org\/{rel}","templated":true}]}}