{"id":879,"date":"2014-05-17T22:55:36","date_gmt":"2014-05-17T20:55:36","guid":{"rendered":"http:\/\/www.gaj-osiedle.wroclaw.pl\/?p=879"},"modified":"2018-09-15T15:05:53","modified_gmt":"2018-09-15T13:05:53","slug":"osiedle-gaj","status":"publish","type":"post","link":"https:\/\/online.tvk-gaj.pl\/?p=879","title":{"rendered":"Osiedle Gaj"},"content":{"rendered":"<h1>&nbsp;<\/h1>\n<h1><span style=\"color: #000000;\">Informacje o Osiedlu Gaj we Wroc\u0142awiu<\/span><br \/>\n<strong><!--more--><\/strong><\/h1>\n<p>&nbsp;<\/p>\n<p><strong>Dane podstawowe:<\/strong><\/p>\n<table style=\"height: 365px;\" width=\"255\" cellpadding=\"4\">\n<tbody>\n<tr>\n<td>Miasto<\/td>\n<td>Wroc\u0142aw<\/td>\n<\/tr>\n<tr>\n<td>Status<\/td>\n<td>osiedle<\/td>\n<\/tr>\n<tr>\n<td>Za\u0142o\u017cono<\/td>\n<td>1991<\/td>\n<\/tr>\n<tr>\n<td>W granicach Wroc\u0142awia<\/td>\n<td>1904<\/td>\n<\/tr>\n<tr>\n<td>Ludno\u015b\u0107&nbsp;<small>(2007)<\/small><br \/>\n\u2022 liczba ludno\u015bci<\/td>\n<td>19 700<\/td>\n<\/tr>\n<tr>\n<td colspan=\"2\">Po\u0142o\u017cenie na planie Wroc\u0142awia<br \/>\n<a title=\"Po\u0142o\u017cenie na planie Wroc\u0142awia\" href=\"http:\/\/pl.wikipedia.org\/wiki\/Plik:Wroc%C5%82aw_Gaj.png\"><img loading=\"lazy\" decoding=\"async\" src=\"http:\/\/upload.wikimedia.org\/wikipedia\/commons\/thumb\/6\/69\/Wroc%C5%82aw_Gaj.png\/241px-Wroc%C5%82aw_Gaj.png\" alt=\"Po\u0142o\u017cenie na planie Wroc\u0142awia\" width=\"241\" height=\"167\"><\/a><\/td>\n<\/tr>\n<\/tbody>\n<\/table>\n<p>&nbsp;<\/p>\n<p><span style=\"color: #000000;\"><b>Po\u0142o\u017cenie:<\/b><\/span><\/p>\n<p>Gaj&nbsp;&#8211; osiedle w po\u0142udniowej cz\u0119\u015bci&nbsp;Wroc\u0142awia. Graniczny od p\u00f3\u0142nocy z osiedlem Huby, od po\u0142udnia z osiedlem Wojszyce, od wschodu z Tarnogajem oraz zachodu z osiedlem Borek. Gaj&nbsp;zajmuje po\u0142udniow\u0105 cz\u0119\u015b\u0107 teren\u00f3w przy\u0142\u0105czonej do miasta w roku&nbsp;1904&nbsp;wsi&nbsp;<i>Herdain<\/i>. Nie nale\u017cy myli\u0107 go z s\u0105siednim osiedlem&nbsp;Tarnogaj&nbsp;znajduj\u0105cym si\u0119 r\u00f3wnie\u017c w obr\u0119bie tej samej dawnej dzielnicy&nbsp;Krzyki&nbsp;ani z le\u017c\u0105cym nieco dalej na zach\u00f3d osiedlem&nbsp;Gajowice, le\u017c\u0105cym w dzielnicy&nbsp;Fabryczna. R\u00f3wnie\u017c osiedla&nbsp;Gajowa&nbsp;w p\u00f3\u0142nocno-wschodniej okolicy miasta nie \u0142\u0105czy z osiedlem Gaj nic pr\u00f3cz podobie\u0144stwa nazwy.<\/p>\n<p>Granice osiedla Gaj wyznaczaj\u0105:<\/p>\n<p>-od p\u00f3\u0142nocy Aleja Armii Krajowej<\/p>\n<p>-od po\u0142udnia nasyp kolejowy wzd\u0142u\u017c ulicy Jerzego Kukuczki<\/p>\n<p>-od wschodu ul. Bardzka<\/p>\n<p>-od zachodu ul. Spiska<\/p>\n<p>&nbsp;<\/p>\n<p>[mappress mapid=&#8221;5&#8243;]<\/p>\n<p>&nbsp;<\/p>\n<p>&nbsp;<\/p>\n<p><b style=\"color: #000000;\">Granice osiedla Gaj&nbsp;<span style=\"font-weight: normal;\">(w rozumieniu ewidencyjno-wyborczym)<\/span><\/b><\/p>\n<p>&nbsp;<\/p>\n<p><a href=\"http:\/\/www.tvk-gaj.pl\/~gajonline\/wp-content\/uploads\/2014\/05\/gajgranice.jpg\"><img loading=\"lazy\" decoding=\"async\" class=\"aligncenter size-large wp-image-5157\" src=\"http:\/\/www.tvk-gaj.pl\/~gajonline\/wp-content\/uploads\/2014\/05\/gajgranice-1024x596.jpg\" alt=\"gajgranice\" width=\"838\" height=\"488\" srcset=\"https:\/\/online.tvk-gaj.pl\/wp-content\/uploads\/2014\/05\/gajgranice-1024x596.jpg 1024w, https:\/\/online.tvk-gaj.pl\/wp-content\/uploads\/2014\/05\/gajgranice-300x174.jpg 300w, https:\/\/online.tvk-gaj.pl\/wp-content\/uploads\/2014\/05\/gajgranice.jpg 1372w\" sizes=\"auto, (max-width: 838px) 100vw, 838px\" \/><\/a><\/p>\n<p>&nbsp;<\/p>\n<table border=\"1\" width=\"100%\" cellspacing=\"0\" cellpadding=\"0\">\n<tbody>\n<tr>\n<td style=\"color: #000000;\" valign=\"top\">Lp.<\/td>\n<td style=\"color: #000000;\" colspan=\"3\" valign=\"top\">Nazwa ulicy<\/td>\n<td style=\"color: #000000;\" valign=\"top\">Lp.<\/td>\n<td style=\"color: #000000;\" valign=\"top\">Nazwa ulicy<\/td>\n<\/tr>\n<tr>\n<td style=\"color: #000000;\" valign=\"top\">1<\/td>\n<td style=\"color: #000000;\" colspan=\"3\" valign=\"top\">Adama Uzna\u0144skiego<\/td>\n<td style=\"color: #000000;\" valign=\"top\">21<\/td>\n<td style=\"color: #000000;\" valign=\"top\">Or\u0142owicza<\/td>\n<\/tr>\n<tr>\n<td style=\"color: #000000;\" valign=\"top\">2<\/td>\n<td style=\"color: #000000;\" colspan=\"3\" valign=\"top\">Aleja Armii Krajowej N 1-37<\/td>\n<td style=\"color: #000000;\" valign=\"top\">22<\/td>\n<td style=\"color: #000000;\" valign=\"top\">Orzechowa<\/td>\n<\/tr>\n<tr>\n<td style=\"color: #000000;\" valign=\"top\">3<\/td>\n<td style=\"color: #000000;\" colspan=\"3\" valign=\"top\">Alpejska<\/td>\n<td style=\"color: #000000;\" valign=\"top\">23<\/td>\n<td style=\"color: #000000;\" valign=\"top\">Pamirska<\/td>\n<\/tr>\n<tr>\n<td style=\"color: #000000;\" valign=\"top\">4<\/td>\n<td style=\"color: #000000;\" colspan=\"3\" valign=\"top\">Bielawska<\/td>\n<td style=\"color: #000000;\" valign=\"top\">24<\/td>\n<td style=\"color: #000000;\" valign=\"top\">Pieszycka<\/td>\n<\/tr>\n<tr>\n<td style=\"color: #000000;\" valign=\"top\">5<\/td>\n<td style=\"color: #000000;\" colspan=\"3\" valign=\"top\">Borowska P 138-272, N 173-281<\/td>\n<td style=\"color: #000000;\" valign=\"top\">25<\/td>\n<td style=\"color: #000000;\" valign=\"top\">Pietrzykowicka<\/td>\n<\/tr>\n<tr>\n<td style=\"color: #000000;\" valign=\"top\">6<\/td>\n<td style=\"color: #000000;\" colspan=\"3\" valign=\"top\">Brzoskwiniowa<\/td>\n<td style=\"color: #000000;\" valign=\"top\">26<\/td>\n<td style=\"color: #000000;\" valign=\"top\">Pi\u0142awska<\/td>\n<\/tr>\n<tr>\n<td style=\"color: #000000;\" valign=\"top\">7<\/td>\n<td style=\"color: #000000;\" colspan=\"3\" valign=\"top\">Czerniawska<\/td>\n<td style=\"color: #000000;\" valign=\"top\">27<\/td>\n<td style=\"color: #000000;\" valign=\"top\">Pirenejska<\/td>\n<\/tr>\n<tr>\n<td style=\"color: #000000;\" valign=\"top\">8<\/td>\n<td style=\"color: #000000;\" colspan=\"3\" valign=\"top\">D\u0142ugopolska<\/td>\n<td style=\"color: #000000;\" valign=\"top\">28<\/td>\n<td style=\"color: #000000;\" valign=\"top\">Puszczykowska<\/td>\n<\/tr>\n<tr>\n<td style=\"color: #000000;\" valign=\"top\">9<\/td>\n<td style=\"color: #000000;\" colspan=\"3\" valign=\"top\">Dusznicka<\/td>\n<td style=\"color: #000000;\" valign=\"top\">29<\/td>\n<td style=\"color: #000000;\" valign=\"top\">Radkowska<\/td>\n<\/tr>\n<tr>\n<td style=\"color: #000000;\" valign=\"top\">10<\/td>\n<td style=\"color: #000000;\" colspan=\"3\" valign=\"top\">Dzia\u0142kowa<\/td>\n<td style=\"color: #000000;\" valign=\"top\">30<\/td>\n<td style=\"color: #000000;\" valign=\"top\">Spiska 5-64<\/td>\n<\/tr>\n<tr>\n<td style=\"color: #000000;\" valign=\"top\">11<\/td>\n<td style=\"color: #000000;\" colspan=\"3\" valign=\"top\">Dzier\u017coniowska<\/td>\n<td style=\"color: #000000;\" valign=\"top\">31<\/td>\n<td style=\"color: #000000;\" valign=\"top\">Srebrnog\u00f3rska<\/td>\n<\/tr>\n<tr>\n<td style=\"color: #000000;\" valign=\"top\">12<\/td>\n<td style=\"color: #000000;\" colspan=\"3\" valign=\"top\">Glogera<\/td>\n<td style=\"color: #000000;\" valign=\"top\">32<\/td>\n<td style=\"color: #000000;\" valign=\"top\">Stro\u0144ska<\/td>\n<\/tr>\n<tr>\n<td style=\"color: #000000;\" valign=\"top\">13<\/td>\n<td style=\"color: #000000;\" colspan=\"3\" valign=\"top\">Himalajska<\/td>\n<td style=\"color: #000000;\" valign=\"top\">33<\/td>\n<td style=\"color: #000000;\" valign=\"top\">\u015awieradowska<\/td>\n<\/tr>\n<tr>\n<td style=\"color: #000000;\" valign=\"top\">14<\/td>\n<td style=\"color: #000000;\" colspan=\"3\" valign=\"top\">Jab\u0142eczna<\/td>\n<td style=\"color: #000000;\" valign=\"top\">34<\/td>\n<td style=\"color: #000000;\" valign=\"top\">Trawna<\/td>\n<\/tr>\n<tr>\n<td style=\"color: #000000;\" valign=\"top\">15<\/td>\n<td style=\"color: #000000;\" colspan=\"3\" valign=\"top\">Jerzego Kukuczki<\/td>\n<td style=\"color: #000000;\" valign=\"top\">35<\/td>\n<td style=\"color: #000000;\" valign=\"top\">Wambierzycka<\/td>\n<\/tr>\n<tr>\n<td style=\"color: #000000;\" valign=\"top\">16<\/td>\n<td style=\"color: #000000;\" colspan=\"3\" valign=\"top\">K\u0142odzka<\/td>\n<td style=\"color: #000000;\" valign=\"top\">36<\/td>\n<td style=\"color: #000000;\" valign=\"top\">Wandy Rutkiewicz<\/td>\n<\/tr>\n<tr>\n<td style=\"color: #000000;\" valign=\"top\">17<\/td>\n<td style=\"color: #000000;\" colspan=\"3\" valign=\"top\">Krynicka<\/td>\n<td style=\"color: #000000;\" valign=\"top\">37<\/td>\n<td style=\"color: #000000;\" valign=\"top\">Zaruskiego<\/td>\n<\/tr>\n<tr>\n<td style=\"color: #000000;\" valign=\"top\">18<\/td>\n<td style=\"color: #000000;\" colspan=\"3\" valign=\"top\">Kudowska<\/td>\n<td style=\"color: #000000;\" valign=\"top\">38<\/td>\n<td style=\"color: #000000;\" valign=\"top\">Zmorskiego<\/td>\n<\/tr>\n<tr>\n<td style=\"color: #000000;\" valign=\"top\">19<\/td>\n<td style=\"color: #000000;\" colspan=\"3\" valign=\"top\">L\u0105decka<\/td>\n<td style=\"color: #000000;\" valign=\"top\">39<\/td>\n<td style=\"color: #000000;\" valign=\"top\">\u017begiestowska<\/td>\n<\/tr>\n<tr>\n<td style=\"color: #000000;\" valign=\"top\">20<\/td>\n<td style=\"color: #000000;\" colspan=\"3\" valign=\"top\">Niemcza\u0144ska<\/td>\n<td style=\"color: #000000;\" valign=\"top\">&nbsp;<\/td>\n<td style=\"color: #000000;\" valign=\"top\">&nbsp;<\/td>\n<\/tr>\n<\/tbody>\n<\/table>\n<p>&nbsp;<\/p>\n<p>&nbsp;<\/p>\n<p style=\"color: #4e4e4e;\"><strong>Rada Osiedla<\/strong><\/p>\n<p style=\"color: #4e4e4e;\"><strong>Osiedle Gaj<\/strong><\/p>\n<p style=\"color: #4e4e4e;\"><strong>Przewodnicz\u0105cy Zarz\u0105du Osiedla:<\/strong>&nbsp;Stefan Zydorowicz<br \/>\n<strong>Przewodnicz\u0105cy Rady Osiedla:<\/strong>&nbsp;Adam Wojtaszewski<br \/>\ntel. 502 034 044<br \/>\n<strong>Siedziba:<\/strong>&nbsp;ul. Krynicka 80, 50-535 Wroc\u0142aw<br \/>\ntel. +48 71 373 15 50<br \/>\n<strong>e-mail:&nbsp;<\/strong><a style=\"color: #0088cc;\" href=\"mailto:gaj@osiedle.wroc.pl\">gaj@osiedle.wroc.pl<\/a><\/p>\n<p>&nbsp;<\/p>\n<p><strong>Historia:&nbsp;<\/strong><\/p>\n<p>Wie\u015b wzmiankowana w roku&nbsp;1273, kiedy mieszczanin Henryk, syn Herdana, naby\u0142 tu 5,5&nbsp;\u0142ana&nbsp;ziemi, w pobli\u017cu komandorii&nbsp;joannit\u00f3w. Od owego Herdana pochodzi najpewniej nazwa&nbsp;<i>Herdain<\/i>; wie\u015b wzmiankowano te\u017c w&nbsp;1304&nbsp;pod nazw\u0105&nbsp;<i>Gayn<\/i>. Nale\u017ca\u0142a ona do roku&nbsp;1808&nbsp;(kiedy w Prusach przeprowadzono&nbsp;sekularyzacj\u0119&nbsp;maj\u0105tk\u00f3w ko\u015bcielnych), do&nbsp;komandorii&nbsp;joannit\u00f3w. Z zapisk\u00f3w wiadomo, \u017ce w po\u0142owie&nbsp;XIX wieku&nbsp;znajdowa\u0142o si\u0119 tu 28 dom\u00f3w, gorzelnia, karczma i cmentarz. Niewielki skrawek wsi przy\u0142\u0105czono do Wroc\u0142awia ju\u017c w&nbsp;1895&nbsp;&#8211; jest to rejon na p\u00f3\u0142noc od&nbsp;Wojszyc&nbsp;i&nbsp;O\u0142taszyna, w kt\u00f3rym znajduje si\u0119 dzi\u015b Park Skowroni mi\u0119dzy ulicami Spisk\u0105 i \u015al\u0119\u017cn\u0105; granica przy\u0142\u0105czonego w\u00f3wczas fragmentu wsi przebiega\u0142a dok\u0142adnie dzisiejsz\u0105 ulic\u0105 Dzia\u0142kow\u0105. Urz\u0105dzono tam nowe cmentarze \u015bw. Marii Magdaleny, \u015bw. Maurycego, \u015bw. Jana i Zbawiciela.<\/p>\n<p>&nbsp;<\/p>\n<p><img loading=\"lazy\" decoding=\"async\" class=\"aligncenter wp-image-926\" src=\"http:\/\/www.tvk-gaj.pl\/~gajonline\/wp-content\/uploads\/2013\/04\/160541.jpg\" alt=\"160541\" width=\"448\" height=\"360\" srcset=\"https:\/\/online.tvk-gaj.pl\/wp-content\/uploads\/2013\/04\/160541.jpg 747w, https:\/\/online.tvk-gaj.pl\/wp-content\/uploads\/2013\/04\/160541-300x240.jpg 300w\" sizes=\"auto, (max-width: 448px) 100vw, 448px\" \/><\/p>\n<p>&nbsp;<\/p>\n<p>Pozosta\u0142\u0105 cz\u0119\u015b\u0107&nbsp;<i>Herdain<\/i>, na p\u00f3\u0142noc od linii (z nieznacznymi lokalnymi odst\u0119pstwami) ulicy \u015awieradowskiej, na wsch\u00f3d od Bardzkiej, na p\u00f3\u0142noc od linii kolejowej i na zach\u00f3d od Zi\u0119bickiej (granic\u0119 z&nbsp;Hubami&nbsp;i&nbsp;Gliniankami, przy\u0142\u0105czonymi do miasta ju\u017c w&nbsp;1868&nbsp;wyznacza\u0142y fragmenty dzisiejszych ulic Kamiennej i Wieczystej) przy\u0142\u0105czono do miasta w&nbsp;1904. W owym czasie by\u0142o tam ju\u017c kilka miejskich kamienic: przy Armii Krajowej (<i>Helmutstra\u00dfe<\/i>), Orzechowej (<i>Herdeiner Feldweg<\/i>&nbsp;&#8211; &#8222;Polna Droga na Gaju&#8221;), \u015alicznej (<i>Cretiusstra\u00dfe<\/i>) z ostatnich dw\u00f3ch dekad&nbsp;XIX wieku.<\/p>\n<p>G\u0142\u00f3wn\u0105 drog\u0119 (<i>Hauptstra\u00dfe<\/i>) prowadz\u0105c\u0105 do Gaju z Wroc\u0142awia przemianowano na&nbsp;<i>Herdainstra\u00dfe<\/i>&nbsp;rok po przy\u0142\u0105czeniu wsi do miasta, w&nbsp;1905. Obecnie nosi ona nazw\u0119 ulicy Gajowej (jeszcze raz warto podkre\u015bli\u0107, \u017ce nazwa ta nie ma zwi\u0105zku z osiedlem Gajowa przy ul.&nbsp;Kosmonaut\u00f3w) i \u0142\u0105czy ulic\u0119 Dyrekcyjn\u0105 od zbiegu z Such\u0105 i Hubsk\u0105 oraz ulic\u0119 Kamienn\u0105 przy placu Zamenhofa. W ca\u0142o\u015bci zatem znajduje si\u0119 ona poza granicami osiedla Gaj, przebiega bowiem przez Glinianki i Huby. Niegdy\u015b ulica ta dochodzi\u0142a a\u017c do \u015alicznej, ale ko\u0144cowy odcinek zabudowano blokami mieszkalnymi w&nbsp;latach 70. XX wieku. W pierwszej po\u0142owie&nbsp;XX wieku&nbsp;na terenach&nbsp;<i>Herdain<\/i>&nbsp;znajdowa\u0142o si\u0119 gospodarstwo rolnicze, kilka zabudowa\u0144 przemys\u0142owych i robotnicze osiedle, m.in. dla robotnik\u00f3w wybudowanej w s\u0105siedniej dzielnicy, na Tarnogaju, gazowni.<\/p>\n<p>Pod koniec wieku&nbsp;XX, w latach&nbsp;1979-1994, wed\u0142ug projektu Krystyny Che\u0142mickiej, Kazimierza Oziewicza i Andrzeja Wolskiego zabudowano najwi\u0119ksz\u0105 cz\u0119\u015b\u0107 osiedla Gaj w kwartale pomi\u0119dzy ulicami Armii Krajowej, Bardzk\u0105, \u015awieradowsk\u0105 i Borowsk\u0105 oraz z przecinaj\u0105cymi go wewn\u0105trz ulicami Orzechow\u0105 i Krynick\u0105. Osiedle przewidziano dla 26 tysi\u0119cy mieszka\u0144c\u00f3w, zastosowano powszechn\u0105 w owych czasach technologi\u0119&nbsp;wielkop\u0142ytow\u0105. Jako \u017ce by\u0142 to schy\u0142kowy okres stosowania tej technologii w Polsce, starano si\u0119 w\u00f3wczas zminimalizowa\u0107 wra\u017cenie monotonii blokowiska, stosuj\u0105c nieszablonowy uk\u0142ad zabudowy wzd\u0142u\u017c linii \u0142amanych, w ten spos\u00f3b, \u017ce strony wej\u015bciowe budynk\u00f3w obramowuj\u0105 ci\u0105gi uliczne, za\u015b z drugiej ich strony znajduj\u0105 si\u0119 wype\u0142nione zieleni\u0105 wn\u0119trza urbanistyczne. Z drugiej strony, okres budowy wi\u0119kszo\u015bci tych wie\u017cowc\u00f3w przypad\u0142 na okres najg\u0142\u0119bszego kryzysu gospodarczego w&nbsp;PRL&nbsp;i pocz\u0105tek transformacji ustrojowej, co w znacznej mierze zawa\u017cy\u0142o na niezbyt wysokim standardzie wyko\u0144czenia wybudowanych w tym osiedlu mieszka\u0144. Na po\u0142udnie od ul.&nbsp;\u015awieradowskiej znajduje si\u0119 cz\u0119\u015b\u0107 osiedla, w kt\u00f3rym dominuje zabudowa jednorodzinna; od po\u0142owy&nbsp;lat 90.powstaje tam tak\u017ce zabudowa wielorodzinna niska.<\/p>\n<p>&nbsp;<\/p>\n<p>Obecne osiedle Gaj obejmuje terytorium nieco dalej przesuni\u0119te na po\u0142udnie w stosunku do historycznych jego granic i zamkni\u0119te jest od p\u00f3\u0142nocy ulic\u0105 Armii Krajowej, od po\u0142udnia lini\u0105 kolejow\u0105 i od zachodu ulic\u0105 Spisk\u0105. Wed\u0142ug szacunk\u00f3w Urz\u0119du Miasta, pod koniec&nbsp;2004&nbsp;roku w tak okre\u015blonych granicach mieszka\u0142o 19,6 tysi\u0119cy os\u00f3b, a zatem mniej ni\u017c przewidywano pocz\u0105tkowo dla wielkop\u0142ytowej zabudowy Krynicka\/Orzechowa.<\/p>\n<p>&nbsp;<\/p>\n<p><img loading=\"lazy\" decoding=\"async\" class=\"aligncenter wp-image-928\" src=\"http:\/\/www.tvk-gaj.pl\/~gajonline\/wp-content\/uploads\/2013\/04\/jableczna2.jpg\" alt=\"jableczna2\" width=\"479\" height=\"326\" srcset=\"https:\/\/online.tvk-gaj.pl\/wp-content\/uploads\/2013\/04\/jableczna2.jpg 799w, https:\/\/online.tvk-gaj.pl\/wp-content\/uploads\/2013\/04\/jableczna2-300x203.jpg 300w, https:\/\/online.tvk-gaj.pl\/wp-content\/uploads\/2013\/04\/jableczna2-140x94.jpg 140w\" sizes=\"auto, (max-width: 479px) 100vw, 479px\" \/><\/p>\n<p>&nbsp;<\/p>\n<p>Przy ulicy Borowskiej znajduj\u0105 si\u0119 ponadto trzy urokliwe domki jednorodzinne zbudowane w XIX wieku.<\/p>\n<p>&nbsp;<\/p>\n<p>&nbsp;<\/p>\n<p><strong>Komunikacja miejska:<\/strong><\/p>\n<p>Do osiedla Gaj mo\u017cna dojecha\u0107 tramwajami linii:<\/p>\n<p><b>8<\/b>&nbsp;(Tarnogaj \u2013 Zawalna)<\/p>\n<p><b>31+<\/b>&nbsp;(Gaj \u2013 Stadion Wroc\u0142aw)<\/p>\n<p><b>32+<\/b>&nbsp;(Gaj \u2013 Kozan\u00f3w)<\/p>\n<p>oraz autobusami linii:<\/p>\n<p><b>K<\/b>&nbsp;(Kamie\u0144skiego-p\u0119tla \u2013 Gaj-p\u0119tla)<\/p>\n<p><b>110<\/b>&nbsp;(Dw. G\u0142\u00f3wny PKP \u2013 Iwiny\/Iwiny-p\u0119tla)<\/p>\n<p><b>113<\/b>&nbsp;(Dw. G\u0142\u00f3wny PKP \u2013 Krzyki)<\/p>\n<p><b>125<\/b>&nbsp;(Broch\u00f3w \u2013 al. Piast\u00f3w)<\/p>\n<p><b>133<\/b>&nbsp;(Broch\u00f3w \u2013 Auchan\/Zabrodzie)<\/p>\n<p><b>134<\/b>&nbsp;(Nowy Dw\u00f3r-p\u0119tla \u2013 Ksi\u0119\u017ce Wielkie\/Tarnogaj)<\/p>\n<p><b>136<\/b>&nbsp;(Tarnogaj \u2013 Kozan\u00f3w)<\/p>\n<p><b>145<\/b>&nbsp;(Tarnogaj \u2013 S\u0119polno)<\/p>\n<p><b>146<\/b>&nbsp;(Gaj-p\u0119tla \u2013 Bartoszowice)<\/p>\n<p><b>310<\/b>&nbsp;(Iwiny \u2013 Orzechowa)<\/p>\n<p><b>325<\/b>&nbsp;(Broch\u00f3w \u2013 Poczta Polska)<\/p>\n<p><b>503<\/b>&nbsp;(Eureka \u2013 Nowy \u015alesz\u00f3w\/Przec\u0142awice)<\/p>\n<p><b>513<\/b>&nbsp;(Eureka \u2013 Przec\u0142awice)<\/p>\n<p><b>612<\/b>&nbsp;(Dw. G\u0142\u00f3wny PKP \u2013 Krzyki\/przez Bielany Wroc\u0142awskie)<\/p>\n<p><b>900<\/b>&nbsp;(Galeria Dominika\u0144ska \u2013 Siechnice-osiedle)<\/p>\n<p><b>910<\/b>&nbsp;(Galeria Dominika\u0144ska \u2013 \u015aw. Katarzyna)<\/p>\n<p><b>245<\/b>&nbsp;(Pracze Odrza\u0144skie \u2013 Bie\u0144kowice), (nocny)<\/p>\n<p><b>249<\/b>&nbsp;(Krzyki \u2013 Jarno\u0142t\u00f3w), (nocny)<\/p>\n<p><b>255<\/b>&nbsp;(S\u0119polno &#8211; Gaj-p\u0119tla\/Iwiny), (nocny)<\/p>\n<p>&nbsp;<\/p>\n<p>&nbsp;<\/p>\n<p>&nbsp;<\/p>\n<p>&nbsp;<\/p>\n<div class='et-learn-more clearfix'>\n\t\t\t\t\t<h3 class='heading-more'>\u0179r\u00f3d\u0142o<span class='et_learnmore_arrow'><span><\/span><\/span><\/h3>\n\t\t\t\t\t<div class='learn-more-content'>Wikipedia: http:\/\/pl.wikipedia.org\/wiki\/Gaj_(Wroc%C5%82aw)<\/div>\n\t\t\t\t<\/div>\n<p>&nbsp;<\/p>\n","protected":false},"excerpt":{"rendered":"<p>&nbsp; Informacje o Osiedlu Gaj we Wroc\u0142awiu<\/p>\n","protected":false},"author":1,"featured_media":10304,"comment_status":"open","ping_status":"open","sticky":false,"template":"","format":"standard","meta":{"footnotes":""},"categories":[55],"tags":[57],"class_list":["post-879","post","type-post","status-publish","format-standard","has-post-thumbnail","hentry","category-osiedle","tag-osiedle-gaj-wroclaw"],"_links":{"self":[{"href":"https:\/\/online.tvk-gaj.pl\/index.php?rest_route=\/wp\/v2\/posts\/879","targetHints":{"allow":["GET"]}}],"collection":[{"href":"https:\/\/online.tvk-gaj.pl\/index.php?rest_route=\/wp\/v2\/posts"}],"about":[{"href":"https:\/\/online.tvk-gaj.pl\/index.php?rest_route=\/wp\/v2\/types\/post"}],"author":[{"embeddable":true,"href":"https:\/\/online.tvk-gaj.pl\/index.php?rest_route=\/wp\/v2\/users\/1"}],"replies":[{"embeddable":true,"href":"https:\/\/online.tvk-gaj.pl\/index.php?rest_route=%2Fwp%2Fv2%2Fcomments&post=879"}],"version-history":[{"count":25,"href":"https:\/\/online.tvk-gaj.pl\/index.php?rest_route=\/wp\/v2\/posts\/879\/revisions"}],"predecessor-version":[{"id":10305,"href":"https:\/\/online.tvk-gaj.pl\/index.php?rest_route=\/wp\/v2\/posts\/879\/revisions\/10305"}],"wp:featuredmedia":[{"embeddable":true,"href":"https:\/\/online.tvk-gaj.pl\/index.php?rest_route=\/wp\/v2\/media\/10304"}],"wp:attachment":[{"href":"https:\/\/online.tvk-gaj.pl\/index.php?rest_route=%2Fwp%2Fv2%2Fmedia&parent=879"}],"wp:term":[{"taxonomy":"category","embeddable":true,"href":"https:\/\/online.tvk-gaj.pl\/index.php?rest_route=%2Fwp%2Fv2%2Fcategories&post=879"},{"taxonomy":"post_tag","embeddable":true,"href":"https:\/\/online.tvk-gaj.pl\/index.php?rest_route=%2Fwp%2Fv2%2Ftags&post=879"}],"curies":[{"name":"wp","href":"https:\/\/api.w.org\/{rel}","templated":true}]}}