{"id":8854,"date":"2017-01-19T22:08:33","date_gmt":"2017-01-19T21:08:33","guid":{"rendered":"http:\/\/www.tvk-gaj.pl\/~gajonline\/?p=8854"},"modified":"2017-01-19T22:08:33","modified_gmt":"2017-01-19T21:08:33","slug":"70-lecie-przedszkola-nr-49-galeria-zdjec","status":"publish","type":"post","link":"https:\/\/online.tvk-gaj.pl\/?p=8854","title":{"rendered":"70-lecie Przedszkola Nr 49 [Galeria zdj\u0119\u0107]"},"content":{"rendered":"<p>12 stycznia 2017 roku Przedszkole Nr 49 z ulicy Borowskiej obchodzi\u0142o swoje 70-lecie. Na uroczysto\u015bci nie zabrak\u0142o przedstawicieli Rady Osiedla. Zapraszamy do fotorelacji z uroczysto\u015bci! <!--more--><\/p>\n<p>12 stycznia 2017 roku obchodzili\u015bmy &nbsp;70-lecie Przedszkola Nr 49 im. Tysi\u0105clecia Miasta Wroc\u0142awia.&nbsp;<\/p>\n<p>Uroczysto\u015b\u0107 by\u0142a bardzo podnios\u0142a i radosna: licznie przybyli go\u015bcie mogli pozna\u0107 przedszkole i jego wychowank\u00f3w, obejrze\u0107 wystaw\u0119 zdj\u0119\u0107 (od czas\u00f3w prehistorycznych po dzi\u015b dzie\u0144) oraz zapozna\u0107 si\u0119 z prac\u0105 reportersk\u0105 wychowank\u00f3w, kt\u00f3rzy zaprezentowali sw\u00f3j w\u0142asny dokument o&nbsp;przedszkolu. Nie oby\u0142o si\u0119 r\u00f3wnie\u017c bez \u017cycze\u0144 i tortu.<\/p>\n<p>Na uroczysto\u015bci pojawili si\u0119 m.in. Przedstawiciele Rady Osiedla Gaj (w tym Przewodnicz\u0105cy RO Pan Adam Wojtaszewski) oraz Proboszcz Parafii \u015aw. Franciszka z Asy\u017cu ks. Kazimierz Sroka.<\/p>\n<p>Specjalne \u017cyczenia wys\u0142a\u0142 r\u00f3wnie\u017c Prezydent Wroc\u0142awia &#8211; Pan Rafa\u0142 Dutkiewicz.<\/p>\n<p>&nbsp;<\/p>\n<p><a href=\"http:\/\/www.tvk-gaj.pl\/~gajonline\/wp-content\/uploads\/2017\/01\/nasze-przedszkole-skonczylo-70-lat.jpeg\"><img loading=\"lazy\" decoding=\"async\" class=\"aligncenter size-large wp-image-8856\" src=\"http:\/\/www.tvk-gaj.pl\/~gajonline\/wp-content\/uploads\/2017\/01\/nasze-przedszkole-skonczylo-70-lat-744x1024.jpeg\" alt=\"\" width=\"744\" height=\"1024\" srcset=\"https:\/\/online.tvk-gaj.pl\/wp-content\/uploads\/2017\/01\/nasze-przedszkole-skonczylo-70-lat-744x1024.jpeg 744w, https:\/\/online.tvk-gaj.pl\/wp-content\/uploads\/2017\/01\/nasze-przedszkole-skonczylo-70-lat-218x300.jpeg 218w, https:\/\/online.tvk-gaj.pl\/wp-content\/uploads\/2017\/01\/nasze-przedszkole-skonczylo-70-lat-768x1057.jpeg 768w, https:\/\/online.tvk-gaj.pl\/wp-content\/uploads\/2017\/01\/nasze-przedszkole-skonczylo-70-lat.jpeg 872w\" sizes=\"auto, (max-width: 744px) 100vw, 744px\" \/><\/a><\/p>\n<p>&nbsp;<\/p>\n<p><strong>Zapraszamy do galerii zdj\u0119\u0107<\/strong><\/p>\n<p>&nbsp;<\/p>\n<p>[ngg_images source=&#8221;galleries&#8221; container_ids=&#8221;86&#8243; display_type=&#8221;photocrati-nextgen_basic_thumbnails&#8221; override_thumbnail_settings=&#8221;0&#8243; thumbnail_width=&#8221;100&#8243; thumbnail_height=&#8221;75&#8243; thumbnail_crop=&#8221;1&#8243; images_per_page=&#8221;0&#8243; number_of_columns=&#8221;0&#8243; ajax_pagination=&#8221;0&#8243; show_all_in_lightbox=&#8221;0&#8243; use_imagebrowser_effect=&#8221;0&#8243; show_slideshow_link=&#8221;1&#8243; slideshow_link_text=&#8221;[Pokaz slajd\u00f3w]&#8221; order_by=&#8221;sortorder&#8221; order_direction=&#8221;ASC&#8221; returns=&#8221;included&#8221; maximum_entity_count=&#8221;500&#8243;]&nbsp;<\/p>\n","protected":false},"excerpt":{"rendered":"<p>12 stycznia 2017 roku Przedszkole Nr 49 z ulicy Borowskiej obchodzi\u0142o swoje 70-lecie. Na uroczysto\u015bci nie zabrak\u0142o przedstawicieli Rady Osiedla. Zapraszamy do fotorelacji z uroczysto\u015bci!<\/p>\n","protected":false},"author":1,"featured_media":8855,"comment_status":"open","ping_status":"open","sticky":false,"template":"","format":"standard","meta":{"footnotes":""},"categories":[14,12],"tags":[834,113,112,295,285,176,568,135,294,835,650],"class_list":["post-8854","post","type-post","status-publish","format-standard","has-post-thumbnail","hentry","category-aktualnosci","category-artykuly","tag-70-lecie","tag-borowska","tag-gaj","tag-galeria-zdjec","tag-impreza","tag-przedszkole","tag-przedszkole-nr-49","tag-rada-osiedla-gaj","tag-relacja","tag-uroczystosc","tag-zdjecia"],"_links":{"self":[{"href":"https:\/\/online.tvk-gaj.pl\/index.php?rest_route=\/wp\/v2\/posts\/8854","targetHints":{"allow":["GET"]}}],"collection":[{"href":"https:\/\/online.tvk-gaj.pl\/index.php?rest_route=\/wp\/v2\/posts"}],"about":[{"href":"https:\/\/online.tvk-gaj.pl\/index.php?rest_route=\/wp\/v2\/types\/post"}],"author":[{"embeddable":true,"href":"https:\/\/online.tvk-gaj.pl\/index.php?rest_route=\/wp\/v2\/users\/1"}],"replies":[{"embeddable":true,"href":"https:\/\/online.tvk-gaj.pl\/index.php?rest_route=%2Fwp%2Fv2%2Fcomments&post=8854"}],"version-history":[{"count":1,"href":"https:\/\/online.tvk-gaj.pl\/index.php?rest_route=\/wp\/v2\/posts\/8854\/revisions"}],"predecessor-version":[{"id":8857,"href":"https:\/\/online.tvk-gaj.pl\/index.php?rest_route=\/wp\/v2\/posts\/8854\/revisions\/8857"}],"wp:featuredmedia":[{"embeddable":true,"href":"https:\/\/online.tvk-gaj.pl\/index.php?rest_route=\/wp\/v2\/media\/8855"}],"wp:attachment":[{"href":"https:\/\/online.tvk-gaj.pl\/index.php?rest_route=%2Fwp%2Fv2%2Fmedia&parent=8854"}],"wp:term":[{"taxonomy":"category","embeddable":true,"href":"https:\/\/online.tvk-gaj.pl\/index.php?rest_route=%2Fwp%2Fv2%2Fcategories&post=8854"},{"taxonomy":"post_tag","embeddable":true,"href":"https:\/\/online.tvk-gaj.pl\/index.php?rest_route=%2Fwp%2Fv2%2Ftags&post=8854"}],"curies":[{"name":"wp","href":"https:\/\/api.w.org\/{rel}","templated":true}]}}