{"id":8864,"date":"2017-01-26T21:51:32","date_gmt":"2017-01-26T20:51:32","guid":{"rendered":"http:\/\/www.tvk-gaj.pl\/~gajonline\/?p=8864"},"modified":"2017-01-26T22:01:34","modified_gmt":"2017-01-26T21:01:34","slug":"na-poludniu-gaju-rusza-realizacja-dwoch-projektow-wbo","status":"publish","type":"post","link":"https:\/\/online.tvk-gaj.pl\/?p=8864","title":{"rendered":"Na po\u0142udniu osiedla rusza realizacja dw\u00f3ch projekt\u00f3w WBO"},"content":{"rendered":"<p>\u015acie\u017cka rowerowa \u0142\u0105cz\u0105ca Gaj z Borkiem oraz nowa droga na po\u0142udniu osiedla &#8211; te dwa zwyci\u0119skie projekty z Wroc\u0142awskiego Bud\u017cetu Obywatelskiego zaczynaj\u0105 by\u0107 realizowane. 1 lutego rusza budowa drogi b\u0119d\u0105ca \u0142\u0105cznikiem ulic Kukuczki i Borowskiej. W tym miesi\u0105cu &nbsp;og\u0142oszono r\u00f3wnie\u017c przetarg na wykonanie projektu trasy pieszo &#8211; rowerowej \u0142\u0105cz\u0105cej ulic\u0119 Bardzk\u0105 i \u015al\u0119\u017cn\u0105.&nbsp;<!--more--><\/p>\n<p>&nbsp;<\/p>\n<p><strong>\u015acie\u017cka rowerowa \u0142\u0105cz\u0105ca Gaj z Borkiem<\/strong><\/p>\n<p>&nbsp;<\/p>\n<p><a href=\"http:\/\/www.tvk-gaj.pl\/~gajonline\/wp-content\/uploads\/2017\/01\/sciezkarowerowa1.png\"><img loading=\"lazy\" decoding=\"async\" class=\"aligncenter size-large wp-image-8865\" src=\"http:\/\/www.tvk-gaj.pl\/~gajonline\/wp-content\/uploads\/2017\/01\/sciezkarowerowa1-1024x448.png\" alt=\"\" width=\"838\" height=\"367\" srcset=\"https:\/\/online.tvk-gaj.pl\/wp-content\/uploads\/2017\/01\/sciezkarowerowa1-1024x448.png 1024w, https:\/\/online.tvk-gaj.pl\/wp-content\/uploads\/2017\/01\/sciezkarowerowa1-300x131.png 300w, https:\/\/online.tvk-gaj.pl\/wp-content\/uploads\/2017\/01\/sciezkarowerowa1-768x336.png 768w, https:\/\/online.tvk-gaj.pl\/wp-content\/uploads\/2017\/01\/sciezkarowerowa1.png 1600w\" sizes=\"auto, (max-width: 838px) 100vw, 838px\" \/><\/a><br \/>\nMamy dobre wiadomo\u015bci na mi\u0142o\u015bnik\u00f3w dw\u00f3ch k\u00f3\u0142ek! W tym roku miasto zrealizowa\u0107 ma zwyci\u0119ski projekt WBO dotycz\u0105cy wybudowania zielonej \u015bcie\u017cki rowerowej wzd\u0142u\u017c nasypu kolejowego na po\u0142udniu osiedla od ul. Bardzkiej po ul. \u015al\u0119\u017cn\u0105.<\/p>\n<p>Trasa drogi wie\u015b\u0107 b\u0119dzie&nbsp;wzd\u0142u\u017c kolejowej linii towarowej (czyli nasypu kolejowego oddzielaj\u0105cego Gaj od Wojszyc). &nbsp;Pierwotnie (zgodnie ze zwyci\u0119skim projektem nr 15 z WBO 2016) trasa \u015bcie\u017cki mia\u0142a prowadzi\u0107 od ulicy Bardzkiej do Spiskiej. &nbsp;Jak jednak informuje Daniel Chojnacki, oficer rowerowy w urz\u0119dzie miejskim, tras\u0119 wyd\u0142u\u017cono a\u017c do ul. \u015al\u0119\u017cnej. &nbsp;Zarz\u0105d Dr\u00f3g i Utrzymania Miasta og\u0142osi\u0142 ju\u017c przetarg na realizacj\u0119 zadania.&nbsp;<\/p>\n<p>Miasto chce, aby projekt obejmowa\u0142 budow\u0119 drogi bitumicznej dla rowerzyst\u00f3w o szeroko\u015bci 2,5 metra oraz drogi szutrowej o szeroko\u015bci 2 metr\u00f3w dla pieszych. Ca\u0142a trasa ma zosta\u0107 o\u015bwietlona latarniami LED-owymi. &nbsp;Droga ma zosta\u0107 wyznaczona w\u015br\u00f3d zieleni.&nbsp;<\/p>\n<p>&nbsp;<\/p>\n<p><a href=\"http:\/\/www.tvk-gaj.pl\/~gajonline\/wp-content\/uploads\/2017\/01\/5888782fc291e_p.jpg\"><img loading=\"lazy\" decoding=\"async\" class=\"aligncenter size-full wp-image-8871\" src=\"http:\/\/www.tvk-gaj.pl\/~gajonline\/wp-content\/uploads\/2017\/01\/5888782fc291e_p.jpg\" alt=\"\" width=\"780\" height=\"355\" srcset=\"https:\/\/online.tvk-gaj.pl\/wp-content\/uploads\/2017\/01\/5888782fc291e_p.jpg 780w, https:\/\/online.tvk-gaj.pl\/wp-content\/uploads\/2017\/01\/5888782fc291e_p-300x137.jpg 300w, https:\/\/online.tvk-gaj.pl\/wp-content\/uploads\/2017\/01\/5888782fc291e_p-768x350.jpg 768w\" sizes=\"auto, (max-width: 780px) 100vw, 780px\" \/><\/a><\/p>\n<p>&nbsp;<\/p>\n<p><a href=\"http:\/\/www.tvk-gaj.pl\/~gajonline\/wp-content\/uploads\/2017\/01\/5888782c5487c_p.jpg\"><img loading=\"lazy\" decoding=\"async\" class=\"aligncenter size-full wp-image-8872\" src=\"http:\/\/www.tvk-gaj.pl\/~gajonline\/wp-content\/uploads\/2017\/01\/5888782c5487c_p.jpg\" alt=\"\" width=\"780\" height=\"400\" srcset=\"https:\/\/online.tvk-gaj.pl\/wp-content\/uploads\/2017\/01\/5888782c5487c_p.jpg 780w, https:\/\/online.tvk-gaj.pl\/wp-content\/uploads\/2017\/01\/5888782c5487c_p-300x154.jpg 300w, https:\/\/online.tvk-gaj.pl\/wp-content\/uploads\/2017\/01\/5888782c5487c_p-768x394.jpg 768w\" sizes=\"auto, (max-width: 780px) 100vw, 780px\" \/><\/a><\/p>\n<p>&nbsp;<\/p>\n<p>Daniel Chojnacki, oficer rowerowy w urz\u0119dzie miejskim:<\/p>\n<blockquote><p>Promenada Krzycka b\u0119dzie zar\u00f3wno tras\u0105 do biegania, dla pieszych, a tak\u017ce dla rower\u00f3w. Dzi\u0119ki nowej trasie zyskamy po\u0142\u0105czeniu Gaju z Krzykami i Borkiem. Obecnie korytarz w tym rejonie jest w bardzo z\u0142ym stanie, z nier\u00f3wn\u0105 nawierzchni\u0105, b\u0142otem, gruzem. Dzi\u0119ki nowej trasie mieszka\u0144cy zyskaj\u0105 obwodowa tras\u0119 z dala od zgie\u0142ku samochod\u00f3w, w\u015br\u00f3d zieleni.&nbsp;<\/p><\/blockquote>\n<p>&nbsp;<\/p>\n<p><strong>Nowa droga na po\u0142udniu Gaju<\/strong><\/p>\n<p>&nbsp;<\/p>\n<p><a href=\"http:\/\/www.tvk-gaj.pl\/~gajonline\/wp-content\/uploads\/2017\/01\/Kukuczki-\u2013-Mapy-Google.png\"><img loading=\"lazy\" decoding=\"async\" class=\"aligncenter size-large wp-image-8875\" src=\"http:\/\/www.tvk-gaj.pl\/~gajonline\/wp-content\/uploads\/2017\/01\/Kukuczki-\u2013-Mapy-Google-1024x602.png\" alt=\"\" width=\"838\" height=\"493\" srcset=\"https:\/\/online.tvk-gaj.pl\/wp-content\/uploads\/2017\/01\/Kukuczki-\u2013-Mapy-Google-1024x602.png 1024w, https:\/\/online.tvk-gaj.pl\/wp-content\/uploads\/2017\/01\/Kukuczki-\u2013-Mapy-Google-300x176.png 300w, https:\/\/online.tvk-gaj.pl\/wp-content\/uploads\/2017\/01\/Kukuczki-\u2013-Mapy-Google-768x452.png 768w, https:\/\/online.tvk-gaj.pl\/wp-content\/uploads\/2017\/01\/Kukuczki-\u2013-Mapy-Google.png 1195w\" sizes=\"auto, (max-width: 838px) 100vw, 838px\" \/><\/a><\/p>\n<p>&nbsp;<\/p>\n<p>1 lutego rozpoczyna si\u0119 realizacja zwyci\u0119skiego projektu nr 560 z Wroc\u0142awskiego Bud\u017cetu Obywatelskiego &#8211; edycji 2015. 2 089 os\u00f3b opowiedzia\u0142o si\u0119 za budow\u0105 drogi gminnej pomi\u0119dzy ul. Borowsk\u0105, a ul. Kukuczki o d\u0142ugo\u015bci 150m i szeroko\u015bci 4,5-10m.<\/p>\n<p>W ramach inwestycji powstan\u0105 udogodnienia dla pieszych, rowerzyst\u00f3w i kierowc\u00f3w: powsta\u0107 ma chodnik, ci\u0105g pieszo-rowerowy oraz jezdnia. Obecnie w miejscu tym znajduje si\u0119 droga gruntowa, kt\u00f3ra w okresie jesienno-zimowym zamienia si\u0119 w mieszkank\u0119 b\u0142ota i dziur. Nowa inwestycja wp\u0142ynie wi\u0119c korzystanie na komfort komunikacyjny w tej cz\u0119\u015bci osiedla.<\/p>\n<p>&nbsp;<\/p>\n<p><a href=\"http:\/\/www.tvk-gaj.pl\/~gajonline\/wp-content\/uploads\/2017\/01\/unnamed.jpg\"><img loading=\"lazy\" decoding=\"async\" class=\"aligncenter size-large wp-image-8866\" src=\"http:\/\/www.tvk-gaj.pl\/~gajonline\/wp-content\/uploads\/2017\/01\/unnamed-1024x751.jpg\" alt=\"\" width=\"838\" height=\"615\" srcset=\"https:\/\/online.tvk-gaj.pl\/wp-content\/uploads\/2017\/01\/unnamed-1024x751.jpg 1024w, https:\/\/online.tvk-gaj.pl\/wp-content\/uploads\/2017\/01\/unnamed-300x220.jpg 300w, https:\/\/online.tvk-gaj.pl\/wp-content\/uploads\/2017\/01\/unnamed-768x563.jpg 768w, https:\/\/online.tvk-gaj.pl\/wp-content\/uploads\/2017\/01\/unnamed.jpg 1147w\" sizes=\"auto, (max-width: 838px) 100vw, 838px\" \/><\/a><\/p>\n<p>&nbsp;<\/p>\n<p>&nbsp;<\/p>\n<p><strong>O post\u0119pach prac przy realizacji obu wy\u017cej wymienionych projekt\u00f3w b\u0119dziemy Was oczywi\u015bcie na bie\u017c\u0105co informowa\u0107!&nbsp;<\/strong><\/p>\n<p>&nbsp;<\/p>\n","protected":false},"excerpt":{"rendered":"<p>\u015acie\u017cka rowerowa \u0142\u0105cz\u0105ca Gaj z Borkiem oraz nowa droga na po\u0142udniu osiedla &#8211; te dwa zwyci\u0119skie projekty z Wroc\u0142awskiego Bud\u017cetu Obywatelskiego zaczynaj\u0105 by\u0107 realizowane. 1 lutego rusza budowa drogi b\u0119d\u0105ca \u0142\u0105cznikiem ulic Kukuczki i Borowskiej. W tym miesi\u0105cu &nbsp;og\u0142oszono r\u00f3wnie\u017c przetarg na wykonanie projektu trasy pieszo &#8211; rowerowej \u0142\u0105cz\u0105cej ulic\u0119 Bardzk\u0105 i \u015al\u0119\u017cn\u0105.&nbsp;<\/p>\n","protected":false},"author":1,"featured_media":8870,"comment_status":"open","ping_status":"open","sticky":false,"template":"","format":"standard","meta":{"footnotes":""},"categories":[14,12],"tags":[837,113,158,836,112,242,743,838,523,243,344,405],"class_list":["post-8864","post","type-post","status-publish","format-standard","has-post-thumbnail","hentry","category-aktualnosci","category-artykuly","tag-borek","tag-borowska","tag-budowa","tag-droga-rowerowa","tag-gaj","tag-kukuczki","tag-nasyp-kolejowy","tag-nowa-droga","tag-rowery","tag-sciezka-rowerowa","tag-wroclawski-budzet-obywatelski","tag-lacznik"],"_links":{"self":[{"href":"https:\/\/online.tvk-gaj.pl\/index.php?rest_route=\/wp\/v2\/posts\/8864","targetHints":{"allow":["GET"]}}],"collection":[{"href":"https:\/\/online.tvk-gaj.pl\/index.php?rest_route=\/wp\/v2\/posts"}],"about":[{"href":"https:\/\/online.tvk-gaj.pl\/index.php?rest_route=\/wp\/v2\/types\/post"}],"author":[{"embeddable":true,"href":"https:\/\/online.tvk-gaj.pl\/index.php?rest_route=\/wp\/v2\/users\/1"}],"replies":[{"embeddable":true,"href":"https:\/\/online.tvk-gaj.pl\/index.php?rest_route=%2Fwp%2Fv2%2Fcomments&post=8864"}],"version-history":[{"count":6,"href":"https:\/\/online.tvk-gaj.pl\/index.php?rest_route=\/wp\/v2\/posts\/8864\/revisions"}],"predecessor-version":[{"id":8877,"href":"https:\/\/online.tvk-gaj.pl\/index.php?rest_route=\/wp\/v2\/posts\/8864\/revisions\/8877"}],"wp:featuredmedia":[{"embeddable":true,"href":"https:\/\/online.tvk-gaj.pl\/index.php?rest_route=\/wp\/v2\/media\/8870"}],"wp:attachment":[{"href":"https:\/\/online.tvk-gaj.pl\/index.php?rest_route=%2Fwp%2Fv2%2Fmedia&parent=8864"}],"wp:term":[{"taxonomy":"category","embeddable":true,"href":"https:\/\/online.tvk-gaj.pl\/index.php?rest_route=%2Fwp%2Fv2%2Fcategories&post=8864"},{"taxonomy":"post_tag","embeddable":true,"href":"https:\/\/online.tvk-gaj.pl\/index.php?rest_route=%2Fwp%2Fv2%2Ftags&post=8864"}],"curies":[{"name":"wp","href":"https:\/\/api.w.org\/{rel}","templated":true}]}}