{"id":8887,"date":"2017-01-30T22:53:09","date_gmt":"2017-01-30T21:53:09","guid":{"rendered":"http:\/\/www.tvk-gaj.pl\/~gajonline\/?p=8887"},"modified":"2017-02-16T20:29:01","modified_gmt":"2017-02-16T19:29:01","slug":"plan-spotkan-klubu-seniora-na-luty-2","status":"publish","type":"post","link":"https:\/\/online.tvk-gaj.pl\/?p=8887","title":{"rendered":"Plan spotka\u0144 Klubu Seniora na luty (zdj\u0119cia z zaj\u0119\u0107)"},"content":{"rendered":"<p>Serdecznie zapraszamy wszystkich senior\u00f3w z osiedla do Klubu Seniora dzia\u0142aj\u0105cego przy Radzie Osiedla Gaj! Prezentujemy plan spotka\u0144 na luty.<!--more--><\/p>\n<p><strong><br \/>\nPlan spotka\u0144 Klubu Seniora na Gaju na&nbsp;luty<\/strong><\/p>\n<p><a href=\"http:\/\/www.tvk-gaj.pl\/~gajonline\/wp-content\/uploads\/2017\/01\/luty-harmonogram.jpg\"><img loading=\"lazy\" decoding=\"async\" class=\"aligncenter size-large wp-image-8889\" src=\"http:\/\/www.tvk-gaj.pl\/~gajonline\/wp-content\/uploads\/2017\/01\/luty-harmonogram-724x1024.jpg\" alt=\"\" width=\"724\" height=\"1024\" srcset=\"https:\/\/online.tvk-gaj.pl\/wp-content\/uploads\/2017\/01\/luty-harmonogram-724x1024.jpg 724w, https:\/\/online.tvk-gaj.pl\/wp-content\/uploads\/2017\/01\/luty-harmonogram-212x300.jpg 212w, https:\/\/online.tvk-gaj.pl\/wp-content\/uploads\/2017\/01\/luty-harmonogram-768x1086.jpg 768w\" sizes=\"auto, (max-width: 724px) 100vw, 724px\" \/><\/a><\/p>\n<p>&nbsp;<\/p>\n<p><strong>Zdj\u0119cia ze styczniowych spotka\u0144 Klubu<\/strong><\/p>\n<p>&nbsp;<\/p>\n<p><a href=\"http:\/\/www.tvk-gaj.pl\/~gajonline\/wp-content\/uploads\/2017\/01\/WP_20170203_10_44_36_Pro-1.jpg\"><img loading=\"lazy\" decoding=\"async\" class=\"aligncenter size-large wp-image-8975\" src=\"http:\/\/www.tvk-gaj.pl\/~gajonline\/wp-content\/uploads\/2017\/01\/WP_20170203_10_44_36_Pro-1-1024x577.jpg\" alt=\"\" width=\"838\" height=\"472\" srcset=\"https:\/\/online.tvk-gaj.pl\/wp-content\/uploads\/2017\/01\/WP_20170203_10_44_36_Pro-1-1024x577.jpg 1024w, https:\/\/online.tvk-gaj.pl\/wp-content\/uploads\/2017\/01\/WP_20170203_10_44_36_Pro-1-300x169.jpg 300w, https:\/\/online.tvk-gaj.pl\/wp-content\/uploads\/2017\/01\/WP_20170203_10_44_36_Pro-1-768x433.jpg 768w\" sizes=\"auto, (max-width: 838px) 100vw, 838px\" \/><\/a><\/p>\n<p>&nbsp;<\/p>\n<p><a href=\"http:\/\/www.tvk-gaj.pl\/~gajonline\/wp-content\/uploads\/2017\/01\/WP_20170203_10_44_53_Pro.jpg\"><img loading=\"lazy\" decoding=\"async\" class=\"aligncenter size-large wp-image-8976\" src=\"http:\/\/www.tvk-gaj.pl\/~gajonline\/wp-content\/uploads\/2017\/01\/WP_20170203_10_44_53_Pro-1024x577.jpg\" alt=\"\" width=\"838\" height=\"472\" srcset=\"https:\/\/online.tvk-gaj.pl\/wp-content\/uploads\/2017\/01\/WP_20170203_10_44_53_Pro-1024x577.jpg 1024w, https:\/\/online.tvk-gaj.pl\/wp-content\/uploads\/2017\/01\/WP_20170203_10_44_53_Pro-300x169.jpg 300w, https:\/\/online.tvk-gaj.pl\/wp-content\/uploads\/2017\/01\/WP_20170203_10_44_53_Pro-768x433.jpg 768w\" sizes=\"auto, (max-width: 838px) 100vw, 838px\" \/><\/a><\/p>\n<p>&nbsp;<\/p>\n<p>&nbsp;<\/p>\n<p><strong>Spotkania odbywaj\u0105 si\u0119 w nowej siedzibie Klubu przy ul. Krynickiej 51 (teren Przychodni Zdrowia) &nbsp;w nowym terminie &#8211; w ka\u017cdy pi\u0105tek&nbsp;w godzinach 10-12 oraz 16-18!<\/strong><\/p>\n","protected":false},"excerpt":{"rendered":"<p>Serdecznie zapraszamy wszystkich senior\u00f3w z osiedla do Klubu Seniora dzia\u0142aj\u0105cego przy Radzie Osiedla Gaj! Prezentujemy plan spotka\u0144 na luty.<\/p>\n","protected":false},"author":1,"featured_media":3981,"comment_status":"open","ping_status":"open","sticky":false,"template":"","format":"standard","meta":{"footnotes":""},"categories":[14,441],"tags":[839,431,421,166,475,135,152],"class_list":["post-8887","post","type-post","status-publish","format-standard","has-post-thumbnail","hentry","category-aktualnosci","category-klub","tag-harmonogram-spotkan","tag-klub-seniora","tag-klub-seniora-na-gaju","tag-osiedle-gaj","tag-plan","tag-rada-osiedla-gaj","tag-seniorzy"],"_links":{"self":[{"href":"https:\/\/online.tvk-gaj.pl\/index.php?rest_route=\/wp\/v2\/posts\/8887","targetHints":{"allow":["GET"]}}],"collection":[{"href":"https:\/\/online.tvk-gaj.pl\/index.php?rest_route=\/wp\/v2\/posts"}],"about":[{"href":"https:\/\/online.tvk-gaj.pl\/index.php?rest_route=\/wp\/v2\/types\/post"}],"author":[{"embeddable":true,"href":"https:\/\/online.tvk-gaj.pl\/index.php?rest_route=\/wp\/v2\/users\/1"}],"replies":[{"embeddable":true,"href":"https:\/\/online.tvk-gaj.pl\/index.php?rest_route=%2Fwp%2Fv2%2Fcomments&post=8887"}],"version-history":[{"count":3,"href":"https:\/\/online.tvk-gaj.pl\/index.php?rest_route=\/wp\/v2\/posts\/8887\/revisions"}],"predecessor-version":[{"id":8973,"href":"https:\/\/online.tvk-gaj.pl\/index.php?rest_route=\/wp\/v2\/posts\/8887\/revisions\/8973"}],"wp:featuredmedia":[{"embeddable":true,"href":"https:\/\/online.tvk-gaj.pl\/index.php?rest_route=\/wp\/v2\/media\/3981"}],"wp:attachment":[{"href":"https:\/\/online.tvk-gaj.pl\/index.php?rest_route=%2Fwp%2Fv2%2Fmedia&parent=8887"}],"wp:term":[{"taxonomy":"category","embeddable":true,"href":"https:\/\/online.tvk-gaj.pl\/index.php?rest_route=%2Fwp%2Fv2%2Fcategories&post=8887"},{"taxonomy":"post_tag","embeddable":true,"href":"https:\/\/online.tvk-gaj.pl\/index.php?rest_route=%2Fwp%2Fv2%2Ftags&post=8887"}],"curies":[{"name":"wp","href":"https:\/\/api.w.org\/{rel}","templated":true}]}}