{"id":8891,"date":"2017-02-01T17:37:49","date_gmt":"2017-02-01T16:37:49","guid":{"rendered":"http:\/\/www.tvk-gaj.pl\/~gajonline\/?p=8891"},"modified":"2017-03-18T14:00:54","modified_gmt":"2017-03-18T13:00:54","slug":"nowa-organizacja-ruchu-przy-dlugopolskiej","status":"publish","type":"post","link":"https:\/\/online.tvk-gaj.pl\/?p=8891","title":{"rendered":"Nowa organizacja ruchu przy D\u0142ugopolskiej"},"content":{"rendered":"<p>Publikujemy stanowisko Rady Osiedla Gaj w sprawie organizacji ruchu na ulicy D\u0142ugopolskiej. <!--more--><\/p>\n<p>&nbsp;<\/p>\n<p>W&nbsp;odpowiedzi na apele mieszka\u0144c\u00f3w w zwi\u0105zku z parkowaniem samochod\u00f3w spoza naszego osiedla na ul. D\u0142ugopolskiej, wsp\u00f3lnie z Wydzia\u0142em In\u017cynierii Miejskiej, wdra\u017camy now\u0105 organizacj\u0119 ruchu na tej ulicy.&nbsp;<\/p>\n<p>&nbsp;<\/p>\n<p><a href=\"http:\/\/www.tvk-gaj.pl\/~gajonline\/wp-content\/uploads\/2013\/03\/dlugopolskaparking.jpg\"><img loading=\"lazy\" decoding=\"async\" class=\"aligncenter size-large wp-image-834\" src=\"http:\/\/www.tvk-gaj.pl\/~gajonline\/wp-content\/uploads\/2013\/03\/dlugopolskaparking-1024x768.jpg\" alt=\"\" width=\"838\" height=\"629\" srcset=\"https:\/\/online.tvk-gaj.pl\/wp-content\/uploads\/2013\/03\/dlugopolskaparking-1024x768.jpg 1024w, https:\/\/online.tvk-gaj.pl\/wp-content\/uploads\/2013\/03\/dlugopolskaparking-300x225.jpg 300w, https:\/\/online.tvk-gaj.pl\/wp-content\/uploads\/2013\/03\/dlugopolskaparking.jpg 1632w\" sizes=\"auto, (max-width: 838px) 100vw, 838px\" \/><\/a><\/p>\n<p>&nbsp;<br \/>\nNa podstawie licznych rozm\u00f3w z mieszka\u0144cami ulicy, spotka\u0144 z przedstawicielami Stra\u017cy Miejskiej, Policji oraz Zarz\u0105du Dr\u00f3g i Utrzymania Miasta oraz wizji lokalnych Rada Osiedla zaproponowa\u0142a, aby ulica D\u0142ugopolska obj\u0119ta by\u0142a stref\u0105 zamieszkania.&nbsp;<\/p>\n<p>Strefa zamieszkania, oznaczona znakami D-40 &#8222;strefa zamieszkania&#8221; wymusza na kierowcach stosowanie si\u0119 do pewnych szczeg\u00f3lnych regu\u0142 w ruchu drogowym.<\/p>\n<p>&nbsp;<\/p>\n<p><a href=\"http:\/\/www.tvk-gaj.pl\/~gajonline\/wp-content\/uploads\/2017\/01\/956px-Znak_D-40.svg_.png\"><img loading=\"lazy\" decoding=\"async\" class=\"aligncenter size-full wp-image-8893\" src=\"http:\/\/www.tvk-gaj.pl\/~gajonline\/wp-content\/uploads\/2017\/01\/956px-Znak_D-40.svg_.png\" alt=\"\" width=\"956\" height=\"559\" srcset=\"https:\/\/online.tvk-gaj.pl\/wp-content\/uploads\/2017\/01\/956px-Znak_D-40.svg_.png 956w, https:\/\/online.tvk-gaj.pl\/wp-content\/uploads\/2017\/01\/956px-Znak_D-40.svg_-300x175.png 300w, https:\/\/online.tvk-gaj.pl\/wp-content\/uploads\/2017\/01\/956px-Znak_D-40.svg_-768x449.png 768w\" sizes=\"auto, (max-width: 956px) 100vw, 956px\" \/><\/a><\/p>\n<p>&nbsp;<\/p>\n<blockquote><p><b>Strefa zamieszkania<\/b>&nbsp;\u2013 strefa w ruchu drogowym, w kt\u00f3rej pieszy mo\u017ce si\u0119 porusza\u0107 swobodnie po ca\u0142ej udost\u0119pnionej do u\u017cytku publicznego przestrzeni i ma pierwsze\u0144stwo przed pojazdami (kieruj\u0105cy musi ust\u0105pi\u0107 pieszemu w ka\u017cdym wypadku). Ponadto:<\/p>\n<p>-Obowi\u0105zuje ograniczenie pr\u0119dko\u015bci do 20 km\/h.<\/p>\n<p>-Wolno parkowa\u0107 jedynie w miejscach do tego wyznaczonych.<\/p>\n<p>-Progi zwalniaj\u0105ce nie musz\u0105 by\u0107 oznaczone znakami pionowymi.<\/p>\n<p>-Opuszczaj\u0105c stref\u0119 zamieszkania, nale\u017cy ust\u0105pi\u0107 pierwsze\u0144stwa wszystkim uczestnikom ruchu drogowego.<\/p><\/blockquote>\n<p>&nbsp;<\/p>\n<p>Motywacj\u0105 do zmian jest zwi\u0119kszenie bezpiecze\u0144stwa pieszych na tej ulicy, a tak\u017ce zmniejszenie nat\u0119\u017cenia ruchu samochodowego i wykluczenie &#8222;dzikiego&#8221; parkowania, z kt\u00f3rym nieustannie borykaj\u0105 si\u0119 mieszka\u0144cy okolic Szpitala Uniwersyteckiego przy ul. Borowskiej.<\/p>\n<p>&nbsp;<\/p>\n<p><strong>W zwi\u0105zku z powy\u017cszym Rada Osiedla przygotowa\u0142a specjaln\u0105 uchwa\u0142\u0119:<\/strong><\/p>\n<p><a href=\"http:\/\/www.tvk-gaj.pl\/~gajonline\/wp-content\/uploads\/2017\/01\/radadlugopolska.jpg\"><img loading=\"lazy\" decoding=\"async\" class=\"aligncenter size-full wp-image-8892\" src=\"http:\/\/www.tvk-gaj.pl\/~gajonline\/wp-content\/uploads\/2017\/01\/radadlugopolska.jpg\" alt=\"\" width=\"660\" height=\"839\" srcset=\"https:\/\/online.tvk-gaj.pl\/wp-content\/uploads\/2017\/01\/radadlugopolska.jpg 660w, https:\/\/online.tvk-gaj.pl\/wp-content\/uploads\/2017\/01\/radadlugopolska-236x300.jpg 236w\" sizes=\"auto, (max-width: 660px) 100vw, 660px\" \/><\/a><\/p>\n<div>&nbsp;<\/div>\n<div>Obecnie testowane jest nowe rozwi\u0105zanie. Za kilka miesi\u0119cy nowa organizacja ruchu zostanie poddana ocenie i ewentualnym zmianom.<\/div>\n<div>&nbsp;<\/div>\n<div><strong>[AKTUALIZACJA 17.03.2017r.]<\/strong><\/div>\n<div>&nbsp;<\/div>\n<div>Nowy ci\u0105g pieszy ma by\u0107 wybudowany przy ul. D\u0142ugopolskiej (mi\u0119dzy ul. Borowsk\u0105 a ul. Puszczykowsk\u0105) a tak\u017ce na ul. Puszczykowskiej (mi\u0119dzy ul. D\u0142ugopolsk\u0105 a ul. Dusznick\u0105).<br \/>\nMiasto og\u0142osi\u0142o przetarg na wyb\u00f3r wykonawcy. Po jego rozstrzygni\u0119ciu zwyci\u0119ska firma b\u0119dzie mia\u0142a cztery miesi\u0105ce na realizacj\u0119 projektu.<\/div>\n<div>\n<p>&nbsp;<\/p>\n<p><strong>Ju\u017c teraz zapraszamy mieszka\u0144c\u00f3w do dzielenia si\u0119 z nami opiniami na temat nowej organizacji ruchu na ulicy D\u0142ugopolskiej.&nbsp;<\/strong><\/p>\n<\/div>\n<div>&nbsp;<\/div>\n<div>&nbsp;<\/div>\n","protected":false},"excerpt":{"rendered":"<p>Publikujemy stanowisko Rady Osiedla Gaj w sprawie organizacji ruchu na ulicy D\u0142ugopolskiej.<\/p>\n","protected":false},"author":1,"featured_media":8895,"comment_status":"open","ping_status":"open","sticky":false,"template":"","format":"standard","meta":{"footnotes":""},"categories":[14,12],"tags":[113,558,242,135,840,841,261,842,203],"class_list":["post-8891","post","type-post","status-publish","format-standard","has-post-thumbnail","hentry","category-aktualnosci","category-artykuly","tag-borowska","tag-dlugopolska","tag-kukuczki","tag-rada-osiedla-gaj","tag-ruch","tag-strefa-zamieszkania","tag-ulice","tag-zakaz-parkowania","tag-zdium"],"_links":{"self":[{"href":"https:\/\/online.tvk-gaj.pl\/index.php?rest_route=\/wp\/v2\/posts\/8891","targetHints":{"allow":["GET"]}}],"collection":[{"href":"https:\/\/online.tvk-gaj.pl\/index.php?rest_route=\/wp\/v2\/posts"}],"about":[{"href":"https:\/\/online.tvk-gaj.pl\/index.php?rest_route=\/wp\/v2\/types\/post"}],"author":[{"embeddable":true,"href":"https:\/\/online.tvk-gaj.pl\/index.php?rest_route=\/wp\/v2\/users\/1"}],"replies":[{"embeddable":true,"href":"https:\/\/online.tvk-gaj.pl\/index.php?rest_route=%2Fwp%2Fv2%2Fcomments&post=8891"}],"version-history":[{"count":7,"href":"https:\/\/online.tvk-gaj.pl\/index.php?rest_route=\/wp\/v2\/posts\/8891\/revisions"}],"predecessor-version":[{"id":9021,"href":"https:\/\/online.tvk-gaj.pl\/index.php?rest_route=\/wp\/v2\/posts\/8891\/revisions\/9021"}],"wp:featuredmedia":[{"embeddable":true,"href":"https:\/\/online.tvk-gaj.pl\/index.php?rest_route=\/wp\/v2\/media\/8895"}],"wp:attachment":[{"href":"https:\/\/online.tvk-gaj.pl\/index.php?rest_route=%2Fwp%2Fv2%2Fmedia&parent=8891"}],"wp:term":[{"taxonomy":"category","embeddable":true,"href":"https:\/\/online.tvk-gaj.pl\/index.php?rest_route=%2Fwp%2Fv2%2Fcategories&post=8891"},{"taxonomy":"post_tag","embeddable":true,"href":"https:\/\/online.tvk-gaj.pl\/index.php?rest_route=%2Fwp%2Fv2%2Ftags&post=8891"}],"curies":[{"name":"wp","href":"https:\/\/api.w.org\/{rel}","templated":true}]}}