{"id":8901,"date":"2017-02-08T21:29:37","date_gmt":"2017-02-08T20:29:37","guid":{"rendered":"http:\/\/www.tvk-gaj.pl\/~gajonline\/?p=8901"},"modified":"2017-02-08T21:46:53","modified_gmt":"2017-02-08T20:46:53","slug":"niesamowita-galeria-zdjec-gaju","status":"publish","type":"post","link":"https:\/\/online.tvk-gaj.pl\/?p=8901","title":{"rendered":"Niesamowita galeria zdj\u0119\u0107 Gaju"},"content":{"rendered":"<p>Zapraszamy do obejrzenia wyj\u0105tkowej i niesamowitej galerii zdj\u0119\u0107 osiedla Gaj!<!--more--><\/p>\n<p>&nbsp;<\/p>\n<p>Przez ca\u0142y stycze\u0144 nasi czytelnicy oraz osoby \u015bledz\u0105ce facebook&#8217;owy profil Centrum Handlowego Ferio Gaj mogli nadsy\u0142a\u0107 zdj\u0119cia na konkurs fotograficzny, kt\u00f3rego tematem przewodnim by\u0142o osiedle Gaj.&nbsp;<\/p>\n<p>&nbsp;<\/p>\n<p><a href=\"http:\/\/www.tvk-gaj.pl\/~gajonline\/wp-content\/uploads\/2017\/01\/15972338_848512765252052_3642751378511388291_o.jpg\"><img loading=\"lazy\" decoding=\"async\" class=\"aligncenter size-large wp-image-8654\" src=\"http:\/\/www.tvk-gaj.pl\/~gajonline\/wp-content\/uploads\/2017\/01\/15972338_848512765252052_3642751378511388291_o-1024x682.jpg\" alt=\"\" width=\"838\" height=\"558\" srcset=\"https:\/\/online.tvk-gaj.pl\/wp-content\/uploads\/2017\/01\/15972338_848512765252052_3642751378511388291_o-1024x682.jpg 1024w, https:\/\/online.tvk-gaj.pl\/wp-content\/uploads\/2017\/01\/15972338_848512765252052_3642751378511388291_o-300x200.jpg 300w, https:\/\/online.tvk-gaj.pl\/wp-content\/uploads\/2017\/01\/15972338_848512765252052_3642751378511388291_o-768x512.jpg 768w, https:\/\/online.tvk-gaj.pl\/wp-content\/uploads\/2017\/01\/15972338_848512765252052_3642751378511388291_o-321x214.jpg 321w, https:\/\/online.tvk-gaj.pl\/wp-content\/uploads\/2017\/01\/15972338_848512765252052_3642751378511388291_o-140x94.jpg 140w, https:\/\/online.tvk-gaj.pl\/wp-content\/uploads\/2017\/01\/15972338_848512765252052_3642751378511388291_o.jpg 1688w\" sizes=\"auto, (max-width: 838px) 100vw, 838px\" \/><\/a><\/p>\n<p>&nbsp;<\/p>\n<p>3 lutego nast\u0105pi\u0142o rozstrzygni\u0119cie konkursu, w kt\u00f3rym za autora najlepszego zdj\u0119cia uznano Pani\u0105 Oliwi\u0119 Zimna.<\/p>\n<p>&nbsp;<\/p>\n<p><a href=\"http:\/\/www.tvk-gaj.pl\/~gajonline\/wp-content\/uploads\/2017\/02\/oliwia-zimna.jpg\"><img loading=\"lazy\" decoding=\"async\" class=\"aligncenter size-large wp-image-8902\" src=\"http:\/\/www.tvk-gaj.pl\/~gajonline\/wp-content\/uploads\/2017\/02\/oliwia-zimna-1024x678.jpg\" alt=\"\" width=\"838\" height=\"555\" srcset=\"https:\/\/online.tvk-gaj.pl\/wp-content\/uploads\/2017\/02\/oliwia-zimna-1024x678.jpg 1024w, https:\/\/online.tvk-gaj.pl\/wp-content\/uploads\/2017\/02\/oliwia-zimna-300x199.jpg 300w, https:\/\/online.tvk-gaj.pl\/wp-content\/uploads\/2017\/02\/oliwia-zimna-768x508.jpg 768w, https:\/\/online.tvk-gaj.pl\/wp-content\/uploads\/2017\/02\/oliwia-zimna-321x214.jpg 321w, https:\/\/online.tvk-gaj.pl\/wp-content\/uploads\/2017\/02\/oliwia-zimna-207x136.jpg 207w, https:\/\/online.tvk-gaj.pl\/wp-content\/uploads\/2017\/02\/oliwia-zimna-140x94.jpg 140w, https:\/\/online.tvk-gaj.pl\/wp-content\/uploads\/2017\/02\/oliwia-zimna.jpg 1760w\" sizes=\"auto, (max-width: 838px) 100vw, 838px\" \/><\/a><\/p>\n<p>&nbsp;<\/p>\n<p>Zwyci\u0119\u017cczyni serdecznie gratulujemy.<\/p>\n<p>Wszystkim za\u015b uczestnikom zabawy r\u00f3wnie serdecznie dzi\u0119kujemy za nades\u0142ane zdj\u0119cia.<\/p>\n<p>Wyb\u00f3r najlepszej fotografii nie by\u0142 prosty, o czym przekona\u0107 mo\u017cecie si\u0119 poni\u017cej, ogl\u0105daj\u0105c galeri\u0119 wyj\u0105tkowych zdj\u0119\u0107 osiedla:)<\/p>\n<p>&nbsp;<\/p>\n<p><strong>KONKURSOWA GALERIA ZDJ\u0118\u0106<\/strong><\/p>\n<p>&nbsp;<\/p>\n<p>[ngg_images source=&#8221;galleries&#8221; container_ids=&#8221;87&#8243; display_type=&#8221;photocrati-nextgen_basic_thumbnails&#8221; override_thumbnail_settings=&#8221;0&#8243; thumbnail_width=&#8221;100&#8243; thumbnail_height=&#8221;75&#8243; thumbnail_crop=&#8221;1&#8243; images_per_page=&#8221;0&#8243; number_of_columns=&#8221;0&#8243; ajax_pagination=&#8221;0&#8243; show_all_in_lightbox=&#8221;0&#8243; use_imagebrowser_effect=&#8221;0&#8243; show_slideshow_link=&#8221;1&#8243; slideshow_link_text=&#8221;[Pokaz slajd\u00f3w]&#8221; order_by=&#8221;sortorder&#8221; order_direction=&#8221;ASC&#8221; returns=&#8221;included&#8221; maximum_entity_count=&#8221;500&#8243;]&nbsp;<\/p>\n<p>&nbsp;<\/p>\n<p>&nbsp;<\/p>\n<p><em>[Konkurs nie jest stworzony, administrowany ani sponsorowany przez Rad\u0119 Osiedla Gaj ani Facebook. Facebook jest znakiem towarowym zastrze\u017conym przez Facebook, Inc. Publikacja konkursowych zdj\u0119\u0107 nast\u0105pi\u0142a za zgod\u0105 organizatora konkursu oraz wynika z jego regulaminu.]<\/em><\/p>\n","protected":false},"excerpt":{"rendered":"<p>Zapraszamy do obejrzenia wyj\u0105tkowej i niesamowitej galerii zdj\u0119\u0107 osiedla Gaj!<\/p>\n","protected":false},"author":1,"featured_media":8970,"comment_status":"open","ping_status":"open","sticky":false,"template":"","format":"standard","meta":{"footnotes":""},"categories":[14,12],"tags":[843,212,131,112,651,626,352,135,650,844],"class_list":["post-8901","post","type-post","status-publish","format-standard","has-post-thumbnail","hentry","category-aktualnosci","category-artykuly","tag-album","tag-centrum-handlowe-ferio-gaj","tag-ferio-gaj","tag-gaj","tag-galeria","tag-konkurs","tag-osiedle-2","tag-rada-osiedla-gaj","tag-zdjecia","tag-zdjecia-gaju"],"_links":{"self":[{"href":"https:\/\/online.tvk-gaj.pl\/index.php?rest_route=\/wp\/v2\/posts\/8901","targetHints":{"allow":["GET"]}}],"collection":[{"href":"https:\/\/online.tvk-gaj.pl\/index.php?rest_route=\/wp\/v2\/posts"}],"about":[{"href":"https:\/\/online.tvk-gaj.pl\/index.php?rest_route=\/wp\/v2\/types\/post"}],"author":[{"embeddable":true,"href":"https:\/\/online.tvk-gaj.pl\/index.php?rest_route=\/wp\/v2\/users\/1"}],"replies":[{"embeddable":true,"href":"https:\/\/online.tvk-gaj.pl\/index.php?rest_route=%2Fwp%2Fv2%2Fcomments&post=8901"}],"version-history":[{"count":6,"href":"https:\/\/online.tvk-gaj.pl\/index.php?rest_route=\/wp\/v2\/posts\/8901\/revisions"}],"predecessor-version":[{"id":8971,"href":"https:\/\/online.tvk-gaj.pl\/index.php?rest_route=\/wp\/v2\/posts\/8901\/revisions\/8971"}],"wp:featuredmedia":[{"embeddable":true,"href":"https:\/\/online.tvk-gaj.pl\/index.php?rest_route=\/wp\/v2\/media\/8970"}],"wp:attachment":[{"href":"https:\/\/online.tvk-gaj.pl\/index.php?rest_route=%2Fwp%2Fv2%2Fmedia&parent=8901"}],"wp:term":[{"taxonomy":"category","embeddable":true,"href":"https:\/\/online.tvk-gaj.pl\/index.php?rest_route=%2Fwp%2Fv2%2Fcategories&post=8901"},{"taxonomy":"post_tag","embeddable":true,"href":"https:\/\/online.tvk-gaj.pl\/index.php?rest_route=%2Fwp%2Fv2%2Ftags&post=8901"}],"curies":[{"name":"wp","href":"https:\/\/api.w.org\/{rel}","templated":true}]}}