{"id":893,"date":"2013-04-08T14:32:26","date_gmt":"2013-04-08T12:32:26","guid":{"rendered":"http:\/\/www.gaj-osiedle.wroclaw.pl\/?p=893"},"modified":"2013-05-08T14:56:38","modified_gmt":"2013-05-08T12:56:38","slug":"historia-gaju","status":"publish","type":"post","link":"https:\/\/online.tvk-gaj.pl\/?p=893","title":{"rendered":"Historia Gaju"},"content":{"rendered":"<h1>Historia Osiedla Gaj we Wroc\u0142awiu.<!--more--><\/h1>\n<p>&nbsp;<\/p>\n<p>Teren, na kt\u00f3rym znajduje si\u0119 obecnie osiedle Gaj zosta\u0142 w\u0142\u0105czony do Wroc\u0142awia w 1904 r. Wcze\u015bniej znajdowa\u0142a si\u0119 tu wie\u015b Gayn, kt\u00f3rej nazwa pochodzi\u0142a prawdopodobnie od znajduj\u0105cego si\u0119 w jej pobli\u017cu niewielkiego lasu.<\/p>\n<p><img loading=\"lazy\" decoding=\"async\" class=\" wp-image-926 alignleft\" alt=\"160541\" src=\"http:\/\/www.tvk-gaj.pl\/~gajonline\/wp-content\/uploads\/2013\/04\/160541.jpg\" width=\"448\" height=\"360\" srcset=\"https:\/\/online.tvk-gaj.pl\/wp-content\/uploads\/2013\/04\/160541.jpg 747w, https:\/\/online.tvk-gaj.pl\/wp-content\/uploads\/2013\/04\/160541-300x240.jpg 300w\" sizes=\"auto, (max-width: 448px) 100vw, 448px\" \/><\/p>\n<p>&nbsp;<\/p>\n<p>Pocz\u0105tkowo osiedle obejmowa\u0142o tylko kilka budynk\u00f3w wielorodzinnych przy ul. Borowskiej i \u015awieradowskiej oraz domki jednorodzinne na ul. Dzier\u017coniowskiej, Bielawskiej, Puszczykowskiej, Dusznickiej i D\u0142ugopolskiej. Ta cz\u0119\u015b\u0107 osiedla nazwana zosta\u0142a p\u00f3\u017aniej \u201eStarym Gajem\u201d. W cz\u0119\u015bci p\u00f3\u0142nocnej rozmieszczone by\u0142y ogr\u00f3dki dzia\u0142kowe poprzecinane uliczkami, kt\u00f3re zgodnie z \u00f3wczesnym przeznaczeniem terenu nazwano: Brzoskwiniowa, Dzia\u0142kowa, Jab\u0142eczna, Krynicka i Orzechowa.<br \/>\nW latach siedemdziesi\u0105tych, realizuj\u0105c przyj\u0119ty przez w\u0142adze miasta projekt zagospodarowania przestrzennego, podj\u0119to w p\u00f3\u0142nocnej cz\u0119\u015bci osiedla budow\u0119 nowych \u201edu\u017cych\u201d blok\u00f3w mieszkalnych. Najpierw powsta\u0142 budynek przy ul. Krynickiej nr 2-52.<\/p>\n<p>&nbsp;<\/p>\n<p>&nbsp;<\/p>\n<p>W latach osiemdziesi\u0105tych rozbudowa nabra\u0142a tempa. Wtedy do oddano wi\u0119kszo\u015b\u0107 budynk\u00f3w przy ul. Krynickiej, Orzechowej, Jab\u0142ecznej i Dzia\u0142kowej. W tym samym okresie w pobli\u017cu ul. Bardzkiej powsta\u0142o te\u017c kilka \u201eniskich\u201d budynk\u00f3w rozlokowanych przy ul. Zaruskiego, Or\u0142owicza, Glogera i Zmorskiego. U zbiegu ul. Jab\u0142ecznej i Borowskiej rozpocz\u0119to te\u017c budow\u0119 ko\u015bcio\u0142a pw. \u015aw. Franciszka z Asy\u017cu. P\u00f3\u0142nocn\u0105 cz\u0119\u015b\u0107 osiedla okre\u015blono mianem \u201eNowego Gaju\u201d.<\/p>\n<p>&nbsp;<\/p>\n<p><img loading=\"lazy\" decoding=\"async\" class=\" wp-image-935 alignleft\" alt=\"borowska\" src=\"http:\/\/www.tvk-gaj.pl\/~gajonline\/wp-content\/uploads\/2013\/04\/borowska.jpg\" width=\"400\" height=\"215\" srcset=\"https:\/\/online.tvk-gaj.pl\/wp-content\/uploads\/2013\/04\/borowska.jpg 500w, https:\/\/online.tvk-gaj.pl\/wp-content\/uploads\/2013\/04\/borowska-300x161.jpg 300w\" sizes=\"auto, (max-width: 400px) 100vw, 400px\" \/><\/p>\n<p>&nbsp;<\/p>\n<p>&nbsp;<\/p>\n<p>&nbsp;<\/p>\n<p>&nbsp;<\/p>\n<p>&nbsp;<\/p>\n<p>&nbsp;<\/p>\n<p>&nbsp;<\/p>\n<p>&nbsp;<\/p>\n<p>&nbsp;<\/p>\n<p>Na pocz\u0105tku lat dziewi\u0119\u0107dziesi\u0105tych planowano dobudowa\u0107 wzd\u0142u\u017c Al. Armii Krajowej kilka nowych budynk\u00f3w mieszkalnych, tzw. punktowc\u00f3w, ale zamiar\u00f3w tych nie zrealizowano (w miejscu jednego z nich powsta\u0142 p\u00f3\u017aniej McDonalds).<\/p>\n<p>&nbsp;<\/p>\n<p><img loading=\"lazy\" decoding=\"async\" class=\" wp-image-945 alignleft\" alt=\"259975\" src=\"http:\/\/www.tvk-gaj.pl\/~gajonline\/wp-content\/uploads\/2013\/04\/259975.jpg\" width=\"570\" height=\"383\" srcset=\"https:\/\/online.tvk-gaj.pl\/wp-content\/uploads\/2013\/04\/259975.jpg 950w, https:\/\/online.tvk-gaj.pl\/wp-content\/uploads\/2013\/04\/259975-300x201.jpg 300w, https:\/\/online.tvk-gaj.pl\/wp-content\/uploads\/2013\/04\/259975-140x94.jpg 140w\" sizes=\"auto, (max-width: 570px) 100vw, 570px\" \/><\/p>\n<p>&nbsp;<\/p>\n<p>W okresie tym podj\u0119to budow\u0119 Szko\u0142y Podstawowej nr 90 przy ul. Orzechowej oraz Przychodni Lekarskiej przy ul. Krynickiej. Rozbudowa obj\u0119\u0142a r\u00f3wnie\u017c \u201eStary Gaj\u201d gdzie przy ul. \u015awieradowskiej i Pi\u0142aw-skiej zbudowano ostatni \u201edu\u017cy\u201d blok oraz rozpocz\u0119to budow\u0119 domu towarowego, kt\u00f3r\u0105 potem wstrzymano.<\/p>\n<p>&nbsp;<\/p>\n<p><img loading=\"lazy\" decoding=\"async\" class=\" wp-image-936 alignleft\" alt=\"17578\" src=\"http:\/\/www.tvk-gaj.pl\/~gajonline\/wp-content\/uploads\/2013\/04\/175781.jpg\" width=\"410\" height=\"307\" srcset=\"https:\/\/online.tvk-gaj.pl\/wp-content\/uploads\/2013\/04\/175781.jpg 512w, https:\/\/online.tvk-gaj.pl\/wp-content\/uploads\/2013\/04\/175781-300x225.jpg 300w\" sizes=\"auto, (max-width: 410px) 100vw, 410px\" \/><\/p>\n<p>&nbsp;<\/p>\n<p>&nbsp;<\/p>\n<p>&nbsp;<\/p>\n<p>&nbsp;<\/p>\n<p>&nbsp;<\/p>\n<p>&nbsp;<\/p>\n<p>&nbsp;<\/p>\n<p>&nbsp;<\/p>\n<p>&nbsp;<\/p>\n<p>&nbsp;<\/p>\n<p>&nbsp;<\/p>\n<p>&nbsp;<\/p>\n<p><img loading=\"lazy\" decoding=\"async\" class=\" wp-image-947 alignleft\" alt=\"800px-Wroclaw_Gaj3\" src=\"http:\/\/www.tvk-gaj.pl\/~gajonline\/wp-content\/uploads\/2013\/04\/800px-Wroclaw_Gaj3.jpg\" width=\"480\" height=\"360\" srcset=\"https:\/\/online.tvk-gaj.pl\/wp-content\/uploads\/2013\/04\/800px-Wroclaw_Gaj3.jpg 800w, https:\/\/online.tvk-gaj.pl\/wp-content\/uploads\/2013\/04\/800px-Wroclaw_Gaj3-300x225.jpg 300w\" sizes=\"auto, (max-width: 480px) 100vw, 480px\" \/><\/p>\n<p>&nbsp;<\/p>\n<p><img loading=\"lazy\" decoding=\"async\" class=\" wp-image-942 alignleft\" alt=\"21729\" src=\"http:\/\/www.tvk-gaj.pl\/~gajonline\/wp-content\/uploads\/2013\/04\/21729.jpg\" width=\"540\" height=\"405\" srcset=\"https:\/\/online.tvk-gaj.pl\/wp-content\/uploads\/2013\/04\/21729.jpg 900w, https:\/\/online.tvk-gaj.pl\/wp-content\/uploads\/2013\/04\/21729-300x225.jpg 300w\" sizes=\"auto, (max-width: 540px) 100vw, 540px\" \/><\/p>\n<p>&nbsp;<\/p>\n<p>Pod koniec lat dziewi\u0119\u0107dziesi\u0105tych w rejonie ul. Himalajskiej i Rutkiewicza powsta\u0142o szereg nowych ju\u017c \u201eniskich\u201d budynk\u00f3w mieszkalnych.<\/p>\n<p><img loading=\"lazy\" decoding=\"async\" class=\" wp-image-943 alignleft\" alt=\"39760\" src=\"http:\/\/www.tvk-gaj.pl\/~gajonline\/wp-content\/uploads\/2013\/04\/39760.jpg\" width=\"540\" height=\"359\" srcset=\"https:\/\/online.tvk-gaj.pl\/wp-content\/uploads\/2013\/04\/39760.jpg 900w, https:\/\/online.tvk-gaj.pl\/wp-content\/uploads\/2013\/04\/39760-300x199.jpg 300w, https:\/\/online.tvk-gaj.pl\/wp-content\/uploads\/2013\/04\/39760-321x214.jpg 321w, https:\/\/online.tvk-gaj.pl\/wp-content\/uploads\/2013\/04\/39760-140x94.jpg 140w\" sizes=\"auto, (max-width: 540px) 100vw, 540px\" \/><\/p>\n<p>&nbsp;<\/p>\n<p>Budowa kolejnych budynk\u00f3w tego typu trwa na \u201eStarym Gaju\u201d nadal obejmuj\u0105c ul. Alpejsk\u0105, Pirenejsk\u0105, Bielawsk\u0105 i Wambierzyck\u0105.<br \/>\nNajd\u0142u\u017cej na zagospodarowanie czeka\u0142 rejon przylegaj\u0105cy do O\u015brodka Szkolenia Maszynist\u00f3w ograniczony ul. \u017begiestowsk\u0105, Krynick\u0105 i Orzechow\u0105. Szereg kolejnych projekt\u00f3w jego wykorzystania nie zrealizowano ze wzgl\u0119du na brak \u015brodk\u00f3w finansowych (zamierzano tam zbudowa\u0107 min. drug\u0105 szko\u0142\u0119 podstawow\u0105, przedszkole i centrum handlowo &#8211; gastronomiczne). Dopiero w 2001 r. tereny te przeznaczono na park osiedlowy, kt\u00f3rego budow\u0119 zako\u0144czono jesieni\u0105 2002 r. W tym samym roku oddano te\u017c do u\u017cytku przedszkole rozlokowane przy ul. Bardzkiej.<\/p>\n<p><img loading=\"lazy\" decoding=\"async\" class=\" wp-image-944 alignleft\" alt=\"93077\" src=\"http:\/\/www.tvk-gaj.pl\/~gajonline\/wp-content\/uploads\/2013\/04\/93077.jpg\" width=\"478\" height=\"360\" srcset=\"https:\/\/online.tvk-gaj.pl\/wp-content\/uploads\/2013\/04\/93077.jpg 796w, https:\/\/online.tvk-gaj.pl\/wp-content\/uploads\/2013\/04\/93077-300x226.jpg 300w\" sizes=\"auto, (max-width: 478px) 100vw, 478px\" \/><\/p>\n<p>&nbsp;<\/p>\n<p><img loading=\"lazy\" decoding=\"async\" class=\" wp-image-928 alignleft\" alt=\"jableczna2\" src=\"http:\/\/www.tvk-gaj.pl\/~gajonline\/wp-content\/uploads\/2013\/04\/jableczna2.jpg\" width=\"479\" height=\"326\" srcset=\"https:\/\/online.tvk-gaj.pl\/wp-content\/uploads\/2013\/04\/jableczna2.jpg 799w, https:\/\/online.tvk-gaj.pl\/wp-content\/uploads\/2013\/04\/jableczna2-300x203.jpg 300w, https:\/\/online.tvk-gaj.pl\/wp-content\/uploads\/2013\/04\/jableczna2-140x94.jpg 140w\" sizes=\"auto, (max-width: 479px) 100vw, 479px\" \/><\/p>\n<p>&nbsp;<\/p>\n<p>W latach 2009-2010 w ci\u0105gu ulic Bardzkiej i \u015awieradowskiej zbudowano lini\u0119 tramwajow\u0105, pierwsz\u0105 z linii tzw. Tramwaju Plus, eksploatowan\u0105 od wrze\u015bnia 2011 (linia 32+). Od 2012 r. doje\u017cd\u017ca tam tak\u017ce linia 31+.<\/p>\n<p><img loading=\"lazy\" decoding=\"async\" class=\" wp-image-811 alignleft\" alt=\"OLYMPUS DIGITAL CAMERA\" src=\"http:\/\/www.tvk-gaj.pl\/~gajonline\/wp-content\/uploads\/2013\/03\/5231621.jpg\" width=\"307\" height=\"230\" srcset=\"https:\/\/online.tvk-gaj.pl\/wp-content\/uploads\/2013\/03\/5231621.jpg 511w, https:\/\/online.tvk-gaj.pl\/wp-content\/uploads\/2013\/03\/5231621-300x224.jpg 300w\" sizes=\"auto, (max-width: 307px) 100vw, 307px\" \/><\/p>\n<p>&nbsp;<\/p>\n<p>&nbsp;<\/p>\n<p>&nbsp;<\/p>\n<p>&nbsp;<\/p>\n<p>&nbsp;<\/p>\n<p>&nbsp;<\/p>\n<p>&nbsp;<\/p>\n<p>&nbsp;<\/p>\n<p>&nbsp;<\/p>\n<p>&nbsp;<\/p>\n<p>&nbsp;<\/p>\n<p>&nbsp;<\/p>\n<p>Intensywnie rozwija si\u0119 r\u00f3wnie\u017c po\u0142udniowa cz\u0119\u015b\u0107 Osiedla.<\/p>\n<p><img loading=\"lazy\" decoding=\"async\" class=\"size-full wp-image-949 alignleft\" alt=\"8256.big\" src=\"http:\/\/www.tvk-gaj.pl\/~gajonline\/wp-content\/uploads\/2013\/04\/8256.big_.jpg\" width=\"508\" height=\"339\" srcset=\"https:\/\/online.tvk-gaj.pl\/wp-content\/uploads\/2013\/04\/8256.big_.jpg 508w, https:\/\/online.tvk-gaj.pl\/wp-content\/uploads\/2013\/04\/8256.big_-300x200.jpg 300w, https:\/\/online.tvk-gaj.pl\/wp-content\/uploads\/2013\/04\/8256.big_-321x214.jpg 321w, https:\/\/online.tvk-gaj.pl\/wp-content\/uploads\/2013\/04\/8256.big_-140x94.jpg 140w\" sizes=\"auto, (max-width: 508px) 100vw, 508px\" \/><\/p>\n<p>&nbsp;<\/p>\n<p>&nbsp;<\/p>\n<p>&nbsp;<\/p>\n<p>&nbsp;<\/p>\n<p>&nbsp;<\/p>\n<p>&nbsp;<\/p>\n<p>&nbsp;<\/p>\n<p>&nbsp;<\/p>\n<p>&nbsp;<\/p>\n<p>&nbsp;<\/p>\n<p>&nbsp;<\/p>\n<p>Aktualnie osiedle Gaj obejmuje rejon, kt\u00f3rego granice stanowi\u0105: od p\u00f3\u0142nocy Al. Armii Krajowej, odpo\u0142udnia nasyp kolejowy, ze wschodu ul. Bardzka i z zachodu Park Skowroni.<\/p>\n<p>&nbsp;<\/p>\n<p><img loading=\"lazy\" decoding=\"async\" class=\" wp-image-939 alignleft\" alt=\"z lotu ptaka\" src=\"http:\/\/www.tvk-gaj.pl\/~gajonline\/wp-content\/uploads\/2013\/04\/z-lotu-ptaka1.jpg\" width=\"480\" height=\"339\" srcset=\"https:\/\/online.tvk-gaj.pl\/wp-content\/uploads\/2013\/04\/z-lotu-ptaka1.jpg 600w, https:\/\/online.tvk-gaj.pl\/wp-content\/uploads\/2013\/04\/z-lotu-ptaka1-300x212.jpg 300w\" sizes=\"auto, (max-width: 480px) 100vw, 480px\" \/><\/p>\n<p>&nbsp;<\/p>\n<p>&nbsp;<\/p>\n<p>&nbsp;<\/p>\n<p>&nbsp;<\/p>\n<div class='et-learn-more clearfix'>\n\t\t\t\t\t<h3 class='heading-more'>\u0179r\u00f3d\u0142o<span class='et_learnmore_arrow'><span><\/span><\/span><\/h3>\n\t\t\t\t\t<div class='learn-more-content'>Biuro TVK-GAJ: http:\/\/www.tvk-gaj.pl\/info-gaj.php?box_id=4&amp;btitle=Info-Gaj . Dolny \u015al\u0105sk na fotografii: http:\/\/dolny-slask.org.pl\u00a0<\/div>\n\t\t\t\t<\/div>\n<p>&nbsp;<\/p>\n","protected":false},"excerpt":{"rendered":"<p>Historia Osiedla Gaj we Wroc\u0142awiu.<\/p>\n","protected":false},"author":1,"featured_media":954,"comment_status":"open","ping_status":"open","sticky":false,"template":"","format":"standard","meta":{"footnotes":""},"categories":[55],"tags":[58],"class_list":["post-893","post","type-post","status-publish","format-standard","has-post-thumbnail","hentry","category-osiedle","tag-osiedle-gaj-wroclaw-historia"],"_links":{"self":[{"href":"https:\/\/online.tvk-gaj.pl\/index.php?rest_route=\/wp\/v2\/posts\/893","targetHints":{"allow":["GET"]}}],"collection":[{"href":"https:\/\/online.tvk-gaj.pl\/index.php?rest_route=\/wp\/v2\/posts"}],"about":[{"href":"https:\/\/online.tvk-gaj.pl\/index.php?rest_route=\/wp\/v2\/types\/post"}],"author":[{"embeddable":true,"href":"https:\/\/online.tvk-gaj.pl\/index.php?rest_route=\/wp\/v2\/users\/1"}],"replies":[{"embeddable":true,"href":"https:\/\/online.tvk-gaj.pl\/index.php?rest_route=%2Fwp%2Fv2%2Fcomments&post=893"}],"version-history":[{"count":11,"href":"https:\/\/online.tvk-gaj.pl\/index.php?rest_route=\/wp\/v2\/posts\/893\/revisions"}],"predecessor-version":[{"id":1119,"href":"https:\/\/online.tvk-gaj.pl\/index.php?rest_route=\/wp\/v2\/posts\/893\/revisions\/1119"}],"wp:featuredmedia":[{"embeddable":true,"href":"https:\/\/online.tvk-gaj.pl\/index.php?rest_route=\/wp\/v2\/media\/954"}],"wp:attachment":[{"href":"https:\/\/online.tvk-gaj.pl\/index.php?rest_route=%2Fwp%2Fv2%2Fmedia&parent=893"}],"wp:term":[{"taxonomy":"category","embeddable":true,"href":"https:\/\/online.tvk-gaj.pl\/index.php?rest_route=%2Fwp%2Fv2%2Fcategories&post=893"},{"taxonomy":"post_tag","embeddable":true,"href":"https:\/\/online.tvk-gaj.pl\/index.php?rest_route=%2Fwp%2Fv2%2Ftags&post=893"}],"curies":[{"name":"wp","href":"https:\/\/api.w.org\/{rel}","templated":true}]}}