{"id":8986,"date":"2017-03-14T21:06:33","date_gmt":"2017-03-14T20:06:33","guid":{"rendered":"http:\/\/www.tvk-gaj.pl\/~gajonline\/?p=8986"},"modified":"2017-03-14T21:08:34","modified_gmt":"2017-03-14T20:08:34","slug":"wybory-do-rad-osiedli-we-wroclawiu-2017","status":"publish","type":"post","link":"https:\/\/online.tvk-gaj.pl\/?p=8986","title":{"rendered":"Wybory do rad osiedli we Wroc\u0142awiu 2017"},"content":{"rendered":"<p>Ju\u017c 23 kwietnia 2017 r. we Wroc\u0142awiu odb\u0119d\u0105 si\u0119 wybory do rad osiedli. G\u0142osowanie zostan\u0105 zorganizowane na 48 osiedlach. Na nowych radnych czeka blisko 800 miejsc, a o tym, kto je zajmie, zadecyduj\u0105 mieszka\u0144cy Wroc\u0142awia. <!--more--><\/p>\n<p>&nbsp;<\/p>\n<p><a href=\"http:\/\/www.tvk-gaj.pl\/~gajonline\/wp-content\/uploads\/2017\/03\/wyborydorady.jpg\"><img loading=\"lazy\" decoding=\"async\" class=\"aligncenter size-full wp-image-8987\" src=\"http:\/\/www.tvk-gaj.pl\/~gajonline\/wp-content\/uploads\/2017\/03\/wyborydorady.jpg\" alt=\"\" width=\"630\" height=\"893\" srcset=\"https:\/\/online.tvk-gaj.pl\/wp-content\/uploads\/2017\/03\/wyborydorady.jpg 630w, https:\/\/online.tvk-gaj.pl\/wp-content\/uploads\/2017\/03\/wyborydorady-212x300.jpg 212w\" sizes=\"auto, (max-width: 630px) 100vw, 630px\" \/><\/a><\/p>\n<p>&nbsp;<\/p>\n<p>Wi\u0119cej o wyborach znajdzie na stronie miasta pod adresem <a href=\"http:\/\/www.wroclaw.pl\/wyboryosiedla2017\" target=\"_blank\">www.wroclaw.pl\/wyboryosiedla2017&nbsp;<\/a><\/p>\n<p>&nbsp;<\/p>\n","protected":false},"excerpt":{"rendered":"<p>Ju\u017c 23 kwietnia 2017 r. we Wroc\u0142awiu odb\u0119d\u0105 si\u0119 wybory do rad osiedli. G\u0142osowanie zostan\u0105 zorganizowane na 48 osiedlach. Na nowych radnych czeka blisko 800 miejsc, a o tym, kto je zajmie, zadecyduj\u0105 mieszka\u0144cy Wroc\u0142awia.<\/p>\n","protected":false},"author":1,"featured_media":8987,"comment_status":"open","ping_status":"open","sticky":false,"template":"","format":"standard","meta":{"footnotes":""},"categories":[14],"tags":[846,845,165,371,847],"class_list":["post-8986","post","type-post","status-publish","format-standard","has-post-thumbnail","hentry","category-aktualnosci","tag-a","tag-rada-osied","tag-wroclaw","tag-wybory","tag-wybory-do-rad-osiedli"],"_links":{"self":[{"href":"https:\/\/online.tvk-gaj.pl\/index.php?rest_route=\/wp\/v2\/posts\/8986","targetHints":{"allow":["GET"]}}],"collection":[{"href":"https:\/\/online.tvk-gaj.pl\/index.php?rest_route=\/wp\/v2\/posts"}],"about":[{"href":"https:\/\/online.tvk-gaj.pl\/index.php?rest_route=\/wp\/v2\/types\/post"}],"author":[{"embeddable":true,"href":"https:\/\/online.tvk-gaj.pl\/index.php?rest_route=\/wp\/v2\/users\/1"}],"replies":[{"embeddable":true,"href":"https:\/\/online.tvk-gaj.pl\/index.php?rest_route=%2Fwp%2Fv2%2Fcomments&post=8986"}],"version-history":[{"count":3,"href":"https:\/\/online.tvk-gaj.pl\/index.php?rest_route=\/wp\/v2\/posts\/8986\/revisions"}],"predecessor-version":[{"id":8991,"href":"https:\/\/online.tvk-gaj.pl\/index.php?rest_route=\/wp\/v2\/posts\/8986\/revisions\/8991"}],"wp:featuredmedia":[{"embeddable":true,"href":"https:\/\/online.tvk-gaj.pl\/index.php?rest_route=\/wp\/v2\/media\/8987"}],"wp:attachment":[{"href":"https:\/\/online.tvk-gaj.pl\/index.php?rest_route=%2Fwp%2Fv2%2Fmedia&parent=8986"}],"wp:term":[{"taxonomy":"category","embeddable":true,"href":"https:\/\/online.tvk-gaj.pl\/index.php?rest_route=%2Fwp%2Fv2%2Fcategories&post=8986"},{"taxonomy":"post_tag","embeddable":true,"href":"https:\/\/online.tvk-gaj.pl\/index.php?rest_route=%2Fwp%2Fv2%2Ftags&post=8986"}],"curies":[{"name":"wp","href":"https:\/\/api.w.org\/{rel}","templated":true}]}}