{"id":9033,"date":"2017-04-19T22:43:33","date_gmt":"2017-04-19T20:43:33","guid":{"rendered":"http:\/\/www.tvk-gaj.pl\/~gajonline\/?p=9033"},"modified":"2017-04-24T23:04:51","modified_gmt":"2017-04-24T21:04:51","slug":"wybory-do-rady-osiedla-gaj-2","status":"publish","type":"post","link":"https:\/\/online.tvk-gaj.pl\/?p=9033","title":{"rendered":"Wybory do Rady Osiedla Gaj!"},"content":{"rendered":"<p>W najbli\u017csz\u0105 niedziele (23 kwietnia) we Wroc\u0142awiu odb\u0119d\u0105 si\u0119 wybory do rad osiedli! Lokale wyborcze otwarte b\u0119d\u0105 w godzinach 8:00-20:00.<!--more--><\/p>\n<p>&nbsp;<\/p>\n<p><a href=\"http:\/\/www.tvk-gaj.pl\/~gajonline\/wp-content\/uploads\/2017\/04\/pobrane.png\"><img loading=\"lazy\" decoding=\"async\" class=\"aligncenter size-full wp-image-9034\" src=\"http:\/\/www.tvk-gaj.pl\/~gajonline\/wp-content\/uploads\/2017\/04\/pobrane.png\" alt=\"\" width=\"750\" height=\"750\" srcset=\"https:\/\/online.tvk-gaj.pl\/wp-content\/uploads\/2017\/04\/pobrane.png 750w, https:\/\/online.tvk-gaj.pl\/wp-content\/uploads\/2017\/04\/pobrane-150x150.png 150w, https:\/\/online.tvk-gaj.pl\/wp-content\/uploads\/2017\/04\/pobrane-300x300.png 300w, https:\/\/online.tvk-gaj.pl\/wp-content\/uploads\/2017\/04\/pobrane-160x160.png 160w, https:\/\/online.tvk-gaj.pl\/wp-content\/uploads\/2017\/04\/pobrane-240x240.png 240w, https:\/\/online.tvk-gaj.pl\/wp-content\/uploads\/2017\/04\/pobrane-60x60.png 60w, https:\/\/online.tvk-gaj.pl\/wp-content\/uploads\/2017\/04\/pobrane-184x184.png 184w\" sizes=\"auto, (max-width: 750px) 100vw, 750px\" \/><\/a><\/p>\n<p>&nbsp;<\/p>\n<p>Na Gaju g\u0142osowa\u0107 b\u0119dzie mo\u017cna w Szkole Podstawowej Nr 90 przy ul. Orzechowej (okr\u0119gi 2,3) oraz O\u015brodku Postaw Tw\u00f3rczych przy ul. Dzia\u0142kowej (okr\u0119g nr 1).<\/p>\n<p>&nbsp;<\/p>\n<blockquote><p><span style=\"text-decoration: underline;\">Okr\u0119g 1:<\/span> Uznan\u0301skiego, Alpejska, Bardzka 85, Bielawska, Borowska, Brzoskwiniowa, Czerniawska, D\u0142ugopolska, Dusznicka, Dzia\u0142kowa, Dierz\u0307oniowska, Himalajska, Kukuczki, K\u0142odzka, Kudowska, La\u0328decka, Niemczan\u0301ska, Pamirska, Pieszycka, Pietrzykowska, Pi\u0142awska, Pirenejska, Puszczykowska, Radkowska, Rutkiewicz, Spiska 5-64, Srebrnogo\u0301rska, Stron\u0301ska, S\u0301wieradowska, Trawna, Wambierzycka<\/p>\n<p><span style=\"text-decoration: underline;\">Okr\u0119g 2:<\/span> Aleja Armii Krajowej 41, Bardzka N 3-5, Glogera, Krynicka, Or\u0142owicza, Zaruskiego, Zmorskiego<\/p>\n<p><span style=\"text-decoration: underline;\">Okr\u0119g 3:<\/span> Aleja Armii Krajowej 5, Jab\u0142eczna, Orzechowa, Z\u0307egiestowska<\/p><\/blockquote>\n<p>&nbsp;<\/p>\n<p>Przypominamy, \u017ce wybory do rad osiedli s\u0105 wielomandatowe, tzn. g\u0142suje si\u0119 na tylu kandydat\u00f3w, ile mandat\u00f3w przydzielonych zosta\u0142o danemu okr\u0119gowi wyborczemu (mo\u017cemy zakre\u015bli\u0107 nazwiska wi\u0119cej ni\u017c jednego kandydata).<\/p>\n<p>Wi\u0119cej przydatnych informacji zwi\u0105zanych z wyborami<a href=\"http:\/\/www.wroclaw.pl\/rozmawia\/faq-dla-wyborcy-\" target=\"_blank\" rel=\"noopener noreferrer\">&nbsp;pod tym linkiem<\/a>.<\/p>\n<p>&nbsp;<\/p>\n<p>&nbsp;<\/p>\n<p>&nbsp;<\/p>\n","protected":false},"excerpt":{"rendered":"<p>W najbli\u017csz\u0105 niedziele (23 kwietnia) we Wroc\u0142awiu odb\u0119d\u0105 si\u0119 wybory do rad osiedli! Lokale wyborcze otwarte b\u0119d\u0105 w godzinach 8:00-20:00.<\/p>\n","protected":false},"author":1,"featured_media":9037,"comment_status":"open","ping_status":"open","sticky":false,"template":"","format":"standard","meta":{"footnotes":""},"categories":[14],"tags":[851,112,852,849,850,292,135,165,371],"class_list":["post-9033","post","type-post","status-publish","format-standard","has-post-thumbnail","hentry","category-aktualnosci","tag-chodaczynski","tag-gaj","tag-nasz-gaj","tag-nawrotek","tag-pytlarz","tag-rada-osiedla-2","tag-rada-osiedla-gaj","tag-wroclaw","tag-wybory"],"_links":{"self":[{"href":"https:\/\/online.tvk-gaj.pl\/index.php?rest_route=\/wp\/v2\/posts\/9033","targetHints":{"allow":["GET"]}}],"collection":[{"href":"https:\/\/online.tvk-gaj.pl\/index.php?rest_route=\/wp\/v2\/posts"}],"about":[{"href":"https:\/\/online.tvk-gaj.pl\/index.php?rest_route=\/wp\/v2\/types\/post"}],"author":[{"embeddable":true,"href":"https:\/\/online.tvk-gaj.pl\/index.php?rest_route=\/wp\/v2\/users\/1"}],"replies":[{"embeddable":true,"href":"https:\/\/online.tvk-gaj.pl\/index.php?rest_route=%2Fwp%2Fv2%2Fcomments&post=9033"}],"version-history":[{"count":3,"href":"https:\/\/online.tvk-gaj.pl\/index.php?rest_route=\/wp\/v2\/posts\/9033\/revisions"}],"predecessor-version":[{"id":9046,"href":"https:\/\/online.tvk-gaj.pl\/index.php?rest_route=\/wp\/v2\/posts\/9033\/revisions\/9046"}],"wp:featuredmedia":[{"embeddable":true,"href":"https:\/\/online.tvk-gaj.pl\/index.php?rest_route=\/wp\/v2\/media\/9037"}],"wp:attachment":[{"href":"https:\/\/online.tvk-gaj.pl\/index.php?rest_route=%2Fwp%2Fv2%2Fmedia&parent=9033"}],"wp:term":[{"taxonomy":"category","embeddable":true,"href":"https:\/\/online.tvk-gaj.pl\/index.php?rest_route=%2Fwp%2Fv2%2Fcategories&post=9033"},{"taxonomy":"post_tag","embeddable":true,"href":"https:\/\/online.tvk-gaj.pl\/index.php?rest_route=%2Fwp%2Fv2%2Ftags&post=9033"}],"curies":[{"name":"wp","href":"https:\/\/api.w.org\/{rel}","templated":true}]}}