{"id":9043,"date":"2017-04-20T23:08:06","date_gmt":"2017-04-20T21:08:06","guid":{"rendered":"http:\/\/www.tvk-gaj.pl\/~gajonline\/?p=9043"},"modified":"2017-04-20T23:18:06","modified_gmt":"2017-04-20T21:18:06","slug":"podsumowanie-obecnej-kadencji-rady-osiedla-gaj","status":"publish","type":"post","link":"https:\/\/online.tvk-gaj.pl\/?p=9043","title":{"rendered":"Podsumowanie obecnej kadencji Rady Osiedla Gaj"},"content":{"rendered":"<p>Zapraszamy do podsumowania dzia\u0142alno\u015bci Rady Osiedla Gaj we Wroc\u0142awiu w kadencji 2013-2017r.&nbsp;<!--more--><\/p>\n<p><strong><br \/>\nKADENCJA RADY OSIEDLA GAJ 2013-2017<\/strong><\/p>\n<p>Kadencja bie\u017c\u0105cej Rady Osiedla Gaj trwa\u0142a 4 lata, od 2013r.&nbsp;<\/p>\n<p>W wyborach w 2013r. wybrano 21 radnych:<\/p>\n<p><a href=\"http:\/\/www.tvk-gaj.pl\/~gajonline\/wp-content\/uploads\/2017\/04\/radasklad.jpg\"><img loading=\"lazy\" decoding=\"async\" class=\"aligncenter size-full wp-image-9044\" src=\"http:\/\/www.tvk-gaj.pl\/~gajonline\/wp-content\/uploads\/2017\/04\/radasklad.jpg\" alt=\"\" width=\"550\" height=\"834\" srcset=\"https:\/\/online.tvk-gaj.pl\/wp-content\/uploads\/2017\/04\/radasklad.jpg 550w, https:\/\/online.tvk-gaj.pl\/wp-content\/uploads\/2017\/04\/radasklad-198x300.jpg 198w\" sizes=\"auto, (max-width: 550px) 100vw, 550px\" \/><\/a><\/p>\n<p><strong><span style=\"text-decoration: underline;\">Wybrane dokonania obecnej Rady Osiedla Gaj:<\/span><\/strong><\/p>\n<p>&nbsp;<\/p>\n<p><a href=\"http:\/\/www.tvk-gaj.pl\/~gajonline\/wp-content\/uploads\/2015\/07\/P63000141.jpg\"><img loading=\"lazy\" decoding=\"async\" class=\"size-large wp-image-4552 aligncenter\" src=\"http:\/\/www.tvk-gaj.pl\/~gajonline\/wp-content\/uploads\/2015\/07\/P63000141-1024x768.jpg\" alt=\"\" width=\"838\" height=\"629\" srcset=\"https:\/\/online.tvk-gaj.pl\/wp-content\/uploads\/2015\/07\/P63000141-1024x768.jpg 1024w, https:\/\/online.tvk-gaj.pl\/wp-content\/uploads\/2015\/07\/P63000141-300x225.jpg 300w, https:\/\/online.tvk-gaj.pl\/wp-content\/uploads\/2015\/07\/P63000141.jpg 1984w\" sizes=\"auto, (max-width: 838px) 100vw, 838px\" \/><\/a><\/p>\n<p>&nbsp;<\/p>\n<ul>\n<li>&nbsp;<strong>inwestycje na osiedlu: <\/strong><br \/>\n&#8211; nowe boisko pi\u0142karskie w Parku S\u0142onecznym,<br \/>\n&#8211; parking przed Szko\u0142\u0105 Podstawow\u0105,<br \/>\n&#8211; infrastruktura sportowa przy szkole,<br \/>\n&#8211; park pod Wzg\u00f3rzem Gajowym (wygrany w WBO przy bardzo mocnym wsparciu Rady),<\/li>\n<\/ul>\n<p><a href=\"http:\/\/www.tvk-gaj.pl\/~gajonline\/wp-content\/uploads\/2017\/03\/2017-03-14-13.51.07-1.jpg\"><img loading=\"lazy\" decoding=\"async\" class=\"aligncenter size-large wp-image-9013\" src=\"http:\/\/www.tvk-gaj.pl\/~gajonline\/wp-content\/uploads\/2017\/03\/2017-03-14-13.51.07-1-1024x631.jpg\" alt=\"\" width=\"838\" height=\"516\" srcset=\"https:\/\/online.tvk-gaj.pl\/wp-content\/uploads\/2017\/03\/2017-03-14-13.51.07-1-1024x631.jpg 1024w, https:\/\/online.tvk-gaj.pl\/wp-content\/uploads\/2017\/03\/2017-03-14-13.51.07-1-300x185.jpg 300w, https:\/\/online.tvk-gaj.pl\/wp-content\/uploads\/2017\/03\/2017-03-14-13.51.07-1-768x473.jpg 768w\" sizes=\"auto, (max-width: 838px) 100vw, 838px\" \/><\/a><\/p>\n<p><a href=\"http:\/\/www.tvk-gaj.pl\/~gajonline\/wp-content\/uploads\/2016\/12\/DSCN7786.jpg\"><img loading=\"lazy\" decoding=\"async\" class=\"aligncenter size-large wp-image-8631\" src=\"http:\/\/www.tvk-gaj.pl\/~gajonline\/wp-content\/uploads\/2016\/12\/DSCN7786-1024x768.jpg\" alt=\"\" width=\"838\" height=\"629\" srcset=\"https:\/\/online.tvk-gaj.pl\/wp-content\/uploads\/2016\/12\/DSCN7786-1024x768.jpg 1024w, https:\/\/online.tvk-gaj.pl\/wp-content\/uploads\/2016\/12\/DSCN7786-300x225.jpg 300w, https:\/\/online.tvk-gaj.pl\/wp-content\/uploads\/2016\/12\/DSCN7786-768x576.jpg 768w, https:\/\/online.tvk-gaj.pl\/wp-content\/uploads\/2016\/12\/DSCN7786.jpg 2000w\" sizes=\"auto, (max-width: 838px) 100vw, 838px\" \/><\/a><\/p>\n<p>&nbsp;<\/p>\n<ul>\n<li><strong>dzia\u0142ania spo\u0142eczne:<\/strong><br \/>\n&#8211; prowadzenie Klubu Seniora,<br \/>\n&#8211; projekt Parki ESK na Gaju (25 weekend\u00f3w z mini-festynami w zesz\u0142ym roku),<br \/>\n&#8211; coroczne festyny osiedlowe,<br \/>\n&#8211; rozw\u00f3j klubu pi\u0142karskiego Wroc\u0142aw-Silesia Gaj,<br \/>\n&#8211; wspieranie inicjatyw Wroc\u0142awskiego Bud\u017cetu Obywatelskiego,<br \/>\n&#8211; wspieranie Szk\u00f3\u0142 i Przedszkoli z osiedla (zakup zabawek, materia\u0142\u00f3w dydaktycznych, dofinansowania kolonii, ferii)&nbsp;<\/li>\n<\/ul>\n<p><a href=\"http:\/\/www.tvk-gaj.pl\/~gajonline\/wp-content\/uploads\/2016\/11\/IMG-20161118-WA0002.jpg\"><img loading=\"lazy\" decoding=\"async\" class=\"aligncenter size-large wp-image-8557\" src=\"http:\/\/www.tvk-gaj.pl\/~gajonline\/wp-content\/uploads\/2016\/11\/IMG-20161118-WA0002-1024x575.jpg\" alt=\"\" width=\"838\" height=\"471\" srcset=\"https:\/\/online.tvk-gaj.pl\/wp-content\/uploads\/2016\/11\/IMG-20161118-WA0002-1024x575.jpg 1024w, https:\/\/online.tvk-gaj.pl\/wp-content\/uploads\/2016\/11\/IMG-20161118-WA0002-300x168.jpg 300w, https:\/\/online.tvk-gaj.pl\/wp-content\/uploads\/2016\/11\/IMG-20161118-WA0002-768x431.jpg 768w, https:\/\/online.tvk-gaj.pl\/wp-content\/uploads\/2016\/11\/IMG-20161118-WA0002.jpg 1600w\" sizes=\"auto, (max-width: 838px) 100vw, 838px\" \/><\/a><\/p>\n<p><a href=\"http:\/\/www.tvk-gaj.pl\/~gajonline\/wp-content\/uploads\/2016\/06\/DSCN5415-2.jpg\"><img loading=\"lazy\" decoding=\"async\" class=\"aligncenter size-full wp-image-6795\" src=\"http:\/\/www.tvk-gaj.pl\/~gajonline\/wp-content\/uploads\/2016\/06\/DSCN5415-2.jpg\" alt=\"\" width=\"800\" height=\"600\" srcset=\"https:\/\/online.tvk-gaj.pl\/wp-content\/uploads\/2016\/06\/DSCN5415-2.jpg 800w, https:\/\/online.tvk-gaj.pl\/wp-content\/uploads\/2016\/06\/DSCN5415-2-300x225.jpg 300w, https:\/\/online.tvk-gaj.pl\/wp-content\/uploads\/2016\/06\/DSCN5415-2-768x576.jpg 768w\" sizes=\"auto, (max-width: 800px) 100vw, 800px\" \/> <\/a><\/p>\n<p><a href=\"http:\/\/www.tvk-gaj.pl\/~gajonline\/wp-content\/uploads\/2015\/09\/DSCF2969.jpg\"><img loading=\"lazy\" decoding=\"async\" class=\"aligncenter size-large wp-image-5071\" src=\"http:\/\/www.tvk-gaj.pl\/~gajonline\/wp-content\/uploads\/2015\/09\/DSCF2969-1024x768.jpg\" alt=\"\" width=\"838\" height=\"629\" srcset=\"https:\/\/online.tvk-gaj.pl\/wp-content\/uploads\/2015\/09\/DSCF2969-1024x768.jpg 1024w, https:\/\/online.tvk-gaj.pl\/wp-content\/uploads\/2015\/09\/DSCF2969-300x225.jpg 300w, https:\/\/online.tvk-gaj.pl\/wp-content\/uploads\/2015\/09\/DSCF2969.jpg 2000w\" sizes=\"auto, (max-width: 838px) 100vw, 838px\" \/><\/a><\/p>\n<p><a href=\"http:\/\/www.tvk-gaj.pl\/~gajonline\/wp-content\/uploads\/2012\/12\/C072310.jpg\"><img loading=\"lazy\" decoding=\"async\" class=\"aligncenter size-large wp-image-476\" src=\"http:\/\/www.tvk-gaj.pl\/~gajonline\/wp-content\/uploads\/2012\/12\/C072310-1024x768.jpg\" alt=\"\" width=\"838\" height=\"629\" srcset=\"https:\/\/online.tvk-gaj.pl\/wp-content\/uploads\/2012\/12\/C072310-1024x768.jpg 1024w, https:\/\/online.tvk-gaj.pl\/wp-content\/uploads\/2012\/12\/C072310-300x225.jpg 300w, https:\/\/online.tvk-gaj.pl\/wp-content\/uploads\/2012\/12\/C072310.jpg 1824w\" sizes=\"auto, (max-width: 838px) 100vw, 838px\" \/><\/a><\/p>\n<p>&nbsp;<\/p>\n<ul>\n<li><strong>Pikniki i festyny osiedlowe&nbsp;<\/strong><br \/>\n&#8211;&nbsp;integracja mieszka\u0144c\u00f3w&nbsp;<br \/>\n&#8211;&nbsp;animacja czasu wolnego dla dzieci&nbsp;<br \/>\n&#8211;&nbsp;liczne atrakcje dla dzieci i m\u0142odzie\u017cy (zabawy, konkursy z nagrodami, profesjonalni animatorzy zabaw podczas imprez osiedlowych)<\/li>\n<\/ul>\n<p><a href=\"http:\/\/www.tvk-gaj.pl\/~gajonline\/wp-content\/uploads\/2016\/10\/figliki2-1.jpg\"><img loading=\"lazy\" decoding=\"async\" class=\"aligncenter size-large wp-image-8206\" src=\"http:\/\/www.tvk-gaj.pl\/~gajonline\/wp-content\/uploads\/2016\/10\/figliki2-1-1024x577.jpg\" alt=\"\" width=\"838\" height=\"472\" srcset=\"https:\/\/online.tvk-gaj.pl\/wp-content\/uploads\/2016\/10\/figliki2-1-1024x577.jpg 1024w, https:\/\/online.tvk-gaj.pl\/wp-content\/uploads\/2016\/10\/figliki2-1-300x169.jpg 300w, https:\/\/online.tvk-gaj.pl\/wp-content\/uploads\/2016\/10\/figliki2-1-768x433.jpg 768w\" sizes=\"auto, (max-width: 838px) 100vw, 838px\" \/><\/a><\/p>\n<p><a href=\"http:\/\/www.tvk-gaj.pl\/~gajonline\/wp-content\/uploads\/2016\/08\/2016-07-30-17.47.21-1.jpg\"><img loading=\"lazy\" decoding=\"async\" class=\"aligncenter size-large wp-image-7559\" src=\"http:\/\/www.tvk-gaj.pl\/~gajonline\/wp-content\/uploads\/2016\/08\/2016-07-30-17.47.21-1-1024x638.jpg\" alt=\"\" width=\"838\" height=\"522\" srcset=\"https:\/\/online.tvk-gaj.pl\/wp-content\/uploads\/2016\/08\/2016-07-30-17.47.21-1-1024x638.jpg 1024w, https:\/\/online.tvk-gaj.pl\/wp-content\/uploads\/2016\/08\/2016-07-30-17.47.21-1-300x187.jpg 300w, https:\/\/online.tvk-gaj.pl\/wp-content\/uploads\/2016\/08\/2016-07-30-17.47.21-1-768x479.jpg 768w\" sizes=\"auto, (max-width: 838px) 100vw, 838px\" \/><\/a><\/p>\n<p>&nbsp;<\/p>\n<ul>\n<li><strong>wsp\u00f3\u0142praca z jednostkami miejskimi:<\/strong><br \/>\n&#8211; nowe obwody szkolne,<br \/>\n&#8211; wsp\u00f3\u0142prowadzenie konsultacji nowego parku w okolicy ul. K\u0142odzkiej,<br \/>\n&#8211; wsp\u00f3\u0142praca ze Szko\u0142\u0105 Podstawow\u0105 Nr 90, Gimnazjum Nr 25, Przedszkolami, O\u015brodkiem Podstaw Tw\u00f3rczych, Stra\u017c\u0105 Miejsk\u0105, Policj\u0105, Uczniowskim Osiedlowym Klubem Pi\u0142karskim, Stowarzyszeniami dzia\u0142aj\u0105cymi na terenie Gaju, MOPS oraz lokalnymi przedsi\u0119biorcami i sponsorami<\/li>\n<\/ul>\n<p><a href=\"http:\/\/www.tvk-gaj.pl\/~gajonline\/wp-content\/uploads\/2016\/11\/2016-09-14-12.07.15.jpg\"><img loading=\"lazy\" decoding=\"async\" class=\"aligncenter size-large wp-image-8520\" src=\"http:\/\/www.tvk-gaj.pl\/~gajonline\/wp-content\/uploads\/2016\/11\/2016-09-14-12.07.15-1024x768.jpg\" alt=\"\" width=\"838\" height=\"629\" srcset=\"https:\/\/online.tvk-gaj.pl\/wp-content\/uploads\/2016\/11\/2016-09-14-12.07.15-1024x768.jpg 1024w, https:\/\/online.tvk-gaj.pl\/wp-content\/uploads\/2016\/11\/2016-09-14-12.07.15-300x225.jpg 300w, https:\/\/online.tvk-gaj.pl\/wp-content\/uploads\/2016\/11\/2016-09-14-12.07.15-768x576.jpg 768w\" sizes=\"auto, (max-width: 838px) 100vw, 838px\" \/><\/a><\/p>\n<p><a href=\"http:\/\/www.tvk-gaj.pl\/~gajonline\/wp-content\/uploads\/2016\/09\/2016-09-14-12.09.26.jpg\"><img loading=\"lazy\" decoding=\"async\" class=\"aligncenter size-large wp-image-8011\" src=\"http:\/\/www.tvk-gaj.pl\/~gajonline\/wp-content\/uploads\/2016\/09\/2016-09-14-12.09.26-1024x768.jpg\" alt=\"\" width=\"838\" height=\"629\" srcset=\"https:\/\/online.tvk-gaj.pl\/wp-content\/uploads\/2016\/09\/2016-09-14-12.09.26-1024x768.jpg 1024w, https:\/\/online.tvk-gaj.pl\/wp-content\/uploads\/2016\/09\/2016-09-14-12.09.26-300x225.jpg 300w, https:\/\/online.tvk-gaj.pl\/wp-content\/uploads\/2016\/09\/2016-09-14-12.09.26-768x576.jpg 768w\" sizes=\"auto, (max-width: 838px) 100vw, 838px\" \/><\/a><\/p>\n<p>&nbsp;<\/p>\n<ul>\n<li><strong>troska o bezpiecze\u0144stwo:<\/strong>&nbsp;<br \/>\n&#8211; promocja zasad bezpiecze\u0144stwa i prewencja kryminalna na piknikach i festynach (np. prelekcje policji z KP Krzyki, symulator &#8222;alko-gogle&#8221; na festynie),<br \/>\n&#8211;&nbsp;\u015bcis\u0142a wsp\u00f3\u0142praca z Policj\u0105 i Stra\u017c\u0105 Miejsk\u0105 (zapewnienie &#8222;posterunku&#8221; dzielnicowych i SM na Krynickiej, Stra\u017cnik Osiedlowy),<br \/>\n&#8211; wsp\u00f3\u0142praca z Urz\u0119dem Miasta, w tym spotkania z Prezydentem Wroc\u0142awia Rafa\u0142em Dutkiewiczem oraz przedstawicielami magistratu,<br \/>\n&#8211; opiniowanie i wnioskowanie o bezpiecze\u0144stwo w ruchu drogowym na osiedlu (obj\u0119cie ul. D\u0142ugopolskiej stref\u0105 zamieszkania, monta\u017c prog\u00f3w zwalniaj\u0105cych na ul. Orzechowej, monta\u017c nowych znak\u00f3w drogowych, zabezpieczenie przej\u015b\u0107 przez tory tramwajowe na ul. \u015awieradowskiej, budowa \u015bcie\u017cek rowerowych)<\/li>\n<\/ul>\n<p><a href=\"http:\/\/www.tvk-gaj.pl\/~gajonline\/wp-content\/uploads\/2013\/12\/Zdj\u0119cie0097.jpg\"><img loading=\"lazy\" decoding=\"async\" class=\"aligncenter size-large wp-image-1846\" src=\"http:\/\/www.tvk-gaj.pl\/~gajonline\/wp-content\/uploads\/2013\/12\/Zdj\u0119cie0097-1024x768.jpg\" alt=\"\" width=\"838\" height=\"629\"><\/a><\/p>\n<p><img loading=\"lazy\" decoding=\"async\" class=\"size-large wp-image-4553 aligncenter\" src=\"http:\/\/www.tvk-gaj.pl\/~gajonline\/wp-content\/uploads\/2015\/07\/P6300016-1024x768.jpg\" alt=\"\" width=\"838\" height=\"629\" srcset=\"https:\/\/online.tvk-gaj.pl\/wp-content\/uploads\/2015\/07\/P6300016-1024x768.jpg 1024w, https:\/\/online.tvk-gaj.pl\/wp-content\/uploads\/2015\/07\/P6300016-300x225.jpg 300w, https:\/\/online.tvk-gaj.pl\/wp-content\/uploads\/2015\/07\/P6300016.jpg 1984w\" sizes=\"auto, (max-width: 838px) 100vw, 838px\" \/><\/p>\n<p><a href=\"http:\/\/www.tvk-gaj.pl\/~gajonline\/wp-content\/uploads\/2016\/06\/DSCN5458.jpg\"><img loading=\"lazy\" decoding=\"async\" class=\"aligncenter size-full wp-image-7143\" src=\"http:\/\/www.tvk-gaj.pl\/~gajonline\/wp-content\/uploads\/2016\/06\/DSCN5458.jpg\" alt=\"\" width=\"450\" height=\"600\" srcset=\"https:\/\/online.tvk-gaj.pl\/wp-content\/uploads\/2016\/06\/DSCN5458.jpg 450w, https:\/\/online.tvk-gaj.pl\/wp-content\/uploads\/2016\/06\/DSCN5458-225x300.jpg 225w\" sizes=\"auto, (max-width: 450px) 100vw, 450px\" \/><\/a><\/p>\n<p><a href=\"http:\/\/www.tvk-gaj.pl\/~gajonline\/wp-content\/uploads\/2015\/10\/2015-10-19-13.30.28.jpg\"><img loading=\"lazy\" decoding=\"async\" class=\"aligncenter size-large wp-image-5117\" src=\"http:\/\/www.tvk-gaj.pl\/~gajonline\/wp-content\/uploads\/2015\/10\/2015-10-19-13.30.28-1024x576.jpg\" alt=\"\" width=\"838\" height=\"471\" srcset=\"https:\/\/online.tvk-gaj.pl\/wp-content\/uploads\/2015\/10\/2015-10-19-13.30.28-1024x576.jpg 1024w, https:\/\/online.tvk-gaj.pl\/wp-content\/uploads\/2015\/10\/2015-10-19-13.30.28-300x169.jpg 300w\" sizes=\"auto, (max-width: 838px) 100vw, 838px\" \/><\/a><\/p>\n<p>&nbsp;<\/p>\n<ul>\n<li><strong>prowadzenie strony internetowej oraz osiedlowego facebooka:<\/strong>&nbsp;<br \/>\n&#8211;&nbsp;ci\u0105g\u0142a modernizacja oraz unowocze\u015bnianie strony internetowej,&nbsp;<br \/>\n&#8211; sta\u0142e informowanie Was o tym co wa\u017cne i ciekawe,<br \/>\n&#8211; stworzenie licznej spo\u0142eczno\u015bci skupionej wok\u00f3\u0142 facebookowego profilu oraz strony,<br \/>\n&#8211; \u015bwietne statystyki ogl\u0105dalno\u015bci i zaanga\u017cowania czytelnik\u00f3w<br \/>\n&#8211; wsp\u00f3\u0142organizacja konkurs\u00f3w, fotorelacje z imprez itp.<\/li>\n<\/ul>\n<p><a href=\"http:\/\/www.tvk-gaj.pl\/~gajonline\/wp-content\/uploads\/2017\/04\/strona.jpg\"><img loading=\"lazy\" decoding=\"async\" class=\"aligncenter size-full wp-image-9041\" src=\"http:\/\/www.tvk-gaj.pl\/~gajonline\/wp-content\/uploads\/2017\/04\/strona.jpg\" alt=\"\" width=\"936\" height=\"928\" srcset=\"https:\/\/online.tvk-gaj.pl\/wp-content\/uploads\/2017\/04\/strona.jpg 936w, https:\/\/online.tvk-gaj.pl\/wp-content\/uploads\/2017\/04\/strona-150x150.jpg 150w, https:\/\/online.tvk-gaj.pl\/wp-content\/uploads\/2017\/04\/strona-300x297.jpg 300w, https:\/\/online.tvk-gaj.pl\/wp-content\/uploads\/2017\/04\/strona-768x761.jpg 768w, https:\/\/online.tvk-gaj.pl\/wp-content\/uploads\/2017\/04\/strona-160x160.jpg 160w, https:\/\/online.tvk-gaj.pl\/wp-content\/uploads\/2017\/04\/strona-60x60.jpg 60w\" sizes=\"auto, (max-width: 936px) 100vw, 936px\" \/><\/a><\/p>\n<p><a href=\"http:\/\/www.tvk-gaj.pl\/~gajonline\/wp-content\/uploads\/2017\/02\/oliwia-zimna.jpg\"><img loading=\"lazy\" decoding=\"async\" class=\"aligncenter size-large wp-image-8902\" src=\"http:\/\/www.tvk-gaj.pl\/~gajonline\/wp-content\/uploads\/2017\/02\/oliwia-zimna-1024x678.jpg\" alt=\"\" width=\"838\" height=\"555\" srcset=\"https:\/\/online.tvk-gaj.pl\/wp-content\/uploads\/2017\/02\/oliwia-zimna-1024x678.jpg 1024w, https:\/\/online.tvk-gaj.pl\/wp-content\/uploads\/2017\/02\/oliwia-zimna-300x199.jpg 300w, https:\/\/online.tvk-gaj.pl\/wp-content\/uploads\/2017\/02\/oliwia-zimna-768x508.jpg 768w, https:\/\/online.tvk-gaj.pl\/wp-content\/uploads\/2017\/02\/oliwia-zimna-321x214.jpg 321w, https:\/\/online.tvk-gaj.pl\/wp-content\/uploads\/2017\/02\/oliwia-zimna-207x136.jpg 207w, https:\/\/online.tvk-gaj.pl\/wp-content\/uploads\/2017\/02\/oliwia-zimna-140x94.jpg 140w, https:\/\/online.tvk-gaj.pl\/wp-content\/uploads\/2017\/02\/oliwia-zimna.jpg 1760w\" sizes=\"auto, (max-width: 838px) 100vw, 838px\" \/><\/a><\/p>\n<p>&nbsp;<\/p>\n<ul>\n<li><strong>sport i kultura:<\/strong>&nbsp;<br \/>\n&#8211; aktywizacja senior\u00f3w poprzez dzia\u0142alno\u015b\u0107 klubu seniora oraz obchody dnia seniora i wsp\u00f3\u0142praca z MOPS<br \/>\n&#8211; wakacykny klub w\u0119druj\u0105cej ksi\u0105\u017cki,<br \/>\n&#8211;&nbsp;wsp\u00f3\u0142praca i dofinansowanie dla Uczniowskiego Osiedlowego Klubu Pi\u0142karskiego Silesia &#8211; Gaj;<br \/>\n&#8211; realizacja plenerowej sceny Europejskiej Stolicy Kultury Wroc\u0142aw 2016<\/li>\n<\/ul>\n<p><a href=\"http:\/\/www.tvk-gaj.pl\/~gajonline\/wp-content\/uploads\/2016\/06\/wcrs7-1.jpg\"><img loading=\"lazy\" decoding=\"async\" class=\"aligncenter size-large wp-image-6633\" src=\"http:\/\/www.tvk-gaj.pl\/~gajonline\/wp-content\/uploads\/2016\/06\/wcrs7-1-577x1024.jpg\" alt=\"\" width=\"577\" height=\"1024\" srcset=\"https:\/\/online.tvk-gaj.pl\/wp-content\/uploads\/2016\/06\/wcrs7-1-577x1024.jpg 577w, https:\/\/online.tvk-gaj.pl\/wp-content\/uploads\/2016\/06\/wcrs7-1-169x300.jpg 169w, https:\/\/online.tvk-gaj.pl\/wp-content\/uploads\/2016\/06\/wcrs7-1-768x1362.jpg 768w, https:\/\/online.tvk-gaj.pl\/wp-content\/uploads\/2016\/06\/wcrs7-1.jpg 1840w\" sizes=\"auto, (max-width: 577px) 100vw, 577px\" \/><\/a><\/p>\n<p><a href=\"http:\/\/www.tvk-gaj.pl\/~gajonline\/wp-content\/uploads\/2016\/05\/A096575.jpg\"><img loading=\"lazy\" decoding=\"async\" class=\"size-full wp-image-6121 aligncenter\" src=\"http:\/\/www.tvk-gaj.pl\/~gajonline\/wp-content\/uploads\/2016\/05\/A096575.jpg\" alt=\"\" width=\"912\" height=\"684\" srcset=\"https:\/\/online.tvk-gaj.pl\/wp-content\/uploads\/2016\/05\/A096575.jpg 912w, https:\/\/online.tvk-gaj.pl\/wp-content\/uploads\/2016\/05\/A096575-300x225.jpg 300w, https:\/\/online.tvk-gaj.pl\/wp-content\/uploads\/2016\/05\/A096575-768x576.jpg 768w\" sizes=\"auto, (max-width: 912px) 100vw, 912px\" \/><\/a><\/p>\n<p><a href=\"http:\/\/www.tvk-gaj.pl\/~gajonline\/wp-content\/uploads\/2015\/05\/0221.jpg\"><img loading=\"lazy\" decoding=\"async\" class=\"aligncenter size-large wp-image-4025\" src=\"http:\/\/www.tvk-gaj.pl\/~gajonline\/wp-content\/uploads\/2015\/05\/0221-576x1024.jpg\" alt=\"\" width=\"576\" height=\"1024\" srcset=\"https:\/\/online.tvk-gaj.pl\/wp-content\/uploads\/2015\/05\/0221-576x1024.jpg 576w, https:\/\/online.tvk-gaj.pl\/wp-content\/uploads\/2015\/05\/0221-169x300.jpg 169w, https:\/\/online.tvk-gaj.pl\/wp-content\/uploads\/2015\/05\/0221.jpg 1836w\" sizes=\"auto, (max-width: 576px) 100vw, 576px\" \/><\/a><\/p>\n<p><a href=\"http:\/\/www.tvk-gaj.pl\/~gajonline\/wp-content\/uploads\/2016\/08\/2016-07-30-19.23.58.jpg\"><img loading=\"lazy\" decoding=\"async\" class=\"aligncenter size-large wp-image-7564\" src=\"http:\/\/www.tvk-gaj.pl\/~gajonline\/wp-content\/uploads\/2016\/08\/2016-07-30-19.23.58-1024x768.jpg\" alt=\"\" width=\"838\" height=\"629\" srcset=\"https:\/\/online.tvk-gaj.pl\/wp-content\/uploads\/2016\/08\/2016-07-30-19.23.58-1024x768.jpg 1024w, https:\/\/online.tvk-gaj.pl\/wp-content\/uploads\/2016\/08\/2016-07-30-19.23.58-300x225.jpg 300w, https:\/\/online.tvk-gaj.pl\/wp-content\/uploads\/2016\/08\/2016-07-30-19.23.58-768x576.jpg 768w\" sizes=\"auto, (max-width: 838px) 100vw, 838px\" \/><\/a><\/p>\n<p>&nbsp;<\/p>\n<p>&nbsp;<\/p>\n<p><strong><span style=\"text-decoration: underline;\">Zamierzenia:&nbsp;<\/span><\/strong><\/p>\n<ul>\n<li>&nbsp;zagospodarowanie Wzg\u00f3rza Gajowego na og\u00f3lnodost\u0119pny park dla mieszka\u0144c\u00f3w,<\/li>\n<li>przekszta\u0142cenie Klubu Seniora w otwarty ka\u017cdego dnia klub osiedlowy,<\/li>\n<li>remont Parku Skowroniego,<\/li>\n<li>zwi\u0119kszenie liczby miejsc parkingowych<br \/>\n<blockquote><p><strong>To by\u0142a bardzo dobra kadencja, w kt\u00f3rej nie brakowa\u0142a ci\u0119\u017ckiej pracy, po\u015bwi\u0119cenia oraz wiary, \u017ce razem mo\u017cna wiele! Uda\u0142o si\u0119 nam du\u017co, kilka spraw jest w toku, ale ci\u0105gle chcemy wi\u0119cej, dlatego zach\u0119camy do wzi\u0119cia udzia\u0142u w nadchodz\u0105cych wyborach!<\/strong><\/p><\/blockquote>\n<\/li>\n<\/ul>\n<p>&nbsp;<\/p>\n","protected":false},"excerpt":{"rendered":"<p>Zapraszamy do podsumowania dzia\u0142alno\u015bci Rady Osiedla Gaj we Wroc\u0142awiu w kadencji 2013-2017r.&nbsp;<\/p>\n","protected":false},"author":1,"featured_media":9048,"comment_status":"open","ping_status":"open","sticky":false,"template":"","format":"standard","meta":{"footnotes":""},"categories":[14,12],"tags":[316,112,854,166,853,857,135,855,856,165],"class_list":["post-9043","post","type-post","status-publish","format-standard","has-post-thumbnail","hentry","category-aktualnosci","category-artykuly","tag-adam-wojtaszewski","tag-gaj","tag-grzegorz-pytlarz","tag-osiedle-gaj","tag-piotr-nawrotek","tag-podsumowanie","tag-rada-osiedla-gaj","tag-stefan-zydorowicz","tag-wojciech-kurzyjamski","tag-wroclaw"],"_links":{"self":[{"href":"https:\/\/online.tvk-gaj.pl\/index.php?rest_route=\/wp\/v2\/posts\/9043","targetHints":{"allow":["GET"]}}],"collection":[{"href":"https:\/\/online.tvk-gaj.pl\/index.php?rest_route=\/wp\/v2\/posts"}],"about":[{"href":"https:\/\/online.tvk-gaj.pl\/index.php?rest_route=\/wp\/v2\/types\/post"}],"author":[{"embeddable":true,"href":"https:\/\/online.tvk-gaj.pl\/index.php?rest_route=\/wp\/v2\/users\/1"}],"replies":[{"embeddable":true,"href":"https:\/\/online.tvk-gaj.pl\/index.php?rest_route=%2Fwp%2Fv2%2Fcomments&post=9043"}],"version-history":[{"count":4,"href":"https:\/\/online.tvk-gaj.pl\/index.php?rest_route=\/wp\/v2\/posts\/9043\/revisions"}],"predecessor-version":[{"id":9050,"href":"https:\/\/online.tvk-gaj.pl\/index.php?rest_route=\/wp\/v2\/posts\/9043\/revisions\/9050"}],"wp:featuredmedia":[{"embeddable":true,"href":"https:\/\/online.tvk-gaj.pl\/index.php?rest_route=\/wp\/v2\/media\/9048"}],"wp:attachment":[{"href":"https:\/\/online.tvk-gaj.pl\/index.php?rest_route=%2Fwp%2Fv2%2Fmedia&parent=9043"}],"wp:term":[{"taxonomy":"category","embeddable":true,"href":"https:\/\/online.tvk-gaj.pl\/index.php?rest_route=%2Fwp%2Fv2%2Fcategories&post=9043"},{"taxonomy":"post_tag","embeddable":true,"href":"https:\/\/online.tvk-gaj.pl\/index.php?rest_route=%2Fwp%2Fv2%2Ftags&post=9043"}],"curies":[{"name":"wp","href":"https:\/\/api.w.org\/{rel}","templated":true}]}}