{"id":9051,"date":"2017-04-24T23:04:20","date_gmt":"2017-04-24T21:04:20","guid":{"rendered":"http:\/\/www.tvk-gaj.pl\/~gajonline\/?p=9051"},"modified":"2017-05-22T23:12:51","modified_gmt":"2017-05-22T21:12:51","slug":"wyniki-wyborow-do-rady-osiedla-2017","status":"publish","type":"post","link":"https:\/\/online.tvk-gaj.pl\/?p=9051","title":{"rendered":"Wyniki wybor\u00f3w do Rady Osiedla &#8211; 2017"},"content":{"rendered":"<p>Wczoraj (tj. 23 kwietnia 2017r.) o godzinie 20 zako\u0144czy\u0142y si\u0119 wybory do rad osiedli we Wroc\u0142awiu. Uprawnionych do&nbsp;wzi\u0119cia udzia\u0142u w g\u0142osowaniu by\u0142o 483 277 os\u00f3b, z czego g\u0142os odda\u0142o prawie 27 tys. wroc\u0142awian. &nbsp;Miejska Komisja Wyborcza opublikowa\u0142a ju\u017c oficjalne wyniki wybor\u00f3w&nbsp;<!--more--><\/p>\n<p>&nbsp;<\/p>\n<p>Na Gaju wybory odbywa\u0142y si\u0119 w trzech okr\u0119gach, podzielonych ze wzgl\u0119du na ulice. Mieszka\u0144cy oddawali swoje g\u0142osy w Komisji Wyborczej w O\u015brodku Postaw Tw\u00f3rczych przy ul. Dzia\u0142kowej 15 (okr\u0119g nr 1) oraz Szkole Podstawowej Nr 90 przy ul. Orzechowej (okr\u0119g 2 i 3).<\/p>\n<p>&nbsp;<\/p>\n<p><a href=\"http:\/\/www.tvk-gaj.pl\/~gajonline\/wp-content\/uploads\/2017\/04\/750x390_rady-osiedla-2.jpg\"><img loading=\"lazy\" decoding=\"async\" class=\"aligncenter size-full wp-image-9053\" src=\"http:\/\/www.tvk-gaj.pl\/~gajonline\/wp-content\/uploads\/2017\/04\/750x390_rady-osiedla-2.jpg\" alt=\"\" width=\"750\" height=\"390\" srcset=\"https:\/\/online.tvk-gaj.pl\/wp-content\/uploads\/2017\/04\/750x390_rady-osiedla-2.jpg 750w, https:\/\/online.tvk-gaj.pl\/wp-content\/uploads\/2017\/04\/750x390_rady-osiedla-2-300x156.jpg 300w\" sizes=\"auto, (max-width: 750px) 100vw, 750px\" \/><\/a><\/p>\n<p>&nbsp;<\/p>\n<p><strong>Troch\u0119 statystyki:&nbsp;<\/strong><\/p>\n<p>Frekwencja w tegorocznych wyborach wynios\u0142a 6% (blisko 30 000 wroc\u0142awian odda\u0142o sw\u00f3j g\u0142os). To wi\u0119cej ni\u017c w ostatnich wyborach, kiedy do urn posz\u0142o 3,9% uprawnionych do g\u0142osowania.&nbsp;<br \/>\nW tym roku o 798 miejsc do obj\u0119cia w radach osiedlowych ubiega\u0142o si\u0119 ponad 1300 kandydat\u00f3w.<\/p>\n<p>&nbsp;<\/p>\n<p><strong>Miejska Komisja Wyborcza opublikowa\u0142a ju\u017c oficjalne wyniki. Radnymi osiedla Gaj w kadencji 2017-2021 zostali:<\/strong><\/p>\n<p>&nbsp;<\/p>\n<p><a href=\"http:\/\/www.tvk-gaj.pl\/~gajonline\/wp-content\/uploads\/2017\/04\/wynikiro2017.jpg\"><img loading=\"lazy\" decoding=\"async\" class=\"aligncenter size-full wp-image-9052\" src=\"http:\/\/www.tvk-gaj.pl\/~gajonline\/wp-content\/uploads\/2017\/04\/wynikiro2017.jpg\" alt=\"\" width=\"606\" height=\"960\" srcset=\"https:\/\/online.tvk-gaj.pl\/wp-content\/uploads\/2017\/04\/wynikiro2017.jpg 606w, https:\/\/online.tvk-gaj.pl\/wp-content\/uploads\/2017\/04\/wynikiro2017-189x300.jpg 189w\" sizes=\"auto, (max-width: 606px) 100vw, 606px\" \/><\/a><\/p>\n<p>&nbsp;<\/p>\n<p>&nbsp;<\/p>\n<p><strong>Szczeg\u00f3\u0142owe wyniki wybor\u00f3w:<\/strong><\/p>\n<p><span style=\"text-decoration: underline;\">Okr\u0119g nr 1:<\/span><\/p>\n<p><a href=\"http:\/\/www.tvk-gaj.pl\/~gajonline\/wp-content\/uploads\/2017\/04\/okreg-1.jpg\"><img loading=\"lazy\" decoding=\"async\" class=\"aligncenter size-large wp-image-9054\" src=\"http:\/\/www.tvk-gaj.pl\/~gajonline\/wp-content\/uploads\/2017\/04\/okreg-1-761x1024.jpg\" alt=\"\" width=\"761\" height=\"1024\" srcset=\"https:\/\/online.tvk-gaj.pl\/wp-content\/uploads\/2017\/04\/okreg-1-761x1024.jpg 761w, https:\/\/online.tvk-gaj.pl\/wp-content\/uploads\/2017\/04\/okreg-1-223x300.jpg 223w, https:\/\/online.tvk-gaj.pl\/wp-content\/uploads\/2017\/04\/okreg-1-768x1033.jpg 768w, https:\/\/online.tvk-gaj.pl\/wp-content\/uploads\/2017\/04\/okreg-1.jpg 1840w\" sizes=\"auto, (max-width: 761px) 100vw, 761px\" \/><\/a><\/p>\n<p>&nbsp;<\/p>\n<p><span style=\"text-decoration: underline;\">Okr\u0119g nr 2:<\/span><\/p>\n<p>&nbsp;<\/p>\n<p><a href=\"http:\/\/www.tvk-gaj.pl\/~gajonline\/wp-content\/uploads\/2017\/04\/okreg-2.jpg\"><img loading=\"lazy\" decoding=\"async\" class=\"aligncenter size-large wp-image-9055\" src=\"http:\/\/www.tvk-gaj.pl\/~gajonline\/wp-content\/uploads\/2017\/04\/okreg-2-691x1024.jpg\" alt=\"\" width=\"691\" height=\"1024\" srcset=\"https:\/\/online.tvk-gaj.pl\/wp-content\/uploads\/2017\/04\/okreg-2-691x1024.jpg 691w, https:\/\/online.tvk-gaj.pl\/wp-content\/uploads\/2017\/04\/okreg-2-202x300.jpg 202w, https:\/\/online.tvk-gaj.pl\/wp-content\/uploads\/2017\/04\/okreg-2-768x1138.jpg 768w, https:\/\/online.tvk-gaj.pl\/wp-content\/uploads\/2017\/04\/okreg-2.jpg 1577w\" sizes=\"auto, (max-width: 691px) 100vw, 691px\" \/><\/a><\/p>\n<p>&nbsp;<\/p>\n<p><span style=\"text-decoration: underline;\">Okr\u0119g nr 3:<\/span><\/p>\n<p>&nbsp;<\/p>\n<p><a href=\"http:\/\/www.tvk-gaj.pl\/~gajonline\/wp-content\/uploads\/2017\/04\/okreg-3.jpg\"><img loading=\"lazy\" decoding=\"async\" class=\"aligncenter size-large wp-image-9056\" src=\"http:\/\/www.tvk-gaj.pl\/~gajonline\/wp-content\/uploads\/2017\/04\/okreg-3-813x1024.jpg\" alt=\"\" width=\"813\" height=\"1024\" srcset=\"https:\/\/online.tvk-gaj.pl\/wp-content\/uploads\/2017\/04\/okreg-3-813x1024.jpg 813w, https:\/\/online.tvk-gaj.pl\/wp-content\/uploads\/2017\/04\/okreg-3-238x300.jpg 238w, https:\/\/online.tvk-gaj.pl\/wp-content\/uploads\/2017\/04\/okreg-3-768x968.jpg 768w, https:\/\/online.tvk-gaj.pl\/wp-content\/uploads\/2017\/04\/okreg-3.jpg 1670w\" sizes=\"auto, (max-width: 813px) 100vw, 813px\" \/><\/a><\/p>\n<p>&nbsp;<\/p>\n<p><strong>Jak wygl\u0105da dalsza procedura?<\/strong><\/p>\n<p>Kadencja rad osiedli twa 4 lata. Pierwsze sesje nowych rad zwo\u0142a przewodnicz\u0105cy Rady Miejskiej Wroc\u0142awia, gdy Miejska Komisja Wyborcza stwierdzi wa\u017cno\u015b\u0107 wybor\u00f3w. Obecnie Miejska Komisja Wyborcza czeka na ewentualne odwo\u0142ania i skargi. Termin ich sk\u0142adania to 14 dni od momentu og\u0142oszenia wynik\u00f3w. Po tym czasie Prezydent Miasta ma 7 dni na zorganizowanie \u015blubowania Radnych.<\/p>\n<p>&nbsp;<\/p>\n<p><strong>Wszystkim kandydatom dzi\u0119kujemy za udzia\u0142 w wyborach (czym pokazano, \u017ce Wroc\u0142aw to miasto samorz\u0105dne i oparte o fundamenty spo\u0142ecze\u0144stwa demokratycznego), za\u015b zwyci\u0119zcom serdecznie gratulujemy!&nbsp;<\/strong><\/p>\n<p>&nbsp;<\/p>\n<p><span style=\"color: #000000;\"><a style=\"color: #000000;\" href=\"http:\/\/bip.um.wroc.pl\/artykul\/654\/26562\/wyniki-wyborow-do-rad-osiedli-wroclawia\" target=\"_blank\" rel=\"noopener noreferrer\">(Wyniki wybor\u00f3w do wszystkich rad osiedli we Wroc\u0142awiu)<\/a><\/span><\/p>\n<p>&nbsp;<\/p>\n<div class='et-learn-more clearfix'>\n\t\t\t\t\t<h3 class='heading-more'>\u0179r\u00f3d\u0142o<span class='et_learnmore_arrow'><span><\/span><\/span><\/h3>\n\t\t\t\t\t<div class='learn-more-content'>Miejska Komisja Wyborcza we Wroc\u0142awiu<\/div>\n\t\t\t\t<\/div>\n<p>&nbsp;<\/p>\n","protected":false},"excerpt":{"rendered":"<p>Wczoraj (tj. 23 kwietnia 2017r.) o godzinie 20 zako\u0144czy\u0142y si\u0119 wybory do rad osiedli we Wroc\u0142awiu. Uprawnionych do&nbsp;wzi\u0119cia udzia\u0142u w g\u0142osowaniu by\u0142o 483 277 os\u00f3b, z czego g\u0142os odda\u0142o prawie 27 tys. wroc\u0142awian. &nbsp;Miejska Komisja Wyborcza opublikowa\u0142a ju\u017c oficjalne wyniki wybor\u00f3w&nbsp;<\/p>\n","protected":false},"author":1,"featured_media":1283,"comment_status":"open","ping_status":"open","sticky":false,"template":"","format":"standard","meta":{"footnotes":""},"categories":[14],"tags":[112,858,352,135,165,371,847,360],"class_list":["post-9051","post","type-post","status-publish","format-standard","has-post-thumbnail","hentry","category-aktualnosci","tag-gaj","tag-kandydaci","tag-osiedle-2","tag-rada-osiedla-gaj","tag-wroclaw","tag-wybory","tag-wybory-do-rad-osiedli","tag-wyniki"],"_links":{"self":[{"href":"https:\/\/online.tvk-gaj.pl\/index.php?rest_route=\/wp\/v2\/posts\/9051","targetHints":{"allow":["GET"]}}],"collection":[{"href":"https:\/\/online.tvk-gaj.pl\/index.php?rest_route=\/wp\/v2\/posts"}],"about":[{"href":"https:\/\/online.tvk-gaj.pl\/index.php?rest_route=\/wp\/v2\/types\/post"}],"author":[{"embeddable":true,"href":"https:\/\/online.tvk-gaj.pl\/index.php?rest_route=\/wp\/v2\/users\/1"}],"replies":[{"embeddable":true,"href":"https:\/\/online.tvk-gaj.pl\/index.php?rest_route=%2Fwp%2Fv2%2Fcomments&post=9051"}],"version-history":[{"count":3,"href":"https:\/\/online.tvk-gaj.pl\/index.php?rest_route=\/wp\/v2\/posts\/9051\/revisions"}],"predecessor-version":[{"id":13329,"href":"https:\/\/online.tvk-gaj.pl\/index.php?rest_route=\/wp\/v2\/posts\/9051\/revisions\/13329"}],"wp:featuredmedia":[{"embeddable":true,"href":"https:\/\/online.tvk-gaj.pl\/index.php?rest_route=\/wp\/v2\/media\/1283"}],"wp:attachment":[{"href":"https:\/\/online.tvk-gaj.pl\/index.php?rest_route=%2Fwp%2Fv2%2Fmedia&parent=9051"}],"wp:term":[{"taxonomy":"category","embeddable":true,"href":"https:\/\/online.tvk-gaj.pl\/index.php?rest_route=%2Fwp%2Fv2%2Fcategories&post=9051"},{"taxonomy":"post_tag","embeddable":true,"href":"https:\/\/online.tvk-gaj.pl\/index.php?rest_route=%2Fwp%2Fv2%2Ftags&post=9051"}],"curies":[{"name":"wp","href":"https:\/\/api.w.org\/{rel}","templated":true}]}}