{"id":9060,"date":"2017-04-26T22:00:15","date_gmt":"2017-04-26T20:00:15","guid":{"rendered":"http:\/\/www.tvk-gaj.pl\/~gajonline\/?p=9060"},"modified":"2017-04-26T22:02:10","modified_gmt":"2017-04-26T20:02:10","slug":"w-parku-slonecznym-pojawi-sie-toaleta","status":"publish","type":"post","link":"https:\/\/online.tvk-gaj.pl\/?p=9060","title":{"rendered":"W Parku S\u0142onecznym pojawi si\u0119&#8230; toaleta"},"content":{"rendered":"<p>Do ko\u0144ca maja miasto zainstaluje toalety w 10 wroc\u0142awskich parkach. W\u015br\u00f3d miejsc wyznaczonych do pojawienia si\u0119 kontener\u00f3w z toaletami i umywalkami wskazano r\u00f3wnie\u017c Park S\u0142oneczny na Gaju.<!--more--><\/p>\n<p>&nbsp;<\/p>\n<p>W zesz\u0142ym roku w ramach projektu Europejskiej Stolicy Kultury Wroc\u0142aw 2016 w 8 wroc\u0142awskich parkach stan\u0119\u0142y plenerowe sceny. Wraz z nimi pojawi\u0142y si\u0119 mobilne kontenery z toaletami, kt\u00f3re odpowiada\u0142y za sanitarne zabezpieczenie przedsi\u0119wzi\u0119cia. &nbsp;<\/p>\n<p>&nbsp;<\/p>\n<p><a href=\"http:\/\/www.tvk-gaj.pl\/~gajonline\/wp-content\/uploads\/2017\/04\/PARKI-ESK_pawilon-kulturalny.jpg\"><img loading=\"lazy\" decoding=\"async\" class=\"aligncenter size-full wp-image-9062\" src=\"http:\/\/www.tvk-gaj.pl\/~gajonline\/wp-content\/uploads\/2017\/04\/PARKI-ESK_pawilon-kulturalny.jpg\" alt=\"\" width=\"630\" height=\"354\" srcset=\"https:\/\/online.tvk-gaj.pl\/wp-content\/uploads\/2017\/04\/PARKI-ESK_pawilon-kulturalny.jpg 630w, https:\/\/online.tvk-gaj.pl\/wp-content\/uploads\/2017\/04\/PARKI-ESK_pawilon-kulturalny-300x169.jpg 300w\" sizes=\"auto, (max-width: 630px) 100vw, 630px\" \/><\/a><\/p>\n<p>W tym roku kontenery sanitarne pojawi\u0105 si\u0119 w wi\u0119kszej ilo\u015bci park\u00f3w (11 lokalizacji)Z, a na zlecenie Zarz\u0105du Zieleni Miejskiej dostarczy\u0107 je ma firma WC Serwis.&nbsp;<\/p>\n<p>Z toalet skorzysta\u0107 b\u0119dzie mo\u017cna od maja do &nbsp;pa\u017adziernika w ka\u017cdy weekend. Miasto chce bowiem, aby toalety ka\u017cdorazowo przywo\u017cone by\u0142y w sobot\u0119 o godz. 8 rano, a zabierane w niedziel\u0119 wieczorem, oko\u0142o godz. 22.&nbsp;<\/p>\n<p>&nbsp;<\/p>\n<p><a href=\"http:\/\/www.tvk-gaj.pl\/~gajonline\/wp-content\/uploads\/2017\/04\/1A-465x200.png\"><img loading=\"lazy\" decoding=\"async\" class=\"aligncenter size-full wp-image-9063\" src=\"http:\/\/www.tvk-gaj.pl\/~gajonline\/wp-content\/uploads\/2017\/04\/1A-465x200.png\" alt=\"\" width=\"465\" height=\"200\" srcset=\"https:\/\/online.tvk-gaj.pl\/wp-content\/uploads\/2017\/04\/1A-465x200.png 465w, https:\/\/online.tvk-gaj.pl\/wp-content\/uploads\/2017\/04\/1A-465x200-300x129.png 300w\" sizes=\"auto, (max-width: 465px) 100vw, 465px\" \/><\/a><\/p>\n<p>&nbsp;<\/p>\n<p>&nbsp;<\/p>\n<p>Pomys\u0142 podoba si\u0119 Stra\u017cy Miejskiej, kt\u00f3ra szczeg\u00f3lnie w okresie letnim zmaga si\u0119 z problemem za\u0142atwiania potrzeb fizjologicznych w miejscach publicznych.&nbsp;<\/p>\n<p>&nbsp;<\/p>\n<p>&nbsp;<\/p>\n","protected":false},"excerpt":{"rendered":"<p>Do ko\u0144ca maja miasto zainstaluje toalety w 10 wroc\u0142awskich parkach. W\u015br\u00f3d miejsc wyznaczonych do pojawienia si\u0119 kontener\u00f3w z toaletami i umywalkami wskazano r\u00f3wnie\u017c Park S\u0142oneczny na Gaju.<\/p>\n","protected":false},"author":1,"featured_media":9061,"comment_status":"open","ping_status":"open","sticky":false,"template":"","format":"standard","meta":{"footnotes":""},"categories":[14],"tags":[632,112,443,128,292,859],"class_list":["post-9060","post","type-post","status-publish","format-standard","has-post-thumbnail","hentry","category-aktualnosci","tag-esk","tag-gaj","tag-park","tag-park-sloneczny","tag-rada-osiedla-2","tag-toaleta"],"_links":{"self":[{"href":"https:\/\/online.tvk-gaj.pl\/index.php?rest_route=\/wp\/v2\/posts\/9060","targetHints":{"allow":["GET"]}}],"collection":[{"href":"https:\/\/online.tvk-gaj.pl\/index.php?rest_route=\/wp\/v2\/posts"}],"about":[{"href":"https:\/\/online.tvk-gaj.pl\/index.php?rest_route=\/wp\/v2\/types\/post"}],"author":[{"embeddable":true,"href":"https:\/\/online.tvk-gaj.pl\/index.php?rest_route=\/wp\/v2\/users\/1"}],"replies":[{"embeddable":true,"href":"https:\/\/online.tvk-gaj.pl\/index.php?rest_route=%2Fwp%2Fv2%2Fcomments&post=9060"}],"version-history":[{"count":3,"href":"https:\/\/online.tvk-gaj.pl\/index.php?rest_route=\/wp\/v2\/posts\/9060\/revisions"}],"predecessor-version":[{"id":9066,"href":"https:\/\/online.tvk-gaj.pl\/index.php?rest_route=\/wp\/v2\/posts\/9060\/revisions\/9066"}],"wp:featuredmedia":[{"embeddable":true,"href":"https:\/\/online.tvk-gaj.pl\/index.php?rest_route=\/wp\/v2\/media\/9061"}],"wp:attachment":[{"href":"https:\/\/online.tvk-gaj.pl\/index.php?rest_route=%2Fwp%2Fv2%2Fmedia&parent=9060"}],"wp:term":[{"taxonomy":"category","embeddable":true,"href":"https:\/\/online.tvk-gaj.pl\/index.php?rest_route=%2Fwp%2Fv2%2Fcategories&post=9060"},{"taxonomy":"post_tag","embeddable":true,"href":"https:\/\/online.tvk-gaj.pl\/index.php?rest_route=%2Fwp%2Fv2%2Ftags&post=9060"}],"curies":[{"name":"wp","href":"https:\/\/api.w.org\/{rel}","templated":true}]}}