{"id":9072,"date":"2017-05-04T21:32:46","date_gmt":"2017-05-04T19:32:46","guid":{"rendered":"http:\/\/www.tvk-gaj.pl\/~gajonline\/?p=9072"},"modified":"2017-05-10T23:09:58","modified_gmt":"2017-05-10T21:09:58","slug":"zaproszenie-na-oficjalne-otwarcie-nowego-boiska","status":"publish","type":"post","link":"https:\/\/online.tvk-gaj.pl\/?p=9072","title":{"rendered":"Zaproszenie na oficjalne otwarcie nowego boiska!"},"content":{"rendered":"<p>10 maja o godzinie 17 w Parku S\u0142onecznym na Gaju zostanie oficjalnie otwarte nowe boisko pi\u0142karskie. Wst\u0119g\u0119 na nowo wybudowanym, nowoczesnym obiekcie sportowym przetnie prezydent Wroc\u0142awia Rafa\u0142 Dutkiewicz. Ju\u017c teraz wraz z Rad\u0105 Osiedla Gaj oraz Uczniowskim Osiedlowym Klubem Pi\u0142karskim Silesia Gaj zapraszamy na uroczysto\u015b\u0107!&nbsp;<!--more--><\/p>\n<p>&nbsp;<\/p>\n<p><strong>Zaproszenie na <span style=\"text-decoration: underline;\">oficjalne<\/span> otwarcie boiska przy ul. Orzechowej:<\/strong><\/p>\n<p>&nbsp;<\/p>\n<p><a href=\"http:\/\/www.tvk-gaj.pl\/~gajonline\/wp-content\/uploads\/2017\/05\/uokp_zaproszenie.jpg\"><img loading=\"lazy\" decoding=\"async\" class=\"aligncenter size-full wp-image-9074\" src=\"http:\/\/www.tvk-gaj.pl\/~gajonline\/wp-content\/uploads\/2017\/05\/uokp_zaproszenie.jpg\" alt=\"\" width=\"761\" height=\"564\" srcset=\"https:\/\/online.tvk-gaj.pl\/wp-content\/uploads\/2017\/05\/uokp_zaproszenie.jpg 761w, https:\/\/online.tvk-gaj.pl\/wp-content\/uploads\/2017\/05\/uokp_zaproszenie-300x222.jpg 300w\" sizes=\"auto, (max-width: 761px) 100vw, 761px\" \/><\/a><\/p>\n<p>&nbsp;<\/p>\n<p>W marcu tego roku zako\u0144czy\u0142y si\u0119 prace budowlane na nowym boisku pi\u0142karskim na osiedlu (na terenie Parku S\u0142onecznego na Gaju). &nbsp;10 marca obiekt przeszed\u0142 pozytywnie odbi\u00f3r techniczny. Od tego te\u017c czasu boisko zosta\u0142o otwarte dla wszystkich zainteresowanych pi\u0142k\u0105 no\u017cn\u0105.&nbsp;<\/p>\n<p>&nbsp;<\/p>\n<p><a href=\"http:\/\/www.tvk-gaj.pl\/~gajonline\/wp-content\/uploads\/2017\/03\/07.jpg\"><img loading=\"lazy\" decoding=\"async\" class=\"aligncenter size-large wp-image-9014\" src=\"http:\/\/www.tvk-gaj.pl\/~gajonline\/wp-content\/uploads\/2017\/03\/07-1024x576.jpg\" alt=\"\" width=\"838\" height=\"471\" srcset=\"https:\/\/online.tvk-gaj.pl\/wp-content\/uploads\/2017\/03\/07-1024x576.jpg 1024w, https:\/\/online.tvk-gaj.pl\/wp-content\/uploads\/2017\/03\/07-300x169.jpg 300w, https:\/\/online.tvk-gaj.pl\/wp-content\/uploads\/2017\/03\/07-768x432.jpg 768w, https:\/\/online.tvk-gaj.pl\/wp-content\/uploads\/2017\/03\/07.jpg 1500w\" sizes=\"auto, (max-width: 838px) 100vw, 838px\" \/><\/a><\/p>\n<p>&nbsp;<\/p>\n<p>&nbsp;<\/p>\n<p>Wi\u0119cej o boisko znajdzie w <a href=\"http:\/\/www.tvk-gaj.pl\/~gajonline\/?p=8990\" target=\"_blank\" rel=\"noopener noreferrer\">naszym poprzednim artykule<\/a>.<\/p>\n<p>&nbsp;<\/p>\n<p><strong>Wraz z Rad\u0105 Osiedla Gaj oraz Uczniowskim Osiedlowym Klubem Pi\u0142karskim Silesia Gaj &nbsp;zapraszamy wszystkich mieszka\u0144c\u00f3w osiedla na uroczyste otwarcie nowej inwestycji sportowej na Gaju!<\/strong><\/p>\n<p>&nbsp;<\/p>\n","protected":false},"excerpt":{"rendered":"<p>10 maja o godzinie 17 w Parku S\u0142onecznym na Gaju zostanie oficjalnie otwarte nowe boisko pi\u0142karskie. Wst\u0119g\u0119 na nowo wybudowanym, nowoczesnym obiekcie sportowym przetnie prezydent Wroc\u0142awia Rafa\u0142 Dutkiewicz. Ju\u017c teraz wraz z Rad\u0105 Osiedla Gaj oraz Uczniowskim Osiedlowym Klubem Pi\u0142karskim Silesia Gaj zapraszamy na uroczysto\u015b\u0107!&nbsp;<\/p>\n","protected":false},"author":1,"featured_media":8992,"comment_status":"open","ping_status":"open","sticky":false,"template":"","format":"standard","meta":{"footnotes":""},"categories":[14],"tags":[534,662,112,848,860,166,376,135,819],"class_list":["post-9072","post","type-post","status-publish","format-standard","has-post-thumbnail","hentry","category-aktualnosci","tag-boisko","tag-boisko-pilkarskie","tag-gaj","tag-nowe-boisko","tag-oficjalne-otwarcie","tag-osiedle-gaj","tag-prezydent-wroclawia","tag-rada-osiedla-gaj","tag-uokp-sielesia-gaj"],"_links":{"self":[{"href":"https:\/\/online.tvk-gaj.pl\/index.php?rest_route=\/wp\/v2\/posts\/9072","targetHints":{"allow":["GET"]}}],"collection":[{"href":"https:\/\/online.tvk-gaj.pl\/index.php?rest_route=\/wp\/v2\/posts"}],"about":[{"href":"https:\/\/online.tvk-gaj.pl\/index.php?rest_route=\/wp\/v2\/types\/post"}],"author":[{"embeddable":true,"href":"https:\/\/online.tvk-gaj.pl\/index.php?rest_route=\/wp\/v2\/users\/1"}],"replies":[{"embeddable":true,"href":"https:\/\/online.tvk-gaj.pl\/index.php?rest_route=%2Fwp%2Fv2%2Fcomments&post=9072"}],"version-history":[{"count":2,"href":"https:\/\/online.tvk-gaj.pl\/index.php?rest_route=\/wp\/v2\/posts\/9072\/revisions"}],"predecessor-version":[{"id":9076,"href":"https:\/\/online.tvk-gaj.pl\/index.php?rest_route=\/wp\/v2\/posts\/9072\/revisions\/9076"}],"wp:featuredmedia":[{"embeddable":true,"href":"https:\/\/online.tvk-gaj.pl\/index.php?rest_route=\/wp\/v2\/media\/8992"}],"wp:attachment":[{"href":"https:\/\/online.tvk-gaj.pl\/index.php?rest_route=%2Fwp%2Fv2%2Fmedia&parent=9072"}],"wp:term":[{"taxonomy":"category","embeddable":true,"href":"https:\/\/online.tvk-gaj.pl\/index.php?rest_route=%2Fwp%2Fv2%2Fcategories&post=9072"},{"taxonomy":"post_tag","embeddable":true,"href":"https:\/\/online.tvk-gaj.pl\/index.php?rest_route=%2Fwp%2Fv2%2Ftags&post=9072"}],"curies":[{"name":"wp","href":"https:\/\/api.w.org\/{rel}","templated":true}]}}