{"id":9078,"date":"2017-05-10T23:16:10","date_gmt":"2017-05-10T21:16:10","guid":{"rendered":"http:\/\/www.tvk-gaj.pl\/~gajonline\/?p=9078"},"modified":"2017-05-10T23:17:55","modified_gmt":"2017-05-10T21:17:55","slug":"prezydent-przecial-wstege","status":"publish","type":"post","link":"https:\/\/online.tvk-gaj.pl\/?p=9078","title":{"rendered":"Prezydent przeci\u0105\u0142 wst\u0119g\u0119"},"content":{"rendered":"<p>Prezydent Wroc\u0142awia, Rafa\u0142 Dutkiewicz i dyrektor Departamentu Spraw Spo\u0142ecznych Wroc\u0142awia Jacek Sutryk wraz z przedstawicielami Rady Osiedla Gaj oficjalnie otworzyli nowe boisko pi\u0142karskie na Gaju.<!--more--><\/p>\n<p>&nbsp;<\/p>\n<p><a href=\"http:\/\/www.tvk-gaj.pl\/~gajonline\/wp-content\/uploads\/2017\/05\/2017-05-10-16.57.10.jpg\"><img loading=\"lazy\" decoding=\"async\" class=\"aligncenter size-large wp-image-9079\" src=\"http:\/\/www.tvk-gaj.pl\/~gajonline\/wp-content\/uploads\/2017\/05\/2017-05-10-16.57.10-1024x768.jpg\" alt=\"\" width=\"838\" height=\"629\" srcset=\"https:\/\/online.tvk-gaj.pl\/wp-content\/uploads\/2017\/05\/2017-05-10-16.57.10-1024x768.jpg 1024w, https:\/\/online.tvk-gaj.pl\/wp-content\/uploads\/2017\/05\/2017-05-10-16.57.10-300x225.jpg 300w, https:\/\/online.tvk-gaj.pl\/wp-content\/uploads\/2017\/05\/2017-05-10-16.57.10-768x576.jpg 768w\" sizes=\"auto, (max-width: 838px) 100vw, 838px\" \/><\/a><\/p>\n<p>&nbsp;<\/p>\n<p>W marcu tego roku zako\u0144czy\u0142y si\u0119 prace budowlane na nowym boisku pi\u0142karskim na osiedlu (przy ul. Orzechowej &#8211; na terenie Parku S\u0142onecznego na Gaju). &nbsp;10 marca obiekt przeszed\u0142 pozytywnie odbi\u00f3r techniczny. Od tego te\u017c czasu boisko zosta\u0142o otwarte dla wszystkich zainteresowanych pi\u0142k\u0105 no\u017cn\u0105.&nbsp;<\/p>\n<p>&nbsp;<\/p>\n<p><a href=\"http:\/\/www.tvk-gaj.pl\/~gajonline\/wp-content\/uploads\/2017\/05\/2017-05-10-16.58.56.jpg\"><img loading=\"lazy\" decoding=\"async\" class=\"aligncenter size-large wp-image-9080\" src=\"http:\/\/www.tvk-gaj.pl\/~gajonline\/wp-content\/uploads\/2017\/05\/2017-05-10-16.58.56-1024x768.jpg\" alt=\"\" width=\"838\" height=\"629\" srcset=\"https:\/\/online.tvk-gaj.pl\/wp-content\/uploads\/2017\/05\/2017-05-10-16.58.56-1024x768.jpg 1024w, https:\/\/online.tvk-gaj.pl\/wp-content\/uploads\/2017\/05\/2017-05-10-16.58.56-300x225.jpg 300w, https:\/\/online.tvk-gaj.pl\/wp-content\/uploads\/2017\/05\/2017-05-10-16.58.56-768x576.jpg 768w\" sizes=\"auto, (max-width: 838px) 100vw, 838px\" \/><\/a><\/p>\n<p>&nbsp;<\/p>\n<p>10 maja nast\u0105pi\u0142o za\u015b oficjalne i uroczyste otwarcie obiektu. Na murawie boiska pojawili si\u0119 m.in.:<\/p>\n<p>-Prezydent Wroc\u0142awia Rafa\u0142 Dutkiewicz<br \/>\n-Dyrektor Departamentu Spraw Spo\u0142ecznych Urz\u0119du Miejskiego Wroc\u0142awia Jacek Sutryk<br \/>\n-Przewodnicz\u0105cy Rady Osiedla Gaj Adam Wojtaszewski&nbsp;<br \/>\n-Prezes Uczniowskiego Osiedlowego Klubu Pi\u0142karskiego Silesia Wroc\u0142aw Gaj&nbsp;Renato D\u017cugaj<br \/>\n-Trener UOKP Ryszard Brzoza<br \/>\n-Dyrektor Szko\u0142y Podstawowej Nr 90 Joanna Sinicka&nbsp;<br \/>\n-Dyrektor Gimnazjum Nr 25<br \/>\n-Przedstawiciele Policji, Stra\u017cy Miejskiej, radni Rady Osiedla Gaj oraz rodzice m\u0142odych pi\u0142karzy, a tak\u017ce kibice<\/p>\n<p>Symbolicznego przeci\u0119cia wst\u0119gi na murawie boiska dokonali przedstawiciele w\u0142adz, rady osiedla oraz pi\u0142karzy.&nbsp;<\/p>\n<p>&nbsp;<\/p>\n<p><a href=\"http:\/\/www.tvk-gaj.pl\/~gajonline\/wp-content\/uploads\/2017\/05\/2017-05-10-18.11.22.jpg\"><img loading=\"lazy\" decoding=\"async\" class=\"aligncenter size-large wp-image-9081\" src=\"http:\/\/www.tvk-gaj.pl\/~gajonline\/wp-content\/uploads\/2017\/05\/2017-05-10-18.11.22-1024x768.jpg\" alt=\"\" width=\"838\" height=\"629\" srcset=\"https:\/\/online.tvk-gaj.pl\/wp-content\/uploads\/2017\/05\/2017-05-10-18.11.22-1024x768.jpg 1024w, https:\/\/online.tvk-gaj.pl\/wp-content\/uploads\/2017\/05\/2017-05-10-18.11.22-300x225.jpg 300w, https:\/\/online.tvk-gaj.pl\/wp-content\/uploads\/2017\/05\/2017-05-10-18.11.22-768x576.jpg 768w\" sizes=\"auto, (max-width: 838px) 100vw, 838px\" \/><\/a><\/p>\n<p>&nbsp;<\/p>\n<p>Warto doda\u0107, \u017ce Gaj jako osiedle od kilku lat prowadzi\u0142 dzia\u0142ania, maj\u0105ce na celu zaprojektowanie i wybudowanie nowoczesnego obiektu sportowego z przeznaczeniem dla kszta\u0142cenia dzieci i m\u0142odzie\u017cy.&nbsp;<\/p>\n<p>Blisko dwa lata temu w spraw\u0119 zaanga\u017cowa\u0142o si\u0119 r\u00f3wnie\u017c miasto. Prezydent Rafa\u0142 Dutkiewicz zadeklarowa\u0142 wtedy, \u017ce boisko zostanie wybudowane na Gaju.<\/p>\n<p>&nbsp;<\/p>\n<p><a href=\"http:\/\/www.tvk-gaj.pl\/~gajonline\/wp-content\/uploads\/2017\/05\/2017-05-10-17.02.38.jpg\"><img loading=\"lazy\" decoding=\"async\" class=\"aligncenter size-large wp-image-9083\" src=\"http:\/\/www.tvk-gaj.pl\/~gajonline\/wp-content\/uploads\/2017\/05\/2017-05-10-17.02.38-1024x768.jpg\" alt=\"\" width=\"838\" height=\"629\" srcset=\"https:\/\/online.tvk-gaj.pl\/wp-content\/uploads\/2017\/05\/2017-05-10-17.02.38-1024x768.jpg 1024w, https:\/\/online.tvk-gaj.pl\/wp-content\/uploads\/2017\/05\/2017-05-10-17.02.38-300x225.jpg 300w, https:\/\/online.tvk-gaj.pl\/wp-content\/uploads\/2017\/05\/2017-05-10-17.02.38-768x576.jpg 768w\" sizes=\"auto, (max-width: 838px) 100vw, 838px\" \/><\/a><\/p>\n<p>&nbsp;<\/p>\n<p>Dzisiejsza uroczysto\u015b\u0107 by\u0142\u0105 wi\u0119c zwie\u0144czeniem stara\u0144 Rady Osiedla Gaj, Miasta, Uczniowskiego Osiedlowego Klubu Pi\u0142karskiego oraz wielu mieszka\u0144c\u00f3w osiedla, kt\u00f3rzy samodzielnie oraz z Rad\u0105 Osiedla Gaj anga\u017cowali si\u0119 w spraw\u0119 obiektu i jego powstania.<\/p>\n<p>Wszystkim, kt\u00f3rzy po\u015bwi\u0119cili si\u0119 sprawie serdecznie dzi\u0119kujemy oraz&#8230;gratulujemy. Uda\u0142o si\u0119!<\/p>\n<p>&nbsp;<\/p>\n<p><a href=\"http:\/\/www.tvk-gaj.pl\/~gajonline\/wp-content\/uploads\/2017\/05\/2017-05-10-18.11.42.jpg\"><img loading=\"lazy\" decoding=\"async\" class=\"aligncenter size-full wp-image-9082\" src=\"http:\/\/www.tvk-gaj.pl\/~gajonline\/wp-content\/uploads\/2017\/05\/2017-05-10-18.11.42.jpg\" alt=\"\" width=\"7552\" height=\"3888\"><\/a><\/p>\n<p>&nbsp;<\/p>\n<p>Tymczasem zapraszamy&#8230;na boisko:)<\/p>\n<p>&nbsp;<\/p>\n<p>&nbsp;<\/p>\n","protected":false},"excerpt":{"rendered":"<p>Prezydent Wroc\u0142awia, Rafa\u0142 Dutkiewicz i dyrektor Departamentu Spraw Spo\u0142ecznych Wroc\u0142awia Jacek Sutryk wraz z przedstawicielami Rady Osiedla Gaj oficjalnie otworzyli nowe boisko pi\u0142karskie na Gaju.<\/p>\n","protected":false},"author":1,"featured_media":9079,"comment_status":"open","ping_status":"open","sticky":false,"template":"","format":"standard","meta":{"footnotes":""},"categories":[14,12],"tags":[534,861,112,862,504,376,135,471,819],"class_list":["post-9078","post","type-post","status-publish","format-standard","has-post-thumbnail","hentry","category-aktualnosci","category-artykuly","tag-boisko","tag-boisko-na-gaju","tag-gaj","tag-oficjalne-otwarcie-nowego-boiska-na-gaju","tag-pilka-nozna","tag-prezydent-wroclawia","tag-rada-osiedla-gaj","tag-rafal-dutkiewicz","tag-uokp-sielesia-gaj"],"_links":{"self":[{"href":"https:\/\/online.tvk-gaj.pl\/index.php?rest_route=\/wp\/v2\/posts\/9078","targetHints":{"allow":["GET"]}}],"collection":[{"href":"https:\/\/online.tvk-gaj.pl\/index.php?rest_route=\/wp\/v2\/posts"}],"about":[{"href":"https:\/\/online.tvk-gaj.pl\/index.php?rest_route=\/wp\/v2\/types\/post"}],"author":[{"embeddable":true,"href":"https:\/\/online.tvk-gaj.pl\/index.php?rest_route=\/wp\/v2\/users\/1"}],"replies":[{"embeddable":true,"href":"https:\/\/online.tvk-gaj.pl\/index.php?rest_route=%2Fwp%2Fv2%2Fcomments&post=9078"}],"version-history":[{"count":2,"href":"https:\/\/online.tvk-gaj.pl\/index.php?rest_route=\/wp\/v2\/posts\/9078\/revisions"}],"predecessor-version":[{"id":9085,"href":"https:\/\/online.tvk-gaj.pl\/index.php?rest_route=\/wp\/v2\/posts\/9078\/revisions\/9085"}],"wp:featuredmedia":[{"embeddable":true,"href":"https:\/\/online.tvk-gaj.pl\/index.php?rest_route=\/wp\/v2\/media\/9079"}],"wp:attachment":[{"href":"https:\/\/online.tvk-gaj.pl\/index.php?rest_route=%2Fwp%2Fv2%2Fmedia&parent=9078"}],"wp:term":[{"taxonomy":"category","embeddable":true,"href":"https:\/\/online.tvk-gaj.pl\/index.php?rest_route=%2Fwp%2Fv2%2Fcategories&post=9078"},{"taxonomy":"post_tag","embeddable":true,"href":"https:\/\/online.tvk-gaj.pl\/index.php?rest_route=%2Fwp%2Fv2%2Ftags&post=9078"}],"curies":[{"name":"wp","href":"https:\/\/api.w.org\/{rel}","templated":true}]}}