{"id":9087,"date":"2017-05-20T23:37:45","date_gmt":"2017-05-20T21:37:45","guid":{"rendered":"http:\/\/www.tvk-gaj.pl\/~gajonline\/?p=9087"},"modified":"2017-05-20T23:37:45","modified_gmt":"2017-05-20T21:37:45","slug":"podgladamy-osiedlowe-inwestycje","status":"publish","type":"post","link":"https:\/\/online.tvk-gaj.pl\/?p=9087","title":{"rendered":"Podgl\u0105damy osiedlowe inwestycje"},"content":{"rendered":"<p>Na pocz\u0105tku maja oficjalnie otwarte zosta\u0142o nowe boisko pi\u0142karskie przy ul. Orzechowej. Jednak to nie jedyna inwestycja, kt\u00f3ra jeszcze przed wakacjami zostanie oddana do u\u017cytku. Zapraszamy na kr\u00f3tk\u0105 wycieczk\u0119 po osiedlowych inwestycjach.<!--more--><\/p>\n<p>&nbsp;<\/p>\n<p><strong>Parking przy Szkole Podstawowej Nr 90<\/strong><\/p>\n<p>Jedna z inwestycji zapowiedziana i realizowana przez Prezydenta Rafa\u0142a Dutkiewicza oraz dzia\u0142ania Rady Osiedla Gaj. Termin oddania parkingu to czerwiec tego roku.&nbsp;<\/p>\n<p>&nbsp;<\/p>\n<p><a href=\"http:\/\/www.tvk-gaj.pl\/~gajonline\/wp-content\/uploads\/2017\/05\/2017-05-10-18.13.44.jpg\"><img loading=\"lazy\" decoding=\"async\" class=\"aligncenter size-large wp-image-9088\" src=\"http:\/\/www.tvk-gaj.pl\/~gajonline\/wp-content\/uploads\/2017\/05\/2017-05-10-18.13.44-1024x768.jpg\" alt=\"\" width=\"838\" height=\"629\" srcset=\"https:\/\/online.tvk-gaj.pl\/wp-content\/uploads\/2017\/05\/2017-05-10-18.13.44-1024x768.jpg 1024w, https:\/\/online.tvk-gaj.pl\/wp-content\/uploads\/2017\/05\/2017-05-10-18.13.44-300x225.jpg 300w, https:\/\/online.tvk-gaj.pl\/wp-content\/uploads\/2017\/05\/2017-05-10-18.13.44-768x576.jpg 768w\" sizes=\"auto, (max-width: 838px) 100vw, 838px\" \/><\/a><\/p>\n<p>&nbsp;<\/p>\n<p><strong>\u0141\u0105cznik ulicy Borowskiej i Jerzego Kukuczki<\/strong><\/p>\n<p>Jedna z inwestycji wybranych w 2015r. w ramach Wroc\u0142awskiego Bud\u017cetu Obywatelskiego. Utwardzenie ok. 150m \u0142\u0105cznika ulic Borowskiej i Kukuczki. Termin oddania przed wakacjami 2017.<\/p>\n<p>&nbsp;<\/p>\n<p><a href=\"http:\/\/www.tvk-gaj.pl\/~gajonline\/wp-content\/uploads\/2017\/05\/2017-05-13-08.04.22.jpg\"><img loading=\"lazy\" decoding=\"async\" class=\"aligncenter size-large wp-image-9089\" src=\"http:\/\/www.tvk-gaj.pl\/~gajonline\/wp-content\/uploads\/2017\/05\/2017-05-13-08.04.22-1024x768.jpg\" alt=\"\" width=\"838\" height=\"629\" srcset=\"https:\/\/online.tvk-gaj.pl\/wp-content\/uploads\/2017\/05\/2017-05-13-08.04.22-1024x768.jpg 1024w, https:\/\/online.tvk-gaj.pl\/wp-content\/uploads\/2017\/05\/2017-05-13-08.04.22-300x225.jpg 300w, https:\/\/online.tvk-gaj.pl\/wp-content\/uploads\/2017\/05\/2017-05-13-08.04.22-768x576.jpg 768w\" sizes=\"auto, (max-width: 838px) 100vw, 838px\" \/><\/a><\/p>\n<p>&nbsp;<\/p>\n<p><strong>Progi zwalniaj\u0105ce przy ul. \u015awieradowskiej&nbsp;<\/strong><\/p>\n<p>ZDiUM og\u0142osi\u0142, \u017ce ze wzgl\u0119d\u00f3w bezpiecze\u0144stwa (szczeg\u00f3lnie pieszych) zamontuje progi zwalniaj\u0105ce na ul. \u015awieradowskiej. Termin realizacji do ko\u0144ca tego roku.&nbsp;<\/p>\n<p>&nbsp;<\/p>\n<p><a href=\"http:\/\/www.tvk-gaj.pl\/~gajonline\/wp-content\/uploads\/2017\/05\/2017-05-16-15.42.54.jpg\"><img loading=\"lazy\" decoding=\"async\" class=\"aligncenter size-large wp-image-9090\" src=\"http:\/\/www.tvk-gaj.pl\/~gajonline\/wp-content\/uploads\/2017\/05\/2017-05-16-15.42.54-1024x768.jpg\" alt=\"\" width=\"838\" height=\"629\" srcset=\"https:\/\/online.tvk-gaj.pl\/wp-content\/uploads\/2017\/05\/2017-05-16-15.42.54-1024x768.jpg 1024w, https:\/\/online.tvk-gaj.pl\/wp-content\/uploads\/2017\/05\/2017-05-16-15.42.54-300x225.jpg 300w, https:\/\/online.tvk-gaj.pl\/wp-content\/uploads\/2017\/05\/2017-05-16-15.42.54-768x576.jpg 768w\" sizes=\"auto, (max-width: 838px) 100vw, 838px\" \/><\/a><\/p>\n<p>&nbsp;<\/p>\n<p><strong>To nie koniec inwestycji w tym roku<\/strong><\/p>\n<p>Do ko\u0144ca tego roku miasto przewiduje jeszcze m.in. oddanie nowego zespo\u0142u szkolno-przedszkolnego przy ul. K\u0142odzkiej, otwarcie \u015bcie\u017cki rowerowej wzd\u0142u\u017c nasypu kolejowego (pomi\u0119dzy Bardzk\u0105, a \u015al\u0119\u017cn\u0105), po\u0142\u0105czenie ulicy Wandy Rutkiewicz.&nbsp;<\/p>\n<p>O wszystkich tych inwestycjach b\u0119dziemy Was na bie\u017c\u0105co informowa\u0107!<\/p>\n<p>&nbsp;<\/p>\n","protected":false},"excerpt":{"rendered":"<p>Na pocz\u0105tku maja oficjalnie otwarte zosta\u0142o nowe boisko pi\u0142karskie przy ul. Orzechowej. Jednak to nie jedyna inwestycja, kt\u00f3ra jeszcze przed wakacjami zostanie oddana do u\u017cytku. Zapraszamy na kr\u00f3tk\u0105 wycieczk\u0119 po osiedlowych inwestycjach.<\/p>\n","protected":false},"author":1,"featured_media":9088,"comment_status":"open","ping_status":"open","sticky":false,"template":"","format":"standard","meta":{"footnotes":""},"categories":[14],"tags":[112,242,218,157,135,864,863,344],"class_list":["post-9087","post","type-post","status-publish","format-standard","has-post-thumbnail","hentry","category-aktualnosci","tag-gaj","tag-kukuczki","tag-orzechowa","tag-parking","tag-rada-osiedla-gaj","tag-ulica","tag-wbo-inwestycje","tag-wroclawski-budzet-obywatelski"],"_links":{"self":[{"href":"https:\/\/online.tvk-gaj.pl\/index.php?rest_route=\/wp\/v2\/posts\/9087","targetHints":{"allow":["GET"]}}],"collection":[{"href":"https:\/\/online.tvk-gaj.pl\/index.php?rest_route=\/wp\/v2\/posts"}],"about":[{"href":"https:\/\/online.tvk-gaj.pl\/index.php?rest_route=\/wp\/v2\/types\/post"}],"author":[{"embeddable":true,"href":"https:\/\/online.tvk-gaj.pl\/index.php?rest_route=\/wp\/v2\/users\/1"}],"replies":[{"embeddable":true,"href":"https:\/\/online.tvk-gaj.pl\/index.php?rest_route=%2Fwp%2Fv2%2Fcomments&post=9087"}],"version-history":[{"count":1,"href":"https:\/\/online.tvk-gaj.pl\/index.php?rest_route=\/wp\/v2\/posts\/9087\/revisions"}],"predecessor-version":[{"id":9091,"href":"https:\/\/online.tvk-gaj.pl\/index.php?rest_route=\/wp\/v2\/posts\/9087\/revisions\/9091"}],"wp:featuredmedia":[{"embeddable":true,"href":"https:\/\/online.tvk-gaj.pl\/index.php?rest_route=\/wp\/v2\/media\/9088"}],"wp:attachment":[{"href":"https:\/\/online.tvk-gaj.pl\/index.php?rest_route=%2Fwp%2Fv2%2Fmedia&parent=9087"}],"wp:term":[{"taxonomy":"category","embeddable":true,"href":"https:\/\/online.tvk-gaj.pl\/index.php?rest_route=%2Fwp%2Fv2%2Fcategories&post=9087"},{"taxonomy":"post_tag","embeddable":true,"href":"https:\/\/online.tvk-gaj.pl\/index.php?rest_route=%2Fwp%2Fv2%2Ftags&post=9087"}],"curies":[{"name":"wp","href":"https:\/\/api.w.org\/{rel}","templated":true}]}}