{"id":909,"date":"2013-04-08T15:06:30","date_gmt":"2013-04-08T13:06:30","guid":{"rendered":"http:\/\/www.gaj-osiedle.wroclaw.pl\/?p=909"},"modified":"2014-01-12T17:21:49","modified_gmt":"2014-01-12T16:21:49","slug":"edukacja","status":"publish","type":"post","link":"https:\/\/online.tvk-gaj.pl\/?p=909","title":{"rendered":"Edukacja"},"content":{"rendered":"<p>Szko\u0142y i Przedszkola na terenie Osiedla Gaj we Wroc\u0142awiu.<!--more--><\/p>\n<p>Na terenie Osiedla Gaj dzia\u0142aj\u0105 nast\u0119puj\u0105ce plac\u00f3wki publiczne:<\/p>\n<p>&nbsp;<\/p>\n<p><strong>Szko\u0142a Podstawowa Nr 90<\/strong> im. prof. St.To\u0142py we Wroc\u0142awiu\u00a0przy ul. Orzechowej 62 &#8211;\u00a0<a href=\"http:\/\/www.sp90.wroclaw.pl\">www.sp90.wroclaw.pl<\/a><\/p>\n<p><img loading=\"lazy\" decoding=\"async\" alt=\"spnr90\" src=\"http:\/\/www.tvk-gaj.pl\/~gajonline\/wp-content\/uploads\/2013\/04\/spnr901-1024x470.jpg\" width=\"614\" height=\"282\" \/><\/p>\n<p>&nbsp;<\/p>\n<p><strong>Gimnazjum Nr 25<\/strong> im. W\u0142adys\u0142awa Kopali\u0144skiego we Wroc\u0142awiu\u00a0przy ul. Orzechowej 62 &#8211;\u00a0<a href=\"http:\/\/www.gim25.wroc.pl\">www.gim25.wroc.pl<\/a><\/p>\n<p><img loading=\"lazy\" decoding=\"async\" alt=\"009\" src=\"http:\/\/www.tvk-gaj.pl\/~gajonline\/wp-content\/uploads\/2013\/06\/009.jpg\" width=\"576\" height=\"384\" \/><\/p>\n<p>&nbsp;<\/p>\n<p><strong>Przedszkole Nr 49<\/strong> im. Tysi\u0105clecia Miasta Wroc\u0142awia we Wroc\u0142awiu przy ul. Borowskiej 181-187 &#8211;\u00a0<a href=\"http:\/\/www.przedszkole49.wroclaw.pl\">www.przedszkole49.wroclaw.pl<\/a><\/p>\n<p><img loading=\"lazy\" decoding=\"async\" alt=\"OLYMPUS DIGITAL CAMERA\" src=\"http:\/\/www.tvk-gaj.pl\/~gajonline\/wp-content\/uploads\/2013\/01\/C072335-1024x768.jpg\" width=\"614\" height=\"461\" \/><\/p>\n<p>&nbsp;<\/p>\n<p><strong>Przedszkole Nr 92<\/strong> przy ul. Bardzkiej 5 &#8211;\u00a0<a href=\"http:\/\/www.przedszkole92.wroc.pl\">www.przedszkole92.wroc.pl<\/a><\/p>\n<p><img loading=\"lazy\" decoding=\"async\" alt=\"93077\" src=\"http:\/\/www.tvk-gaj.pl\/~gajonline\/wp-content\/uploads\/2013\/04\/93077.jpg\" width=\"637\" height=\"480\" \/><\/p>\n<p>&nbsp;<\/p>\n<p>&nbsp;<\/p>\n<p>&nbsp;<\/p>\n","protected":false},"excerpt":{"rendered":"<p>Szko\u0142y i Przedszkola na terenie Osiedla Gaj we Wroc\u0142awiu.<\/p>\n","protected":false},"author":1,"featured_media":830,"comment_status":"open","ping_status":"open","sticky":false,"template":"","format":"standard","meta":{"footnotes":""},"categories":[55],"tags":[60],"class_list":["post-909","post","type-post","status-publish","format-standard","has-post-thumbnail","hentry","category-osiedle","tag-edukacja-szkoly-szkola-podstawowa-gimnazjum-przedszkole-osiedle-gaj-wroclaw"],"_links":{"self":[{"href":"https:\/\/online.tvk-gaj.pl\/index.php?rest_route=\/wp\/v2\/posts\/909","targetHints":{"allow":["GET"]}}],"collection":[{"href":"https:\/\/online.tvk-gaj.pl\/index.php?rest_route=\/wp\/v2\/posts"}],"about":[{"href":"https:\/\/online.tvk-gaj.pl\/index.php?rest_route=\/wp\/v2\/types\/post"}],"author":[{"embeddable":true,"href":"https:\/\/online.tvk-gaj.pl\/index.php?rest_route=\/wp\/v2\/users\/1"}],"replies":[{"embeddable":true,"href":"https:\/\/online.tvk-gaj.pl\/index.php?rest_route=%2Fwp%2Fv2%2Fcomments&post=909"}],"version-history":[{"count":5,"href":"https:\/\/online.tvk-gaj.pl\/index.php?rest_route=\/wp\/v2\/posts\/909\/revisions"}],"predecessor-version":[{"id":2048,"href":"https:\/\/online.tvk-gaj.pl\/index.php?rest_route=\/wp\/v2\/posts\/909\/revisions\/2048"}],"wp:featuredmedia":[{"embeddable":true,"href":"https:\/\/online.tvk-gaj.pl\/index.php?rest_route=\/wp\/v2\/media\/830"}],"wp:attachment":[{"href":"https:\/\/online.tvk-gaj.pl\/index.php?rest_route=%2Fwp%2Fv2%2Fmedia&parent=909"}],"wp:term":[{"taxonomy":"category","embeddable":true,"href":"https:\/\/online.tvk-gaj.pl\/index.php?rest_route=%2Fwp%2Fv2%2Fcategories&post=909"},{"taxonomy":"post_tag","embeddable":true,"href":"https:\/\/online.tvk-gaj.pl\/index.php?rest_route=%2Fwp%2Fv2%2Ftags&post=909"}],"curies":[{"name":"wp","href":"https:\/\/api.w.org\/{rel}","templated":true}]}}