{"id":9111,"date":"2017-05-22T23:12:07","date_gmt":"2017-05-22T21:12:07","guid":{"rendered":"http:\/\/www.tvk-gaj.pl\/~gajonline\/?p=9111"},"modified":"2017-07-11T21:24:19","modified_gmt":"2017-07-11T19:24:19","slug":"radni-osiedla-gaj-po-slubowaniu","status":"publish","type":"post","link":"https:\/\/online.tvk-gaj.pl\/?p=9111","title":{"rendered":"Radni Osiedla Gaj po \u015blubowaniu!"},"content":{"rendered":"<p>W sobot\u0119 20 maja w miejskim ratuszu odby\u0142o si\u0119 uroczyste \u015blubowanie nowo wybranych radnych Osiedla Gaj. Od tego momentu oficjalnie 15 radnych rozpocz\u0119\u0142o czteroletni\u0105 kadencj\u0119 2017-2021.&nbsp;<!--more--><\/p>\n<p>&nbsp;<\/p>\n<p>Uroczysto\u015b\u0107 zorganizowan\u0105 w salach budynku Urz\u0119du Miejskiego na wroc\u0142awskim rynku poprowadzi\u0142a radna Rady Miejskiej Wroc\u0142awia &#8211; Pani Agnieszka Rybczak.<\/p>\n<p>&nbsp;<\/p>\n<p><a href=\"http:\/\/www.tvk-gaj.pl\/~gajonline\/wp-content\/uploads\/2017\/05\/2017-05-20-11.58.15.jpg\"><img loading=\"lazy\" decoding=\"async\" class=\"aligncenter size-large wp-image-9161\" src=\"http:\/\/www.tvk-gaj.pl\/~gajonline\/wp-content\/uploads\/2017\/05\/2017-05-20-11.58.15-1024x768.jpg\" alt=\"\" width=\"838\" height=\"629\" srcset=\"https:\/\/online.tvk-gaj.pl\/wp-content\/uploads\/2017\/05\/2017-05-20-11.58.15-1024x768.jpg 1024w, https:\/\/online.tvk-gaj.pl\/wp-content\/uploads\/2017\/05\/2017-05-20-11.58.15-300x225.jpg 300w, https:\/\/online.tvk-gaj.pl\/wp-content\/uploads\/2017\/05\/2017-05-20-11.58.15-768x576.jpg 768w\" sizes=\"auto, (max-width: 838px) 100vw, 838px\" \/><\/a><\/p>\n<p>&nbsp;<\/p>\n<p>Nowo wybrani radni po z\u0142o\u017ceniu s\u0142\u00f3w \u015blubowania godnego i rzetelnego wype\u0142niania obowi\u0105zk\u00f3w radnego osiedlowego oraz dzia\u0142ania dla dobra jego mieszka\u0144c\u00f3w oficjalnie rozpocz\u0119li kadencj\u0119 w Radzie Osiedla Gaj 2017-2021.<\/p>\n<p>&nbsp;<\/p>\n<p><a href=\"http:\/\/www.tvk-gaj.pl\/~gajonline\/wp-content\/uploads\/2017\/05\/2017-05-20-11.01.10.jpg\"><img loading=\"lazy\" decoding=\"async\" class=\"aligncenter size-large wp-image-9162\" src=\"http:\/\/www.tvk-gaj.pl\/~gajonline\/wp-content\/uploads\/2017\/05\/2017-05-20-11.01.10-1024x768.jpg\" alt=\"\" width=\"838\" height=\"629\" srcset=\"https:\/\/online.tvk-gaj.pl\/wp-content\/uploads\/2017\/05\/2017-05-20-11.01.10-1024x768.jpg 1024w, https:\/\/online.tvk-gaj.pl\/wp-content\/uploads\/2017\/05\/2017-05-20-11.01.10-300x225.jpg 300w, https:\/\/online.tvk-gaj.pl\/wp-content\/uploads\/2017\/05\/2017-05-20-11.01.10-768x576.jpg 768w\" sizes=\"auto, (max-width: 838px) 100vw, 838px\" \/><\/a><\/p>\n<p>&nbsp;<\/p>\n<p><a href=\"http:\/\/www.tvk-gaj.pl\/~gajonline\/wp-content\/uploads\/2017\/05\/2017-05-20-11.28.40.jpg\"><img loading=\"lazy\" decoding=\"async\" class=\"aligncenter size-large wp-image-9164\" src=\"http:\/\/www.tvk-gaj.pl\/~gajonline\/wp-content\/uploads\/2017\/05\/2017-05-20-11.28.40-1024x768.jpg\" alt=\"\" width=\"838\" height=\"629\" srcset=\"https:\/\/online.tvk-gaj.pl\/wp-content\/uploads\/2017\/05\/2017-05-20-11.28.40-1024x768.jpg 1024w, https:\/\/online.tvk-gaj.pl\/wp-content\/uploads\/2017\/05\/2017-05-20-11.28.40-300x225.jpg 300w, https:\/\/online.tvk-gaj.pl\/wp-content\/uploads\/2017\/05\/2017-05-20-11.28.40-768x576.jpg 768w\" sizes=\"auto, (max-width: 838px) 100vw, 838px\" \/><\/a><\/p>\n<p>&nbsp;<\/p>\n<p>\u015awie\u017co zaprzysi\u0119\u017cona Rada dokona\u0142a wyboru przewodnicz\u0105cego &#8211; zosta\u0142 nim Adam Wojtaszewski. Wiceprzewodnicz\u0105c\u0105 wybrano&nbsp;Zofi\u0119 Michalsk\u0105.&nbsp;<\/p>\n<p>&nbsp;<\/p>\n<p><strong>Radni Osiedla Gaj kadencji 2017-2021:<\/strong><\/p>\n<p>Micha\u0142 Bartoszko<br \/>\nTadeusz Bystry<br \/>\nMa\u0142gorzata Ryfa<br \/>\nZofia Michalska<br \/>\nEl\u017cbieta Pindral<br \/>\nBoles\u0142aw Olszewski<br \/>\nMarian Badziak<br \/>\nBarbara Dziekan<br \/>\nJan Surma<br \/>\nStefan Zydorowicz<br \/>\nAdam Chodaczy\u0144ski<br \/>\nGrzegorz Pytlarz<br \/>\nAdam Wojtaszewski<br \/>\nKazimierz Zagrodnik<br \/>\nPiotr Nawrotek<\/p>\n<p>&nbsp;<\/p>\n<p><a href=\"http:\/\/www.tvk-gaj.pl\/~gajonline\/wp-content\/uploads\/2017\/05\/2017-05-20-11.01.33.jpg\"><img loading=\"lazy\" decoding=\"async\" class=\"aligncenter size-large wp-image-9163\" src=\"http:\/\/www.tvk-gaj.pl\/~gajonline\/wp-content\/uploads\/2017\/05\/2017-05-20-11.01.33-1024x768.jpg\" alt=\"\" width=\"838\" height=\"629\" srcset=\"https:\/\/online.tvk-gaj.pl\/wp-content\/uploads\/2017\/05\/2017-05-20-11.01.33-1024x768.jpg 1024w, https:\/\/online.tvk-gaj.pl\/wp-content\/uploads\/2017\/05\/2017-05-20-11.01.33-300x225.jpg 300w, https:\/\/online.tvk-gaj.pl\/wp-content\/uploads\/2017\/05\/2017-05-20-11.01.33-768x576.jpg 768w\" sizes=\"auto, (max-width: 838px) 100vw, 838px\" \/><\/a><\/p>\n<p>&nbsp;<\/p>\n<p><a href=\"http:\/\/www.tvk-gaj.pl\/~gajonline\/wp-content\/uploads\/2017\/05\/2017-05-20-11.38.52-1.jpg\"><img loading=\"lazy\" decoding=\"async\" class=\"aligncenter size-large wp-image-9165\" src=\"http:\/\/www.tvk-gaj.pl\/~gajonline\/wp-content\/uploads\/2017\/05\/2017-05-20-11.38.52-1-1024x768.jpg\" alt=\"\" width=\"838\" height=\"629\" srcset=\"https:\/\/online.tvk-gaj.pl\/wp-content\/uploads\/2017\/05\/2017-05-20-11.38.52-1-1024x768.jpg 1024w, https:\/\/online.tvk-gaj.pl\/wp-content\/uploads\/2017\/05\/2017-05-20-11.38.52-1-300x225.jpg 300w, https:\/\/online.tvk-gaj.pl\/wp-content\/uploads\/2017\/05\/2017-05-20-11.38.52-1-768x576.jpg 768w\" sizes=\"auto, (max-width: 838px) 100vw, 838px\" \/><\/a><\/p>\n<p>&nbsp;<\/p>\n<p>Wszystkim radnym gratulujemy oraz \u017cyczymy samych sukces\u00f3w w nowej kadencji!<\/p>\n<p>&nbsp;<\/p>\n<p><strong>GALERIA ZDJ\u0118\u0106 ZE \u015aLUBOWANIA<\/strong><\/p>\n<p>&nbsp;<\/p>\n<p>[ngg_images source=&#8221;galleries&#8221; container_ids=&#8221;89&#8243; display_type=&#8221;photocrati-nextgen_basic_thumbnails&#8221; override_thumbnail_settings=&#8221;0&#8243; thumbnail_width=&#8221;100&#8243; thumbnail_height=&#8221;75&#8243; thumbnail_crop=&#8221;1&#8243; images_per_page=&#8221;0&#8243; number_of_columns=&#8221;0&#8243; ajax_pagination=&#8221;0&#8243; show_all_in_lightbox=&#8221;0&#8243; use_imagebrowser_effect=&#8221;0&#8243; show_slideshow_link=&#8221;1&#8243; slideshow_link_text=&#8221;[Pokaz slajd\u00f3w]&#8221; order_by=&#8221;sortorder&#8221; order_direction=&#8221;ASC&#8221; returns=&#8221;included&#8221; maximum_entity_count=&#8221;500&#8243;]<\/p>\n<p>&nbsp;<\/p>\n<p>&nbsp;<\/p>\n","protected":false},"excerpt":{"rendered":"<p>W sobot\u0119 20 maja w miejskim ratuszu odby\u0142o si\u0119 uroczyste \u015blubowanie nowo wybranych radnych Osiedla Gaj. Od tego momentu oficjalnie 15 radnych rozpocz\u0119\u0142o czteroletni\u0105 kadencj\u0119 2017-2021.&nbsp;<\/p>\n","protected":false},"author":1,"featured_media":9161,"comment_status":"open","ping_status":"open","sticky":false,"template":"","format":"standard","meta":{"footnotes":""},"categories":[14],"tags":[434,166,135,865,403,867,866,165],"class_list":["post-9111","post","type-post","status-publish","format-standard","has-post-thumbnail","hentry","category-aktualnosci","tag-miasto-wroclaw","tag-osiedle-gaj","tag-rada-osiedla-gaj","tag-radni","tag-radni-osiedlowi","tag-skal-rady-osiedla-gaj","tag-slubowanie","tag-wroclaw"],"_links":{"self":[{"href":"https:\/\/online.tvk-gaj.pl\/index.php?rest_route=\/wp\/v2\/posts\/9111","targetHints":{"allow":["GET"]}}],"collection":[{"href":"https:\/\/online.tvk-gaj.pl\/index.php?rest_route=\/wp\/v2\/posts"}],"about":[{"href":"https:\/\/online.tvk-gaj.pl\/index.php?rest_route=\/wp\/v2\/types\/post"}],"author":[{"embeddable":true,"href":"https:\/\/online.tvk-gaj.pl\/index.php?rest_route=\/wp\/v2\/users\/1"}],"replies":[{"embeddable":true,"href":"https:\/\/online.tvk-gaj.pl\/index.php?rest_route=%2Fwp%2Fv2%2Fcomments&post=9111"}],"version-history":[{"count":4,"href":"https:\/\/online.tvk-gaj.pl\/index.php?rest_route=\/wp\/v2\/posts\/9111\/revisions"}],"predecessor-version":[{"id":9234,"href":"https:\/\/online.tvk-gaj.pl\/index.php?rest_route=\/wp\/v2\/posts\/9111\/revisions\/9234"}],"wp:featuredmedia":[{"embeddable":true,"href":"https:\/\/online.tvk-gaj.pl\/index.php?rest_route=\/wp\/v2\/media\/9161"}],"wp:attachment":[{"href":"https:\/\/online.tvk-gaj.pl\/index.php?rest_route=%2Fwp%2Fv2%2Fmedia&parent=9111"}],"wp:term":[{"taxonomy":"category","embeddable":true,"href":"https:\/\/online.tvk-gaj.pl\/index.php?rest_route=%2Fwp%2Fv2%2Fcategories&post=9111"},{"taxonomy":"post_tag","embeddable":true,"href":"https:\/\/online.tvk-gaj.pl\/index.php?rest_route=%2Fwp%2Fv2%2Ftags&post=9111"}],"curies":[{"name":"wp","href":"https:\/\/api.w.org\/{rel}","templated":true}]}}