{"id":914,"date":"2013-04-08T15:10:56","date_gmt":"2013-04-08T13:10:56","guid":{"rendered":"http:\/\/www.gaj-osiedle.wroclaw.pl\/?p=914"},"modified":"2013-12-23T01:12:30","modified_gmt":"2013-12-23T00:12:30","slug":"parafie","status":"publish","type":"post","link":"https:\/\/online.tvk-gaj.pl\/?p=914","title":{"rendered":"Parafie"},"content":{"rendered":"<p>Ko\u015bcio\u0142y na terenie Osiedla Gaj we Wroc\u0142awiu.<!--more--><\/p>\n<p>&nbsp;<\/p>\n<p>Na terenie osiedla Gaj znajduj\u0105 si\u0119 dwie parafie rzymskokatolickie &#8211; Parafia im. \u015awi\u0119tego Franciszka z Asy\u017cu oraz Parafia \u015awi\u0119tego Ducha.<\/p>\n<p>&nbsp;<\/p>\n<p><b>Parafia pod wezwaniem \u015awi\u0119tego Franciszka z Asy\u017cu\u00a0<\/b>przy ul. Borowskiej 174 we Wroc\u0142awiu &#8211; <a href=\"http:\/\/www.parafia.mixxt.pl\">www.parafia.mixxt.pl\u00a0<\/a><\/p>\n<p><img loading=\"lazy\" decoding=\"async\" class=\"alignleft  wp-image-441\" alt=\"swfranciszek\" src=\"http:\/\/www.tvk-gaj.pl\/~gajonline\/wp-content\/uploads\/2012\/12\/swfranciszek.jpg\" width=\"292\" height=\"194\" srcset=\"https:\/\/online.tvk-gaj.pl\/wp-content\/uploads\/2012\/12\/swfranciszek.jpg 609w, https:\/\/online.tvk-gaj.pl\/wp-content\/uploads\/2012\/12\/swfranciszek-300x199.jpg 300w, https:\/\/online.tvk-gaj.pl\/wp-content\/uploads\/2012\/12\/swfranciszek-321x214.jpg 321w, https:\/\/online.tvk-gaj.pl\/wp-content\/uploads\/2012\/12\/swfranciszek-140x94.jpg 140w\" sizes=\"auto, (max-width: 292px) 100vw, 292px\" \/><\/p>\n<p>&nbsp;<\/p>\n<p><a href=\"http:\/\/www.tvk-gaj.pl\/~gajonline\/wp-content\/uploads\/2013\/04\/swfranciszek.png\"><img loading=\"lazy\" decoding=\"async\" class=\"aligncenter size-full wp-image-1989\" alt=\"swfranciszek\" src=\"http:\/\/www.tvk-gaj.pl\/~gajonline\/wp-content\/uploads\/2013\/04\/swfranciszek.png\" width=\"629\" height=\"938\" srcset=\"https:\/\/online.tvk-gaj.pl\/wp-content\/uploads\/2013\/04\/swfranciszek.png 629w, https:\/\/online.tvk-gaj.pl\/wp-content\/uploads\/2013\/04\/swfranciszek-201x300.png 201w\" sizes=\"auto, (max-width: 629px) 100vw, 629px\" \/><\/a><\/p>\n<p>&nbsp;<\/p>\n<p>&nbsp;<\/p>\n<p><b>Parafia pod wezwaniem Ducha \u015awi\u0119tego\u00a0<\/b>przy ul. Bardziej 2\/4 we Wroc\u0142awiu &#8211; <a href=\"http:\/\/www.duchsw.archidiecezja.wroc.pl\">www.duchsw.archidiecezja.wroc.pl\u00a0<\/a><\/p>\n<p><img loading=\"lazy\" decoding=\"async\" class=\"alignleft size-full wp-image-1525\" alt=\"51903411\" src=\"http:\/\/www.tvk-gaj.pl\/~gajonline\/wp-content\/uploads\/2013\/04\/51903411.jpg\" width=\"500\" height=\"366\" srcset=\"https:\/\/online.tvk-gaj.pl\/wp-content\/uploads\/2013\/04\/51903411.jpg 500w, https:\/\/online.tvk-gaj.pl\/wp-content\/uploads\/2013\/04\/51903411-300x219.jpg 300w\" sizes=\"auto, (max-width: 500px) 100vw, 500px\" \/><\/p>\n<p>&nbsp;<\/p>\n<p>&nbsp;<\/p>\n<p>&nbsp;<\/p>\n<p>&nbsp;<\/p>\n<p>&nbsp;<\/p>\n<p>&nbsp;<\/p>\n<p>&nbsp;<\/p>\n<p>&nbsp;<\/p>\n<p>&nbsp;<\/p>\n<p>&nbsp;<\/p>\n<p>&nbsp;<\/p>\n<p>&nbsp;<\/p>\n<p><a href=\"http:\/\/www.tvk-gaj.pl\/~gajonline\/wp-content\/uploads\/2013\/04\/swduch.png\"><img loading=\"lazy\" decoding=\"async\" class=\"aligncenter size-full wp-image-1990\" alt=\"swduch\" src=\"http:\/\/www.tvk-gaj.pl\/~gajonline\/wp-content\/uploads\/2013\/04\/swduch.png\" width=\"647\" height=\"962\" srcset=\"https:\/\/online.tvk-gaj.pl\/wp-content\/uploads\/2013\/04\/swduch.png 647w, https:\/\/online.tvk-gaj.pl\/wp-content\/uploads\/2013\/04\/swduch-201x300.png 201w\" sizes=\"auto, (max-width: 647px) 100vw, 647px\" \/><\/a><\/p>\n<p>&nbsp;<\/p>\n","protected":false},"excerpt":{"rendered":"<p>Ko\u015bcio\u0142y na terenie Osiedla Gaj we Wroc\u0142awiu.<\/p>\n","protected":false},"author":1,"featured_media":441,"comment_status":"open","ping_status":"open","sticky":false,"template":"","format":"standard","meta":{"footnotes":""},"categories":[55],"tags":[62],"class_list":["post-914","post","type-post","status-publish","format-standard","has-post-thumbnail","hentry","category-osiedle","tag-koscioly-parafie-osiedle-gaj-wroclaw"],"_links":{"self":[{"href":"https:\/\/online.tvk-gaj.pl\/index.php?rest_route=\/wp\/v2\/posts\/914","targetHints":{"allow":["GET"]}}],"collection":[{"href":"https:\/\/online.tvk-gaj.pl\/index.php?rest_route=\/wp\/v2\/posts"}],"about":[{"href":"https:\/\/online.tvk-gaj.pl\/index.php?rest_route=\/wp\/v2\/types\/post"}],"author":[{"embeddable":true,"href":"https:\/\/online.tvk-gaj.pl\/index.php?rest_route=\/wp\/v2\/users\/1"}],"replies":[{"embeddable":true,"href":"https:\/\/online.tvk-gaj.pl\/index.php?rest_route=%2Fwp%2Fv2%2Fcomments&post=914"}],"version-history":[{"count":7,"href":"https:\/\/online.tvk-gaj.pl\/index.php?rest_route=\/wp\/v2\/posts\/914\/revisions"}],"predecessor-version":[{"id":1524,"href":"https:\/\/online.tvk-gaj.pl\/index.php?rest_route=\/wp\/v2\/posts\/914\/revisions\/1524"}],"wp:featuredmedia":[{"embeddable":true,"href":"https:\/\/online.tvk-gaj.pl\/index.php?rest_route=\/wp\/v2\/media\/441"}],"wp:attachment":[{"href":"https:\/\/online.tvk-gaj.pl\/index.php?rest_route=%2Fwp%2Fv2%2Fmedia&parent=914"}],"wp:term":[{"taxonomy":"category","embeddable":true,"href":"https:\/\/online.tvk-gaj.pl\/index.php?rest_route=%2Fwp%2Fv2%2Fcategories&post=914"},{"taxonomy":"post_tag","embeddable":true,"href":"https:\/\/online.tvk-gaj.pl\/index.php?rest_route=%2Fwp%2Fv2%2Ftags&post=914"}],"curies":[{"name":"wp","href":"https:\/\/api.w.org\/{rel}","templated":true}]}}