{"id":9175,"date":"2017-06-07T22:54:36","date_gmt":"2017-06-07T20:54:36","guid":{"rendered":"http:\/\/www.tvk-gaj.pl\/~gajonline\/?p=9175"},"modified":"2017-06-07T22:54:36","modified_gmt":"2017-06-07T20:54:36","slug":"nowa-droga-na-poludniu-osiedla","status":"publish","type":"post","link":"https:\/\/online.tvk-gaj.pl\/?p=9175","title":{"rendered":"Nowa droga na po\u0142udniu osiedla"},"content":{"rendered":"<p>W planowanym terminie zako\u0144czono jedn\u0105 z inwestycji wybranych w 2015r. w ramach Wroc\u0142awskiego Bud\u017cetu Obywatelskiego.<!--more--><\/p>\n<p>&nbsp;<\/p>\n<p>Na pocz\u0105tku czerwca oddano do u\u017cytku utwardzony, ok. 150 metrowy, \u0142\u0105cznik ulic Borowskiej i Jerzego Kukuczki.&nbsp;<\/p>\n<p>Nowa droga po\u0142\u0105czona zostanie wkr\u00f3tce z \u015bcie\u017ck\u0105 rowerow\u0105 (miejsk\u0105 autostrad\u0105 rowerow\u0105), biegn\u0105c\u0105 wzd\u0142u\u017c nasypu kolejowego rozdzielaj\u0105cego Gaj i Wojszyce.<\/p>\n<p>&nbsp;<\/p>\n<p><a href=\"http:\/\/www.tvk-gaj.pl\/~gajonline\/wp-content\/uploads\/2017\/06\/2017-06-04-07.46.54.jpg\"><img loading=\"lazy\" decoding=\"async\" class=\"aligncenter size-large wp-image-9176\" src=\"http:\/\/www.tvk-gaj.pl\/~gajonline\/wp-content\/uploads\/2017\/06\/2017-06-04-07.46.54-1024x768.jpg\" alt=\"\" width=\"838\" height=\"629\" srcset=\"https:\/\/online.tvk-gaj.pl\/wp-content\/uploads\/2017\/06\/2017-06-04-07.46.54-1024x768.jpg 1024w, https:\/\/online.tvk-gaj.pl\/wp-content\/uploads\/2017\/06\/2017-06-04-07.46.54-300x225.jpg 300w, https:\/\/online.tvk-gaj.pl\/wp-content\/uploads\/2017\/06\/2017-06-04-07.46.54-768x576.jpg 768w\" sizes=\"auto, (max-width: 838px) 100vw, 838px\" \/><\/a><\/p>\n<p>&nbsp;<\/p>\n<p><a href=\"http:\/\/www.tvk-gaj.pl\/~gajonline\/wp-content\/uploads\/2017\/06\/2017-06-04-07.47.06.jpg\"><img loading=\"lazy\" decoding=\"async\" class=\"aligncenter size-large wp-image-9177\" src=\"http:\/\/www.tvk-gaj.pl\/~gajonline\/wp-content\/uploads\/2017\/06\/2017-06-04-07.47.06-1024x768.jpg\" alt=\"\" width=\"838\" height=\"629\" srcset=\"https:\/\/online.tvk-gaj.pl\/wp-content\/uploads\/2017\/06\/2017-06-04-07.47.06-1024x768.jpg 1024w, https:\/\/online.tvk-gaj.pl\/wp-content\/uploads\/2017\/06\/2017-06-04-07.47.06-300x225.jpg 300w, https:\/\/online.tvk-gaj.pl\/wp-content\/uploads\/2017\/06\/2017-06-04-07.47.06-768x576.jpg 768w\" sizes=\"auto, (max-width: 838px) 100vw, 838px\" \/><\/a><\/p>\n<p>&nbsp;<\/p>\n<p>&nbsp;<\/p>\n","protected":false},"excerpt":{"rendered":"<p>W planowanym terminie zako\u0144czono jedn\u0105 z inwestycji wybranych w 2015r. w ramach Wroc\u0142awskiego Bud\u017cetu Obywatelskiego.<\/p>\n","protected":false},"author":1,"featured_media":9176,"comment_status":"open","ping_status":"open","sticky":false,"template":"","format":"standard","meta":{"footnotes":""},"categories":[14],"tags":[113,112,249,242,764,838,868],"class_list":["post-9175","post","type-post","status-publish","format-standard","has-post-thumbnail","hentry","category-aktualnosci","tag-borowska","tag-gaj","tag-inwestycja","tag-kukuczki","tag-nasyp","tag-nowa-droga","tag-poludnie"],"_links":{"self":[{"href":"https:\/\/online.tvk-gaj.pl\/index.php?rest_route=\/wp\/v2\/posts\/9175","targetHints":{"allow":["GET"]}}],"collection":[{"href":"https:\/\/online.tvk-gaj.pl\/index.php?rest_route=\/wp\/v2\/posts"}],"about":[{"href":"https:\/\/online.tvk-gaj.pl\/index.php?rest_route=\/wp\/v2\/types\/post"}],"author":[{"embeddable":true,"href":"https:\/\/online.tvk-gaj.pl\/index.php?rest_route=\/wp\/v2\/users\/1"}],"replies":[{"embeddable":true,"href":"https:\/\/online.tvk-gaj.pl\/index.php?rest_route=%2Fwp%2Fv2%2Fcomments&post=9175"}],"version-history":[{"count":1,"href":"https:\/\/online.tvk-gaj.pl\/index.php?rest_route=\/wp\/v2\/posts\/9175\/revisions"}],"predecessor-version":[{"id":9178,"href":"https:\/\/online.tvk-gaj.pl\/index.php?rest_route=\/wp\/v2\/posts\/9175\/revisions\/9178"}],"wp:featuredmedia":[{"embeddable":true,"href":"https:\/\/online.tvk-gaj.pl\/index.php?rest_route=\/wp\/v2\/media\/9176"}],"wp:attachment":[{"href":"https:\/\/online.tvk-gaj.pl\/index.php?rest_route=%2Fwp%2Fv2%2Fmedia&parent=9175"}],"wp:term":[{"taxonomy":"category","embeddable":true,"href":"https:\/\/online.tvk-gaj.pl\/index.php?rest_route=%2Fwp%2Fv2%2Fcategories&post=9175"},{"taxonomy":"post_tag","embeddable":true,"href":"https:\/\/online.tvk-gaj.pl\/index.php?rest_route=%2Fwp%2Fv2%2Ftags&post=9175"}],"curies":[{"name":"wp","href":"https:\/\/api.w.org\/{rel}","templated":true}]}}