{"id":9196,"date":"2017-06-20T22:48:03","date_gmt":"2017-06-20T20:48:03","guid":{"rendered":"http:\/\/www.tvk-gaj.pl\/~gajonline\/?p=9196"},"modified":"2017-06-20T22:48:03","modified_gmt":"2017-06-20T20:48:03","slug":"za-dwa-miesiace-pierwszy-dzwonek-na-klodzkiej","status":"publish","type":"post","link":"https:\/\/online.tvk-gaj.pl\/?p=9196","title":{"rendered":"Za dwa miesi\u0105ce pierwszy dzwonek na K\u0142odzkiej"},"content":{"rendered":"<p>Za kilka dni zako\u0144czy si\u0119 obecny rok szkolny. Dla niekt\u00f3rych dzieci b\u0119dzie to ostatni rok w starej szkole. Od 1 wrze\u015bnia na Gaju, przy ul. K\u0142odzkiej 40 swoj\u0105 dzia\u0142alno\u015b\u0107 edukacyjn\u0105 rozpocznie nowa plac\u00f3wka &#8211;&nbsp;Szko\u0142a Podstawowa nr 32 w Zespole Szkolno \u2013 Przedszkolnym nr 21.&nbsp;Zobaczcie jak na niespe\u0142na trzy miesi\u0105ce przed otwarciem wygl\u0105da teren budowy.<!--more--><\/p>\n<p>Szko\u0142a mieszcz\u0105ca blisko 800 dzieci jest obecnie o ko\u0144cowej fazie wyko\u0144czeniowej &#8211; jak m\u00f3wi\u0105 nam osoby odpowiedzialne za prace budowlane. Nowy obiekt od wrze\u015bnia &#8211; zgodnie z now\u0105 rejonizacj\u0105 szk\u00f3\u0142 przyjmie dzieci z Gaju (te zameldowane na terenach od ul. \u015awieradowskiej do nasypu kolejowego wzd\u0142u\u017c ulic Kukuczki i K\u0142odzkiej) oraz dzieci z Jagodna i cz\u0119\u015bci Wojszyc.&nbsp;<br \/>\nDla Jagodna nowa szko\u0142a stanie si\u0119 alternatyw\u0105 dla przepe\u0142nionej obecnie Szko\u0142y Podstawowej Nr 80 na Brochowie. Miasto postanowi\u0142o r\u00f3wnie\u017c odci\u0105\u017cy\u0107&nbsp;Szko\u0142\u0119 Podstawow\u0105 Nr 23 przy ul. Przystankowej (Wojszyce). Na Gaju b\u0119d\u0105 dzia\u0142a\u0142y dwie szko\u0142y podstawowe &#8211; SP Nr 90 przy ul. Orzechowej oraz opisywana SP Nr 32 przy K\u0142odzkiej.<\/p>\n<p>Warto wspomnie\u0107, i\u017c dzi\u0119ki dzia\u0142aniom naszych czytelnik\u00f3w, mieszka\u0144c\u00f3w Gaju oraz Rady Osiedla Gaj uda\u0142o si\u0119 tak dostosowa\u0107 now\u0105 rejonizacj\u0119, by Gaj zyska\u0142 dwie du\u017ce szko\u0142y.&nbsp;<\/p>\n<p>&nbsp;<\/p>\n<p><a href=\"http:\/\/www.tvk-gaj.pl\/~gajonline\/wp-content\/uploads\/2017\/06\/2017-06-02-17.04.42.jpg\"><img loading=\"lazy\" decoding=\"async\" class=\"aligncenter size-large wp-image-9197\" src=\"http:\/\/www.tvk-gaj.pl\/~gajonline\/wp-content\/uploads\/2017\/06\/2017-06-02-17.04.42-1024x768.jpg\" alt=\"\" width=\"838\" height=\"629\" srcset=\"https:\/\/online.tvk-gaj.pl\/wp-content\/uploads\/2017\/06\/2017-06-02-17.04.42-1024x768.jpg 1024w, https:\/\/online.tvk-gaj.pl\/wp-content\/uploads\/2017\/06\/2017-06-02-17.04.42-300x225.jpg 300w, https:\/\/online.tvk-gaj.pl\/wp-content\/uploads\/2017\/06\/2017-06-02-17.04.42-768x576.jpg 768w\" sizes=\"auto, (max-width: 838px) 100vw, 838px\" \/><\/a><\/p>\n<p><a href=\"http:\/\/www.tvk-gaj.pl\/~gajonline\/wp-content\/uploads\/2017\/06\/2017-06-02-17.06.16.jpg\"><img loading=\"lazy\" decoding=\"async\" class=\"aligncenter size-large wp-image-9198\" src=\"http:\/\/www.tvk-gaj.pl\/~gajonline\/wp-content\/uploads\/2017\/06\/2017-06-02-17.06.16-1024x768.jpg\" alt=\"\" width=\"838\" height=\"629\" srcset=\"https:\/\/online.tvk-gaj.pl\/wp-content\/uploads\/2017\/06\/2017-06-02-17.06.16-1024x768.jpg 1024w, https:\/\/online.tvk-gaj.pl\/wp-content\/uploads\/2017\/06\/2017-06-02-17.06.16-300x225.jpg 300w, https:\/\/online.tvk-gaj.pl\/wp-content\/uploads\/2017\/06\/2017-06-02-17.06.16-768x576.jpg 768w\" sizes=\"auto, (max-width: 838px) 100vw, 838px\" \/><\/a><\/p>\n<p><a href=\"http:\/\/www.tvk-gaj.pl\/~gajonline\/wp-content\/uploads\/2017\/06\/2017-06-02-17.08.19.jpg\"><img loading=\"lazy\" decoding=\"async\" class=\"aligncenter size-large wp-image-9199\" src=\"http:\/\/www.tvk-gaj.pl\/~gajonline\/wp-content\/uploads\/2017\/06\/2017-06-02-17.08.19-1024x768.jpg\" alt=\"\" width=\"838\" height=\"629\" srcset=\"https:\/\/online.tvk-gaj.pl\/wp-content\/uploads\/2017\/06\/2017-06-02-17.08.19-1024x768.jpg 1024w, https:\/\/online.tvk-gaj.pl\/wp-content\/uploads\/2017\/06\/2017-06-02-17.08.19-300x225.jpg 300w, https:\/\/online.tvk-gaj.pl\/wp-content\/uploads\/2017\/06\/2017-06-02-17.08.19-768x576.jpg 768w\" sizes=\"auto, (max-width: 838px) 100vw, 838px\" \/><\/a><\/p>\n<p>&nbsp;<\/p>\n<p>Dodatkowo zamieszczamy zdj\u0119cie z bezpo\u015bredniej okolicy nowej szko\u0142y &#8211; \u015bcie\u017cka id\u0105ca od ulicy Buforowej do ul. Borowskiej.&nbsp;<\/p>\n<p><a href=\"http:\/\/www.tvk-gaj.pl\/~gajonline\/wp-content\/uploads\/2017\/06\/2017-06-02-17.11.57-1.jpg\"><img loading=\"lazy\" decoding=\"async\" class=\"aligncenter size-large wp-image-9203\" src=\"http:\/\/www.tvk-gaj.pl\/~gajonline\/wp-content\/uploads\/2017\/06\/2017-06-02-17.11.57-1-768x1024.jpg\" alt=\"\" width=\"768\" height=\"1024\" srcset=\"https:\/\/online.tvk-gaj.pl\/wp-content\/uploads\/2017\/06\/2017-06-02-17.11.57-1-768x1024.jpg 768w, https:\/\/online.tvk-gaj.pl\/wp-content\/uploads\/2017\/06\/2017-06-02-17.11.57-1-225x300.jpg 225w\" sizes=\"auto, (max-width: 768px) 100vw, 768px\" \/><\/a><\/p>\n<p>&nbsp;<\/p>\n<p>&nbsp;<\/p>\n","protected":false},"excerpt":{"rendered":"<p>Za kilka dni zako\u0144czy si\u0119 obecny rok szkolny. Dla niekt\u00f3rych dzieci b\u0119dzie to ostatni rok w starej szkole. Od 1 wrze\u015bnia na Gaju, przy ul. K\u0142odzkiej 40 swoj\u0105 dzia\u0142alno\u015b\u0107 edukacyjn\u0105 rozpocznie nowa plac\u00f3wka &#8211;&nbsp;Szko\u0142a Podstawowa nr 32 w Zespole Szkolno \u2013 Przedszkolnym nr 21.&nbsp;Zobaczcie jak na niespe\u0142na trzy miesi\u0105ce przed otwarciem wygl\u0105da teren budowy.<\/p>\n","protected":false},"author":1,"featured_media":9202,"comment_status":"open","ping_status":"open","sticky":false,"template":"","format":"standard","meta":{"footnotes":""},"categories":[14,12],"tags":[112,242,235,232,494,135,273,234],"class_list":["post-9196","post","type-post","status-publish","format-standard","has-post-thumbnail","hentry","category-aktualnosci","category-artykuly","tag-gaj","tag-kukuczki","tag-klodzka","tag-nowa-szkola","tag-otwarcie","tag-rada-osiedla-gaj","tag-szkola","tag-szkola-podstawowa"],"_links":{"self":[{"href":"https:\/\/online.tvk-gaj.pl\/index.php?rest_route=\/wp\/v2\/posts\/9196","targetHints":{"allow":["GET"]}}],"collection":[{"href":"https:\/\/online.tvk-gaj.pl\/index.php?rest_route=\/wp\/v2\/posts"}],"about":[{"href":"https:\/\/online.tvk-gaj.pl\/index.php?rest_route=\/wp\/v2\/types\/post"}],"author":[{"embeddable":true,"href":"https:\/\/online.tvk-gaj.pl\/index.php?rest_route=\/wp\/v2\/users\/1"}],"replies":[{"embeddable":true,"href":"https:\/\/online.tvk-gaj.pl\/index.php?rest_route=%2Fwp%2Fv2%2Fcomments&post=9196"}],"version-history":[{"count":3,"href":"https:\/\/online.tvk-gaj.pl\/index.php?rest_route=\/wp\/v2\/posts\/9196\/revisions"}],"predecessor-version":[{"id":9205,"href":"https:\/\/online.tvk-gaj.pl\/index.php?rest_route=\/wp\/v2\/posts\/9196\/revisions\/9205"}],"wp:featuredmedia":[{"embeddable":true,"href":"https:\/\/online.tvk-gaj.pl\/index.php?rest_route=\/wp\/v2\/media\/9202"}],"wp:attachment":[{"href":"https:\/\/online.tvk-gaj.pl\/index.php?rest_route=%2Fwp%2Fv2%2Fmedia&parent=9196"}],"wp:term":[{"taxonomy":"category","embeddable":true,"href":"https:\/\/online.tvk-gaj.pl\/index.php?rest_route=%2Fwp%2Fv2%2Fcategories&post=9196"},{"taxonomy":"post_tag","embeddable":true,"href":"https:\/\/online.tvk-gaj.pl\/index.php?rest_route=%2Fwp%2Fv2%2Ftags&post=9196"}],"curies":[{"name":"wp","href":"https:\/\/api.w.org\/{rel}","templated":true}]}}