{"id":9206,"date":"2017-06-27T08:43:45","date_gmt":"2017-06-27T06:43:45","guid":{"rendered":"http:\/\/www.tvk-gaj.pl\/~gajonline\/?p=9206"},"modified":"2017-07-01T17:09:13","modified_gmt":"2017-07-01T15:09:13","slug":"nowy-park-na-gaju-konsultacje-spoleczne-c-d","status":"publish","type":"post","link":"https:\/\/online.tvk-gaj.pl\/?p=9206","title":{"rendered":"Nowy park na Gaju &#8211; konsultacje spo\u0142eczne c.d."},"content":{"rendered":"<div id=\"js_1y\" class=\"_5pbx userContent\" data-ft=\"{&quot;tn&quot;:&quot;K&quot;}\">\n<p>[AKTUALIZACJA z dnia 1.07.2017r.] Do 7 lipca mo\u017cna zg\u0142asza\u0107 uwagi dotycz\u0105ce koncepcji planowanego parku na osiedlu Gaj przy ul. Kukuczki i K\u0142odzkiej. Pierwsze wnioski pojawi\u0142y si\u0119 podczas spotkania konsultacyjnego, kt\u00f3re odby\u0142o si\u0119 29 czerwca na Gaju.<\/p>\n<\/div>\n<p><!--more--><\/p>\n<div class=\"_3x-2\">&nbsp;<\/div>\n<div class=\"_3x-2\"><strong>[AKTUALIZACJA z dnia 1.07.2017r.]&nbsp;<\/strong><\/div>\n<div class=\"_3x-2\">&nbsp;<\/div>\n<div class=\"_3x-2\">&nbsp;<\/div>\n<div class=\"_3x-2\">&nbsp;<\/div>\n<div class=\"_3x-2\"><a href=\"http:\/\/www.tvk-gaj.pl\/~gajonline\/wp-content\/uploads\/2017\/06\/PARKowyGAJ_baner.png\"><img loading=\"lazy\" decoding=\"async\" class=\"aligncenter size-large wp-image-9212\" src=\"http:\/\/www.tvk-gaj.pl\/~gajonline\/wp-content\/uploads\/2017\/06\/PARKowyGAJ_baner-1024x576.png\" alt=\"\" width=\"838\" height=\"471\" srcset=\"https:\/\/online.tvk-gaj.pl\/wp-content\/uploads\/2017\/06\/PARKowyGAJ_baner-1024x576.png 1024w, https:\/\/online.tvk-gaj.pl\/wp-content\/uploads\/2017\/06\/PARKowyGAJ_baner-300x169.png 300w, https:\/\/online.tvk-gaj.pl\/wp-content\/uploads\/2017\/06\/PARKowyGAJ_baner-768x432.png 768w, https:\/\/online.tvk-gaj.pl\/wp-content\/uploads\/2017\/06\/PARKowyGAJ_baner.png 1920w\" sizes=\"auto, (max-width: 838px) 100vw, 838px\" \/><\/a><\/div>\n<div class=\"_3x-2\">&nbsp;<\/div>\n<div class=\"_3x-2\">&nbsp;<\/div>\n<div class=\"_3x-2\">&nbsp;<\/div>\n<div class=\"_3x-2\">Do 7 lipca mo\u017cna zg\u0142asza\u0107 uwagi dotycz\u0105ce koncepcji planowanego parku na osiedlu Gaj przy ul. Kukuczki i K\u0142odzkiej. Pierwsze wnioski pojawi\u0142y si\u0119 podczas spotkania konsultacyjnego, kt\u00f3re odby\u0142o si\u0119 29 czerwca na Gaju.<\/div>\n<div class=\"_3x-2\">&nbsp;<\/div>\n<div class=\"_3x-2\">Wi\u0119cej informacji <a href=\"https:\/\/www.wroclaw.pl\/rozmawia\/parkowy-gaj-konsultujemy-koncepcje-parku\" target=\"_blank\" rel=\"noopener noreferrer\">pod tym adresem.<\/a><\/div>\n<div class=\"_3x-2\">&nbsp;<\/div>\n<div class=\"_3x-2\">&nbsp;<\/div>\n<div class=\"_3x-2\">Wszystkich mieszka\u0144c\u00f3w osiedla zapraszamy na czwartkowe (29 czerwca) konsultacje spo\u0142eczne po\u015bwi\u0119cone budowie nowego parku na Gaju. Spotkanie odb\u0119dzie si\u0119 w Gimnazjum Nr 25 przy ul. Orzechowej o godz. 17:00.<\/div>\n<div class=\"_3x-2\">&nbsp;<\/div>\n<div class=\"_3x-2\">&nbsp;<\/div>\n<div class=\"_3x-2\">&nbsp;<\/div>\n<div class=\"_3x-2\"><a href=\"http:\/\/www.tvk-gaj.pl\/~gajonline\/wp-content\/uploads\/2017\/06\/19495962_1376148632479506_693457336_o.png\"><img loading=\"lazy\" decoding=\"async\" class=\"aligncenter size-full wp-image-9207\" src=\"http:\/\/www.tvk-gaj.pl\/~gajonline\/wp-content\/uploads\/2017\/06\/19495962_1376148632479506_693457336_o.png\" alt=\"\" width=\"480\" height=\"679\" srcset=\"https:\/\/online.tvk-gaj.pl\/wp-content\/uploads\/2017\/06\/19495962_1376148632479506_693457336_o.png 480w, https:\/\/online.tvk-gaj.pl\/wp-content\/uploads\/2017\/06\/19495962_1376148632479506_693457336_o-212x300.png 212w\" sizes=\"auto, (max-width: 480px) 100vw, 480px\" \/><\/a><\/div>\n<div class=\"_3x-2\">&nbsp;<\/div>\n<div class=\"_3x-2\">&nbsp;<\/div>\n<blockquote>\n<div class=\"_3x-2\">\n<p><strong>Park na Gaju &#8211; konsultujemy koncepcj\u0119*<\/strong><\/p>\n<p>CO?<br \/>\nSpotkanie, na kt\u00f3rym zaprezentowana zostanie koncepcja parku, powsta\u0142a m.in. w oparciu o wyniki konsultacji PARKowy GAJ (<a href=\"http:\/\/www.wroclaw.pl\/parkowy-gaj\" target=\"_blank\" rel=\"nofollow nofollow noopener noreferrer\">www.wroclaw.pl\/parkowy-gaj<\/a>).<br \/>\nB\u0119dzie mo\u017cna zg\u0142osi\u0107 swoje uwagi, podyskutowa\u0107 z projektantami, ustali\u0107 priorytety.<\/p>\n<p>KIEDY?<br \/>\n29 czerwca 2017 , g. 17.00<\/p>\n<p>GDZIE?<br \/>\nGimnazjum nr 25, ul. Orzechowa 62a<br \/>\n<span class=\"text_exposed_show\"><br \/>\nORGANIZATOR: Biuro ds. Partycypacji Spo\u0142ecznej UM Wroc\u0142awia<\/span><\/p>\n<p>PARTNER MERYTORYCZNY: Zarz\u0105d Inwestycji Miejskich we Wroc\u0142awiu<\/p>\n<\/div>\n<\/blockquote>\n<div class=\"_3x-2\">&nbsp;<\/div>\n<div class=\"_3x-2\">&nbsp;<\/div>\n<div class=\"_3x-2\">&nbsp;<\/div>\n<div class=\"_3x-2\"><em>*(\u0179r\u00f3d\u0142o:&nbsp;https:\/\/www.facebook.com\/parkowygaj )<\/em><\/div>\n<div class=\"_3x-2\">&nbsp;<\/div>\n","protected":false},"excerpt":{"rendered":"<p>[AKTUALIZACJA z dnia 1.07.2017r.] Do 7 lipca mo\u017cna zg\u0142asza\u0107 uwagi dotycz\u0105ce koncepcji planowanego parku na osiedlu Gaj przy ul. Kukuczki i K\u0142odzkiej. Pierwsze wnioski pojawi\u0142y si\u0119 podczas spotkania konsultacyjnego, kt\u00f3re odby\u0142o si\u0119 29 czerwca na Gaju.<\/p>\n","protected":false},"author":1,"featured_media":8520,"comment_status":"open","ping_status":"open","sticky":false,"template":"","format":"standard","meta":{"footnotes":""},"categories":[14],"tags":[112,874,601,242,218,443,763,135,873],"class_list":["post-9206","post","type-post","status-publish","format-standard","has-post-thumbnail","hentry","category-aktualnosci","tag-gaj","tag-gimnazjum","tag-konsultacje-spoleczne","tag-kukuczki","tag-orzechowa","tag-park","tag-park-na-gaju","tag-rada-osiedla-gaj","tag-zebranie"],"_links":{"self":[{"href":"https:\/\/online.tvk-gaj.pl\/index.php?rest_route=\/wp\/v2\/posts\/9206","targetHints":{"allow":["GET"]}}],"collection":[{"href":"https:\/\/online.tvk-gaj.pl\/index.php?rest_route=\/wp\/v2\/posts"}],"about":[{"href":"https:\/\/online.tvk-gaj.pl\/index.php?rest_route=\/wp\/v2\/types\/post"}],"author":[{"embeddable":true,"href":"https:\/\/online.tvk-gaj.pl\/index.php?rest_route=\/wp\/v2\/users\/1"}],"replies":[{"embeddable":true,"href":"https:\/\/online.tvk-gaj.pl\/index.php?rest_route=%2Fwp%2Fv2%2Fcomments&post=9206"}],"version-history":[{"count":6,"href":"https:\/\/online.tvk-gaj.pl\/index.php?rest_route=\/wp\/v2\/posts\/9206\/revisions"}],"predecessor-version":[{"id":9214,"href":"https:\/\/online.tvk-gaj.pl\/index.php?rest_route=\/wp\/v2\/posts\/9206\/revisions\/9214"}],"wp:featuredmedia":[{"embeddable":true,"href":"https:\/\/online.tvk-gaj.pl\/index.php?rest_route=\/wp\/v2\/media\/8520"}],"wp:attachment":[{"href":"https:\/\/online.tvk-gaj.pl\/index.php?rest_route=%2Fwp%2Fv2%2Fmedia&parent=9206"}],"wp:term":[{"taxonomy":"category","embeddable":true,"href":"https:\/\/online.tvk-gaj.pl\/index.php?rest_route=%2Fwp%2Fv2%2Fcategories&post=9206"},{"taxonomy":"post_tag","embeddable":true,"href":"https:\/\/online.tvk-gaj.pl\/index.php?rest_route=%2Fwp%2Fv2%2Ftags&post=9206"}],"curies":[{"name":"wp","href":"https:\/\/api.w.org\/{rel}","templated":true}]}}