{"id":9216,"date":"2017-07-04T21:34:50","date_gmt":"2017-07-04T19:34:50","guid":{"rendered":"http:\/\/www.tvk-gaj.pl\/~gajonline\/?p=9216"},"modified":"2017-07-04T21:36:49","modified_gmt":"2017-07-04T19:36:49","slug":"nowe-nazwy-przystankow","status":"publish","type":"post","link":"https:\/\/online.tvk-gaj.pl\/?p=9216","title":{"rendered":"Nowy-stary przystanek na Gaju"},"content":{"rendered":"<p>Wraz z pocz\u0105tkiem lipca Miejskie Przedsi\u0119biorstwo Komunikacji zmieni\u0142 nazw\u0119 jednego z przystank\u00f3w na Gaju.<!--more--><\/p>\n<p>&nbsp;<\/p>\n<p>W zwi\u0105zku ze zmianami, kt\u00f3re MPK wprowadzi\u0142o od lipca na Gaju zmieniono:<\/p>\n<ol>\n<li>Nazw\u0119 przystanku &#8222;Jab\u0142eczna&#8221;. Wcze\u015bniej: Jab\u0142eczna &#8211; obecnie: Dzia\u0142kowa.<\/li>\n<li>Przystanek &#8222;ROD Bajki&#8221; (skrzy\u017cowanie ulic Borowskiej i Armii Krajowej) od lipca zosta\u0142 przystankiem &#8222;sta\u0142ym&#8221; dla autobus\u00f3w linii 112, 113, 133, 136, 145, 146 i 612. Dla autobus\u00f3w nocnych linii 249 i 255 przystanek nadal b\u0119dzie przystankiem &#8222;na \u017c\u0105danie&#8221;.<\/li>\n<\/ol>\n<p><a href=\"http:\/\/www.tvk-gaj.pl\/~gajonline\/wp-content\/uploads\/2014\/02\/5231621.jpg\"><img loading=\"lazy\" decoding=\"async\" class=\"aligncenter size-full wp-image-2150\" src=\"http:\/\/www.tvk-gaj.pl\/~gajonline\/wp-content\/uploads\/2014\/02\/5231621.jpg\" alt=\"\" width=\"960\" height=\"720\" srcset=\"https:\/\/online.tvk-gaj.pl\/wp-content\/uploads\/2014\/02\/5231621.jpg 960w, https:\/\/online.tvk-gaj.pl\/wp-content\/uploads\/2014\/02\/5231621-300x225.jpg 300w\" sizes=\"auto, (max-width: 960px) 100vw, 960px\" \/><\/a><\/p>\n<p>&nbsp;<\/p>\n<p>Zmian\u0119 nazwy przystanku MPK t\u0142umaczy tym, \u017ce nowa nazwa &#8222;Dzia\u0142kowa&#8221; lepiej oddaje nazw\u0119 przystanku, kt\u00f3ry fizycznie zlokalizowany jest bli\u017cej ulicy Dzia\u0142kowej ni\u017c Jab\u0142ecznej.&nbsp;<\/p>\n<p>&nbsp;<\/p>\n<p>Wi\u0119cej o aktualno\u015bciach zwi\u0105zanych z wroc\u0142awsk\u0105 komunikacj\u0105 miejska znajdzie na stronie <a href=\"http:\/\/mpk.wroc.pl\/\" target=\"_blank\" rel=\"noopener noreferrer\">MPK Wroc\u0142aw<\/a>.&nbsp;<\/p>\n<p>&nbsp;<\/p>\n","protected":false},"excerpt":{"rendered":"<p>Wraz z pocz\u0105tkiem lipca Miejskie Przedsi\u0119biorstwo Komunikacji zmieni\u0142 nazw\u0119 jednego z przystank\u00f3w na Gaju.<\/p>\n","protected":false},"author":1,"featured_media":7667,"comment_status":"open","ping_status":"open","sticky":false,"template":"","format":"standard","meta":{"footnotes":""},"categories":[14],"tags":[415,251,112,250,156,875,876,877,117,165],"class_list":["post-9216","post","type-post","status-publish","format-standard","has-post-thumbnail","hentry","category-aktualnosci","tag-autobusy","tag-dzialkowa","tag-gaj","tag-jableczna","tag-mpk","tag-nowe-przystanki-na-gaju","tag-przystanki","tag-rozklad-mpk","tag-swieradowska","tag-wroclaw"],"_links":{"self":[{"href":"https:\/\/online.tvk-gaj.pl\/index.php?rest_route=\/wp\/v2\/posts\/9216","targetHints":{"allow":["GET"]}}],"collection":[{"href":"https:\/\/online.tvk-gaj.pl\/index.php?rest_route=\/wp\/v2\/posts"}],"about":[{"href":"https:\/\/online.tvk-gaj.pl\/index.php?rest_route=\/wp\/v2\/types\/post"}],"author":[{"embeddable":true,"href":"https:\/\/online.tvk-gaj.pl\/index.php?rest_route=\/wp\/v2\/users\/1"}],"replies":[{"embeddable":true,"href":"https:\/\/online.tvk-gaj.pl\/index.php?rest_route=%2Fwp%2Fv2%2Fcomments&post=9216"}],"version-history":[{"count":3,"href":"https:\/\/online.tvk-gaj.pl\/index.php?rest_route=\/wp\/v2\/posts\/9216\/revisions"}],"predecessor-version":[{"id":9220,"href":"https:\/\/online.tvk-gaj.pl\/index.php?rest_route=\/wp\/v2\/posts\/9216\/revisions\/9220"}],"wp:featuredmedia":[{"embeddable":true,"href":"https:\/\/online.tvk-gaj.pl\/index.php?rest_route=\/wp\/v2\/media\/7667"}],"wp:attachment":[{"href":"https:\/\/online.tvk-gaj.pl\/index.php?rest_route=%2Fwp%2Fv2%2Fmedia&parent=9216"}],"wp:term":[{"taxonomy":"category","embeddable":true,"href":"https:\/\/online.tvk-gaj.pl\/index.php?rest_route=%2Fwp%2Fv2%2Fcategories&post=9216"},{"taxonomy":"post_tag","embeddable":true,"href":"https:\/\/online.tvk-gaj.pl\/index.php?rest_route=%2Fwp%2Fv2%2Ftags&post=9216"}],"curies":[{"name":"wp","href":"https:\/\/api.w.org\/{rel}","templated":true}]}}