{"id":9231,"date":"2017-07-11T21:23:39","date_gmt":"2017-07-11T19:23:39","guid":{"rendered":"http:\/\/www.tvk-gaj.pl\/~gajonline\/?p=9231"},"modified":"2017-07-11T21:26:39","modified_gmt":"2017-07-11T19:26:39","slug":"jest-juz-nowy-parking-na-orzechowej","status":"publish","type":"post","link":"https:\/\/online.tvk-gaj.pl\/?p=9231","title":{"rendered":"Jest ju\u017c nowy parking na Orzechowej"},"content":{"rendered":"<p>Z pocz\u0105tkiem wakacji uczniowie Gimnazjum Nr 25 oraz Szko\u0142y Podstawowej Nr 90 udali si\u0119 na zas\u0142u\u017cony odpoczynek, a rodzice&#8230;no w\u0142asnie, rodzice za\u015b otrzymali zupe\u0142nie nowy parking pod szko\u0142ami. <!--more--><\/p>\n<p>&nbsp;<\/p>\n<p>Do tej pory nauczyciele, pracownicy szko\u0142y, rodzice i okoliczni mieszka\u0144cy, aby zaparkowa\u0107 pod szko\u0142\u0105 musieli ton\u0105\u0107 w b\u0142ocie, kt\u00f3re szczeg\u00f3lnie wiosn\u0105 i jesieni\u0105 pojawia\u0142o si\u0119 na ziemistym terenie wzd\u0142u\u017c ulicy Orzechowej.&nbsp;<\/p>\n<p>&nbsp;<\/p>\n<p><a href=\"http:\/\/www.tvk-gaj.pl\/~gajonline\/wp-content\/uploads\/2017\/07\/2017-06-27-10.41.27.jpg\"><img loading=\"lazy\" decoding=\"async\" class=\"aligncenter size-large wp-image-9232\" src=\"http:\/\/www.tvk-gaj.pl\/~gajonline\/wp-content\/uploads\/2017\/07\/2017-06-27-10.41.27-1024x768.jpg\" alt=\"\" width=\"838\" height=\"629\" srcset=\"https:\/\/online.tvk-gaj.pl\/wp-content\/uploads\/2017\/07\/2017-06-27-10.41.27-1024x768.jpg 1024w, https:\/\/online.tvk-gaj.pl\/wp-content\/uploads\/2017\/07\/2017-06-27-10.41.27-300x225.jpg 300w, https:\/\/online.tvk-gaj.pl\/wp-content\/uploads\/2017\/07\/2017-06-27-10.41.27-768x576.jpg 768w\" sizes=\"auto, (max-width: 838px) 100vw, 838px\" \/><\/a><\/p>\n<p>&nbsp;<\/p>\n<p>Rada Osiedla Gaj od lat zabiega\u0142a o wybudowanie parkingu na tym terenie. Po konsultacjach z magistratem oraz spotkaniach z prezydentem Wroc\u0142awia Rafa\u0142em Dutkiewiczem uda\u0142o si\u0119 pozyska\u0107 od miasta niezb\u0119dne \u015brodki.<\/p>\n<p>&nbsp;<\/p>\n<p><a href=\"http:\/\/www.tvk-gaj.pl\/~gajonline\/wp-content\/uploads\/2017\/05\/2017-05-10-18.13.44.jpg\"><img loading=\"lazy\" decoding=\"async\" class=\"aligncenter size-large wp-image-9088\" src=\"http:\/\/www.tvk-gaj.pl\/~gajonline\/wp-content\/uploads\/2017\/05\/2017-05-10-18.13.44-1024x768.jpg\" alt=\"\" width=\"838\" height=\"629\" srcset=\"https:\/\/online.tvk-gaj.pl\/wp-content\/uploads\/2017\/05\/2017-05-10-18.13.44-1024x768.jpg 1024w, https:\/\/online.tvk-gaj.pl\/wp-content\/uploads\/2017\/05\/2017-05-10-18.13.44-300x225.jpg 300w, https:\/\/online.tvk-gaj.pl\/wp-content\/uploads\/2017\/05\/2017-05-10-18.13.44-768x576.jpg 768w\" sizes=\"auto, (max-width: 838px) 100vw, 838px\" \/><\/a><\/p>\n<p>&nbsp;<\/p>\n<p>Efektem tych dzia\u0142a\u0144 jest nowo oddany do u\u017cytku parking pod budynkami szk\u00f3\u0142 na ulicy Orzechowej.&nbsp;<\/p>\n<p>&nbsp;<\/p>\n<p><strong>GALERIA ZDJ\u0118\u0106&nbsp;<\/strong><\/p>\n<p>&nbsp;<\/p>\n<p>[ngg_images source=&#8221;galleries&#8221; container_ids=&#8221;90&#8243; display_type=&#8221;photocrati-nextgen_basic_thumbnails&#8221; override_thumbnail_settings=&#8221;0&#8243; thumbnail_width=&#8221;100&#8243; thumbnail_height=&#8221;75&#8243; thumbnail_crop=&#8221;1&#8243; images_per_page=&#8221;0&#8243; number_of_columns=&#8221;0&#8243; ajax_pagination=&#8221;0&#8243; show_all_in_lightbox=&#8221;0&#8243; use_imagebrowser_effect=&#8221;0&#8243; show_slideshow_link=&#8221;1&#8243; slideshow_link_text=&#8221;[Pokaz slajd\u00f3w]&#8221; order_by=&#8221;sortorder&#8221; order_direction=&#8221;ASC&#8221; returns=&#8221;included&#8221; maximum_entity_count=&#8221;500&#8243;]<\/p>\n<p>&nbsp;<\/p>\n<p>&nbsp;<\/p>\n","protected":false},"excerpt":{"rendered":"<p>Z pocz\u0105tkiem wakacji uczniowie Gimnazjum Nr 25 oraz Szko\u0142y Podstawowej Nr 90 udali si\u0119 na zas\u0142u\u017cony odpoczynek, a rodzice&#8230;no w\u0142asnie, rodzice za\u015b otrzymali zupe\u0142nie nowy parking pod szko\u0142ami.<\/p>\n","protected":false},"author":1,"featured_media":9232,"comment_status":"open","ping_status":"open","sticky":false,"template":"","format":"standard","meta":{"footnotes":""},"categories":[14,12],"tags":[218,879,157,878,135,789,273],"class_list":["post-9231","post","type-post","status-publish","format-standard","has-post-thumbnail","hentry","category-aktualnosci","category-artykuly","tag-orzechowa","tag-otwarcie-parkingu","tag-parking","tag-parkowanie-na-gaju","tag-rada-osiedla-gaj","tag-sp-90","tag-szkola"],"_links":{"self":[{"href":"https:\/\/online.tvk-gaj.pl\/index.php?rest_route=\/wp\/v2\/posts\/9231","targetHints":{"allow":["GET"]}}],"collection":[{"href":"https:\/\/online.tvk-gaj.pl\/index.php?rest_route=\/wp\/v2\/posts"}],"about":[{"href":"https:\/\/online.tvk-gaj.pl\/index.php?rest_route=\/wp\/v2\/types\/post"}],"author":[{"embeddable":true,"href":"https:\/\/online.tvk-gaj.pl\/index.php?rest_route=\/wp\/v2\/users\/1"}],"replies":[{"embeddable":true,"href":"https:\/\/online.tvk-gaj.pl\/index.php?rest_route=%2Fwp%2Fv2%2Fcomments&post=9231"}],"version-history":[{"count":4,"href":"https:\/\/online.tvk-gaj.pl\/index.php?rest_route=\/wp\/v2\/posts\/9231\/revisions"}],"predecessor-version":[{"id":9237,"href":"https:\/\/online.tvk-gaj.pl\/index.php?rest_route=\/wp\/v2\/posts\/9231\/revisions\/9237"}],"wp:featuredmedia":[{"embeddable":true,"href":"https:\/\/online.tvk-gaj.pl\/index.php?rest_route=\/wp\/v2\/media\/9232"}],"wp:attachment":[{"href":"https:\/\/online.tvk-gaj.pl\/index.php?rest_route=%2Fwp%2Fv2%2Fmedia&parent=9231"}],"wp:term":[{"taxonomy":"category","embeddable":true,"href":"https:\/\/online.tvk-gaj.pl\/index.php?rest_route=%2Fwp%2Fv2%2Fcategories&post=9231"},{"taxonomy":"post_tag","embeddable":true,"href":"https:\/\/online.tvk-gaj.pl\/index.php?rest_route=%2Fwp%2Fv2%2Ftags&post=9231"}],"curies":[{"name":"wp","href":"https:\/\/api.w.org\/{rel}","templated":true}]}}