{"id":9241,"date":"2017-07-31T21:59:32","date_gmt":"2017-07-31T19:59:32","guid":{"rendered":"http:\/\/www.tvk-gaj.pl\/~gajonline\/?p=9241"},"modified":"2017-07-31T21:59:32","modified_gmt":"2017-07-31T19:59:32","slug":"bezpieczniej-pod-szkola","status":"publish","type":"post","link":"https:\/\/online.tvk-gaj.pl\/?p=9241","title":{"rendered":"Bezpieczniej pod szko\u0142\u0105"},"content":{"rendered":"<p>Na ulicy Orzechowej, pod Szko\u0142\u0105 Podstawow\u0105 Nr 90, pojawi\u0142a si\u0119 zatoczka dla autobus\u00f3w, kt\u00f3re przywo\u017c\u0105 i odwo\u017c\u0105 dzieci ze szkolnych wycieczek. Do tej pory, aby autobus m\u00f3g\u0142 zatrzyma\u0107 si\u0119 pod szko\u0142\u0105 musia\u0142 zaj\u0105c pas jezdni ulicy Orzechowej. Dzi\u0119ki dzia\u0142aniom Rady Osiedla Gaj od nowego roku szkolnego dzieci i m\u0142odzie\u017c b\u0119d\u0105 mog\u0142y bezpiecznie porusza\u0107 si\u0119 w ruchu drogowym.<!--more--><\/p>\n<p>Proste rozwi\u0105zanie, a znacznie podnosi bezpiecze\u0144stwo. Dzi\u0119ki dzia\u0142aniom Rady Osiedla Gaj oraz mieszka\u0144c\u00f3w i rodzic\u00f3w dzieci szkolnych uda\u0142o si\u0119 wybudowa\u0107 zatok\u0119 dla autobus\u00f3w przewo\u017c\u0105cych dzieci ze Szko\u0142y Podstawowej Nr 90 przy ul. Orzechowej. &nbsp;<\/p>\n<p>&nbsp;<\/p>\n<p><a href=\"http:\/\/www.tvk-gaj.pl\/~gajonline\/wp-content\/uploads\/2017\/07\/2017-07-31-18.17.00-1.jpg\"><img loading=\"lazy\" decoding=\"async\" class=\"aligncenter size-large wp-image-9242\" src=\"http:\/\/www.tvk-gaj.pl\/~gajonline\/wp-content\/uploads\/2017\/07\/2017-07-31-18.17.00-1-768x1024.jpg\" alt=\"\" width=\"768\" height=\"1024\" srcset=\"https:\/\/online.tvk-gaj.pl\/wp-content\/uploads\/2017\/07\/2017-07-31-18.17.00-1-768x1024.jpg 768w, https:\/\/online.tvk-gaj.pl\/wp-content\/uploads\/2017\/07\/2017-07-31-18.17.00-1-225x300.jpg 225w\" sizes=\"auto, (max-width: 768px) 100vw, 768px\" \/><\/a><\/p>\n<p>&nbsp;<\/p>\n<p>Do tej pory, aby autobus m\u00f3g\u0142 zatrzyma\u0107 si\u0119 pod szko\u0142\u0105 musia\u0142 zaj\u0105c pas jezdni ulicy Orzechowej. Powodowa\u0142o to blokowanie ruchu, a omijanie autobusu przez kierowc\u00f3w (z cz\u0119stym korkowaniem si\u0119 samej drogi) w po\u0142\u0105czeniu z pieszymi b\u0119d\u0105cymi w pobli\u017cu tworzy\u0142o niebezpieczne po\u0142\u0105czenie.<\/p>\n<p>Wraz z pocz\u0105tkiem wakacji i oddaniem do u\u017cytku nowego parkingu pod szko\u0142\u0105 (o kt\u00f3rym pisali\u015bmy wcze\u015bniej) pojawi\u0142a si\u0119 zatoka dla autobus\u00f3w szkolnych. Teraz dzieci wsiadaj\u0105ce b\u0105d\u017a wysiadaj\u0105ce z autobus\u00f3w mog\u0105 bezpiecznie porusza\u0107 si\u0119 w obr\u0119bie zatoki.<\/p>\n<p>&nbsp;<\/p>\n<p><a href=\"http:\/\/www.tvk-gaj.pl\/~gajonline\/wp-content\/uploads\/2017\/07\/2017-06-27-10.41.27.jpg\"><img loading=\"lazy\" decoding=\"async\" class=\"aligncenter size-large wp-image-9232\" src=\"http:\/\/www.tvk-gaj.pl\/~gajonline\/wp-content\/uploads\/2017\/07\/2017-06-27-10.41.27-1024x768.jpg\" alt=\"\" width=\"838\" height=\"629\" srcset=\"https:\/\/online.tvk-gaj.pl\/wp-content\/uploads\/2017\/07\/2017-06-27-10.41.27-1024x768.jpg 1024w, https:\/\/online.tvk-gaj.pl\/wp-content\/uploads\/2017\/07\/2017-06-27-10.41.27-300x225.jpg 300w, https:\/\/online.tvk-gaj.pl\/wp-content\/uploads\/2017\/07\/2017-06-27-10.41.27-768x576.jpg 768w\" sizes=\"auto, (max-width: 838px) 100vw, 838px\" \/><\/a><\/p>\n<p>&nbsp;<\/p>\n<p>To proste rozwi\u0105zanie ma spory wp\u0142yw na bezpiecze\u0144stwo w ruchu drogowym pod szko\u0142\u0105. Powi\u0105zane jest to r\u00f3wnie\u017c z zesz\u0142orocznym monta\u017cem dodatkowych prog\u00f3w zwalniaj\u0105cych na ul. Orzechowej oraz tegoroczn\u0105 budow\u0105 nowych miejsc postojowych pod szko\u0142\u0105.<\/p>\n<p>&nbsp;<\/p>\n<p>&nbsp;<\/p>\n<p>&nbsp;<\/p>\n","protected":false},"excerpt":{"rendered":"<p>Na ulicy Orzechowej, pod Szko\u0142\u0105 Podstawow\u0105 Nr 90, pojawi\u0142a si\u0119 zatoczka dla autobus\u00f3w, kt\u00f3re przywo\u017c\u0105 i odwo\u017c\u0105 dzieci ze szkolnych wycieczek. Do tej pory, aby autobus m\u00f3g\u0142 zatrzyma\u0107 si\u0119 pod szko\u0142\u0105 musia\u0142 zaj\u0105c pas jezdni ulicy Orzechowej. Dzi\u0119ki dzia\u0142aniom Rady Osiedla Gaj od nowego roku szkolnego dzieci i m\u0142odzie\u017c b\u0119d\u0105 mog\u0142y bezpiecznie porusza\u0107 si\u0119 w [&hellip;]<\/p>\n","protected":false},"author":1,"featured_media":9242,"comment_status":"open","ping_status":"open","sticky":false,"template":"","format":"standard","meta":{"footnotes":""},"categories":[14],"tags":[415,312,400,112,218,135,273,120,864,880,881],"class_list":["post-9241","post","type-post","status-publish","format-standard","has-post-thumbnail","hentry","category-aktualnosci","tag-autobusy","tag-droga","tag-dzieci","tag-gaj","tag-orzechowa","tag-rada-osiedla-gaj","tag-szkola","tag-szkola-podstawowa-nr-90","tag-ulica","tag-zatoka","tag-zatoka-autobusowa"],"_links":{"self":[{"href":"https:\/\/online.tvk-gaj.pl\/index.php?rest_route=\/wp\/v2\/posts\/9241","targetHints":{"allow":["GET"]}}],"collection":[{"href":"https:\/\/online.tvk-gaj.pl\/index.php?rest_route=\/wp\/v2\/posts"}],"about":[{"href":"https:\/\/online.tvk-gaj.pl\/index.php?rest_route=\/wp\/v2\/types\/post"}],"author":[{"embeddable":true,"href":"https:\/\/online.tvk-gaj.pl\/index.php?rest_route=\/wp\/v2\/users\/1"}],"replies":[{"embeddable":true,"href":"https:\/\/online.tvk-gaj.pl\/index.php?rest_route=%2Fwp%2Fv2%2Fcomments&post=9241"}],"version-history":[{"count":1,"href":"https:\/\/online.tvk-gaj.pl\/index.php?rest_route=\/wp\/v2\/posts\/9241\/revisions"}],"predecessor-version":[{"id":9243,"href":"https:\/\/online.tvk-gaj.pl\/index.php?rest_route=\/wp\/v2\/posts\/9241\/revisions\/9243"}],"wp:featuredmedia":[{"embeddable":true,"href":"https:\/\/online.tvk-gaj.pl\/index.php?rest_route=\/wp\/v2\/media\/9242"}],"wp:attachment":[{"href":"https:\/\/online.tvk-gaj.pl\/index.php?rest_route=%2Fwp%2Fv2%2Fmedia&parent=9241"}],"wp:term":[{"taxonomy":"category","embeddable":true,"href":"https:\/\/online.tvk-gaj.pl\/index.php?rest_route=%2Fwp%2Fv2%2Fcategories&post=9241"},{"taxonomy":"post_tag","embeddable":true,"href":"https:\/\/online.tvk-gaj.pl\/index.php?rest_route=%2Fwp%2Fv2%2Ftags&post=9241"}],"curies":[{"name":"wp","href":"https:\/\/api.w.org\/{rel}","templated":true}]}}