{"id":9248,"date":"2017-08-10T16:40:15","date_gmt":"2017-08-10T14:40:15","guid":{"rendered":"http:\/\/www.tvk-gaj.pl\/~gajonline\/?p=9248"},"modified":"2017-10-01T13:23:39","modified_gmt":"2017-10-01T11:23:39","slug":"ulica-wandy-rutkiewicz-bedzie-dluzsza","status":"publish","type":"post","link":"https:\/\/online.tvk-gaj.pl\/?p=9248","title":{"rendered":"Ulica Wandy Rutkiewicz b\u0119dzie d\u0142u\u017csza"},"content":{"rendered":"<p>Zgodnie z planem osiedlowych inwestycji ruszy\u0142a przebudowa ci\u0105gu ulicy Wandy Rutkiewicz. Do ko\u0144ca wakacji ulica b\u0119dzie przejezdna w ca\u0142o\u015bci.&nbsp;<!--more--><\/p>\n<p>&nbsp;<\/p>\n<p>Taka rozbudowa ci\u0105gu drogowego ulicy Rutkiewicz pozwoli kierowcom przejecha\u0107 od ul. Borowskiej (poprzez ul. Kukuczki) do ulicy Stro\u0144skiej (b\u0105d\u017a alternatywnie do ul. \u015awieradowskiej). Obecnie brakuje ok. 100 metr\u00f3w jezdni na wysoko\u015bci ul. Pirenejskiej.&nbsp;<\/p>\n<p>Przed\u0142u\u017cenie Rutkiewicz powinno r\u00f3wnie\u017c pozytywnie wp\u0142yn\u0105\u0107 na komfort komunikacyjny w rejonie. Do tej pory aby dojecha\u0107 do odpowiednich numer\u00f3w trzeba by\u0142o wybiera\u0107 albo wjazd od ul. Borowskiej albo ul. Stro\u0144skiej\/\u015awieradowskiej.&nbsp;<\/p>\n<p>&nbsp;<\/p>\n<blockquote><p>Rada Osiedla Gaj popar\u0142a projekt przebudowy dr\u00f3g. Jak m\u00f3wi Adam Wojtaszewski \u2013 przewodnicz\u0105cy Rady \u2013 \u201epowstanie nowych dr\u00f3g w tym rejonie powinno korzystnie wp\u0142yn\u0105\u0107 na roz\u0142adowanie kork\u00f3w oraz skr\u00f3cenie czasu dojazdu do nowej szko\u0142y oraz mieszka\u0144, kt\u00f3rych w tym rejonie ca\u0142y czas przybywa\u201d.&nbsp;<\/p>\n<p>&nbsp;<\/p><\/blockquote>\n<p><a href=\"http:\/\/www.tvk-gaj.pl\/~gajonline\/wp-content\/uploads\/2017\/08\/20170810_133515.jpg\"><img loading=\"lazy\" decoding=\"async\" class=\"aligncenter size-large wp-image-9250\" src=\"http:\/\/www.tvk-gaj.pl\/~gajonline\/wp-content\/uploads\/2017\/08\/20170810_133515-1024x768.jpg\" alt=\"\" width=\"838\" height=\"629\" srcset=\"https:\/\/online.tvk-gaj.pl\/wp-content\/uploads\/2017\/08\/20170810_133515-1024x768.jpg 1024w, https:\/\/online.tvk-gaj.pl\/wp-content\/uploads\/2017\/08\/20170810_133515-300x225.jpg 300w, https:\/\/online.tvk-gaj.pl\/wp-content\/uploads\/2017\/08\/20170810_133515-768x576.jpg 768w\" sizes=\"auto, (max-width: 838px) 100vw, 838px\" \/><\/a><\/p>\n<p>&nbsp;<\/p>\n<p><a href=\"http:\/\/www.tvk-gaj.pl\/~gajonline\/wp-content\/uploads\/2017\/08\/20170810_133457.jpg\"><img loading=\"lazy\" decoding=\"async\" class=\"aligncenter size-large wp-image-9251\" src=\"http:\/\/www.tvk-gaj.pl\/~gajonline\/wp-content\/uploads\/2017\/08\/20170810_133457-1024x768.jpg\" alt=\"\" width=\"838\" height=\"629\" srcset=\"https:\/\/online.tvk-gaj.pl\/wp-content\/uploads\/2017\/08\/20170810_133457-1024x768.jpg 1024w, https:\/\/online.tvk-gaj.pl\/wp-content\/uploads\/2017\/08\/20170810_133457-300x225.jpg 300w, https:\/\/online.tvk-gaj.pl\/wp-content\/uploads\/2017\/08\/20170810_133457-768x576.jpg 768w\" sizes=\"auto, (max-width: 838px) 100vw, 838px\" \/><\/a><\/p>\n<p>&nbsp;<\/p>\n<p><a href=\"http:\/\/www.tvk-gaj.pl\/~gajonline\/wp-content\/uploads\/2017\/08\/20170810_133507.jpg\"><img loading=\"lazy\" decoding=\"async\" class=\"aligncenter size-large wp-image-9252\" src=\"http:\/\/www.tvk-gaj.pl\/~gajonline\/wp-content\/uploads\/2017\/08\/20170810_133507-1024x768.jpg\" alt=\"\" width=\"838\" height=\"629\" srcset=\"https:\/\/online.tvk-gaj.pl\/wp-content\/uploads\/2017\/08\/20170810_133507-1024x768.jpg 1024w, https:\/\/online.tvk-gaj.pl\/wp-content\/uploads\/2017\/08\/20170810_133507-300x225.jpg 300w, https:\/\/online.tvk-gaj.pl\/wp-content\/uploads\/2017\/08\/20170810_133507-768x576.jpg 768w\" sizes=\"auto, (max-width: 838px) 100vw, 838px\" \/><\/a><\/p>\n<p>&nbsp;<\/p>\n<p>Wykonawc\u0105 jest firma Bickhardt Bau. Droga powinna zosta\u0107 oddana do u\u017cytku do ko\u0144ca 3 kwarta\u0142u tego roku, czyli wrze\u015bnia.&nbsp;<\/p>\n<p>&nbsp;<\/p>\n<p>&nbsp;<\/p>\n","protected":false},"excerpt":{"rendered":"<p>Zgodnie z planem osiedlowych inwestycji ruszy\u0142a przebudowa ci\u0105gu ulicy Wandy Rutkiewicz. Do ko\u0144ca wakacji ulica b\u0119dzie przejezdna w ca\u0142o\u015bci.&nbsp;<\/p>\n","protected":false},"author":1,"featured_media":9249,"comment_status":"open","ping_status":"open","sticky":false,"template":"","format":"standard","meta":{"footnotes":""},"categories":[14],"tags":[312,153,838,135,813,882],"class_list":["post-9248","post","type-post","status-publish","format-standard","has-post-thumbnail","hentry","category-aktualnosci","tag-droga","tag-inwestycje","tag-nowa-droga","tag-rada-osiedla-gaj","tag-rutkiewicz","tag-ulica-wandy-rutkiewicz"],"_links":{"self":[{"href":"https:\/\/online.tvk-gaj.pl\/index.php?rest_route=\/wp\/v2\/posts\/9248","targetHints":{"allow":["GET"]}}],"collection":[{"href":"https:\/\/online.tvk-gaj.pl\/index.php?rest_route=\/wp\/v2\/posts"}],"about":[{"href":"https:\/\/online.tvk-gaj.pl\/index.php?rest_route=\/wp\/v2\/types\/post"}],"author":[{"embeddable":true,"href":"https:\/\/online.tvk-gaj.pl\/index.php?rest_route=\/wp\/v2\/users\/1"}],"replies":[{"embeddable":true,"href":"https:\/\/online.tvk-gaj.pl\/index.php?rest_route=%2Fwp%2Fv2%2Fcomments&post=9248"}],"version-history":[{"count":5,"href":"https:\/\/online.tvk-gaj.pl\/index.php?rest_route=\/wp\/v2\/posts\/9248\/revisions"}],"predecessor-version":[{"id":9262,"href":"https:\/\/online.tvk-gaj.pl\/index.php?rest_route=\/wp\/v2\/posts\/9248\/revisions\/9262"}],"wp:featuredmedia":[{"embeddable":true,"href":"https:\/\/online.tvk-gaj.pl\/index.php?rest_route=\/wp\/v2\/media\/9249"}],"wp:attachment":[{"href":"https:\/\/online.tvk-gaj.pl\/index.php?rest_route=%2Fwp%2Fv2%2Fmedia&parent=9248"}],"wp:term":[{"taxonomy":"category","embeddable":true,"href":"https:\/\/online.tvk-gaj.pl\/index.php?rest_route=%2Fwp%2Fv2%2Fcategories&post=9248"},{"taxonomy":"post_tag","embeddable":true,"href":"https:\/\/online.tvk-gaj.pl\/index.php?rest_route=%2Fwp%2Fv2%2Ftags&post=9248"}],"curies":[{"name":"wp","href":"https:\/\/api.w.org\/{rel}","templated":true}]}}