{"id":9264,"date":"2017-08-29T22:09:32","date_gmt":"2017-08-29T20:09:32","guid":{"rendered":"http:\/\/www.tvk-gaj.pl\/~gajonline\/?p=9264"},"modified":"2017-08-29T22:11:59","modified_gmt":"2017-08-29T20:11:59","slug":"niebezpieczna-swieradowska","status":"publish","type":"post","link":"https:\/\/online.tvk-gaj.pl\/?p=9264","title":{"rendered":"(Nie)bezpieczna \u015awieradowska?"},"content":{"rendered":"<p>Pod koniec pa\u017adziernika 2013r. m\u0119\u017cczyzna jad\u0105cy na rowerze zgin\u0105\u0142 pod ko\u0142ami tramwaju na przej\u015bciu dla pieszych przy ul. \u015awieradowskiej (przej\u015bcie przy skrzy\u017cowaniu z ulic\u0105 Pi\u0142awsk\u0105). Rok p\u00f3\u017aniej, w 2014r., na wniosek m.in. Rady Osiedla Gaj przy przej\u015bciu przez torowisko pojawiaj\u0105 si\u0119 specjalne zapory maj\u0105ce na celu spowolni\u0107 ruch pieszych i tym samym poprawi\u0107 stan bezpiecze\u0144stwa. W sierpniu 2017r. dochodzi do kolejnego wypadku z udzia\u0142em pieszego i tramwaju w tym samym miejscu.&nbsp;<!--more--><\/p>\n<p>Wraz z pojawieniem si\u0119 linii tramwajowej przy ul. \u015awieradowskiej znacz\u0105co poprawi\u0142 si\u0119 komfort podr\u00f3\u017cowania komunikacj\u0105 zbiorow\u0105 dla osiedla. Niestety wraz z tym udogodnieniem pojawi\u0142o si\u0119 zagro\u017cenie w postaci bezpiecze\u0144stwa niechronionych uczestnik\u00f3w ruchu drogowego, a wi\u0119c pieszych i rowerzyst\u00f3w. W przeci\u0105gu 6 lat funkcjonowania linii dosz\u0142o do dw\u00f3ch tragicznych wypadk\u00f3w (oba mia\u0142y miejsce na przej\u015bciu dla pieszych na wysoko\u015bci skrzy\u017cowania si\u0119 ulic \u015awieradowskiej i Pi\u0142awskiej). &nbsp;<\/p>\n<p>&nbsp;<\/p>\n<p><a href=\"http:\/\/www.tvk-gaj.pl\/~gajonline\/wp-content\/uploads\/2014\/02\/5231621.jpg\"><img loading=\"lazy\" decoding=\"async\" class=\"aligncenter wp-image-2150\" src=\"http:\/\/www.tvk-gaj.pl\/~gajonline\/wp-content\/uploads\/2014\/02\/5231621.jpg\" alt=\"\" width=\"838\" height=\"629\" srcset=\"https:\/\/online.tvk-gaj.pl\/wp-content\/uploads\/2014\/02\/5231621.jpg 960w, https:\/\/online.tvk-gaj.pl\/wp-content\/uploads\/2014\/02\/5231621-300x225.jpg 300w\" sizes=\"auto, (max-width: 838px) 100vw, 838px\" \/><\/a><\/p>\n<p>&nbsp;<\/p>\n<p>Pod koniec pa\u017adziernika 2013r. m\u0119\u017cczyzna jad\u0105cy na rowerze zgin\u0105\u0142 pod ko\u0142ami tramwaju na przej\u015bciu dla pieszych przy ul. \u015awieradowskiej (przej\u015bcie przy skrzy\u017cowaniu z ulic\u0105 Pi\u0142awsk\u0105). O tragicznym wypadku pisali\u015bmy&nbsp;<a title=\"Wypadek na \u015awieradowskiej: rowerzysta wpad\u0142 pod rozp\u0119dzony tramwaj\" href=\"http:\/\/www.tvk-gaj.pl\/~gajonline\/?p=1685\">na stronie<\/a>. Wydarzenie to sk\u0142oni\u0142o do dyskusji na temat bezpiecze\u0144stwa pieszych w ruchu drogowym w obr\u0119bie osiedla. Przewodnicz\u0105cy Rady Osiedla Gaj wraz z Przewodnicz\u0105cym Komisji Bezpiecze\u0144stwa i Porz\u0105dku Publicznego zwo\u0142ali w pa\u017adzierniku b.r. nadzwyczajne posiedzenie Rady, dotycz\u0105ce bezpiecze\u0144stwa w ruchu pieszym i samochodowym w obr\u0119bie Gaju.&nbsp;&nbsp;Pojawili si\u0119 na nim Radni osiedla, Radna Rady Miejskiej Wroc\u0142awia, przedstawiciele Urz\u0119du Miasta oraz Policji.<\/p>\n<p>W 2014r. na wniosek m.in. Rady Osiedla Gaj ZDiUM zainstalowa\u0142 przy w\/w przej\u015bciu specjalne barierki, kt\u00f3re mia\u0142y za zadanie spowolni\u0107 ruch pieszych korzystaj\u0105cych z przej\u015bcia przez torowisko, a docelowo poprawi\u0107 ich bezpiecze\u0144stwo.&nbsp;<\/p>\n<p>Niestety w sierpniu tego roku dosz\u0142o do kolejnego wypadku na przej\u015bciu. Przej\u015bciu, kt\u00f3re jest poprawnie i wyra\u017anie oznakowane oraz zabezpieczone barierami ochronnymi. W opozycji dla takiego stanu rzeczy pojawiaj\u0105 si\u0119 g\u0142osy m\u00f3wi\u0105ce o tym, \u017ce tramwaje poruszaj\u0105 si\u0119 za szybko i zbyt cicho.<\/p>\n<p>Na naszym facebook&#8217;owym profilu wywi\u0105za\u0142a si\u0119 dyskusja na temat bezpiecze\u0144stwa przy tym przeje\u017adzie.&nbsp;<\/p>\n<p>R\u00f3wnie\u017c Rada Osiedla postanowi\u0142a poruszy\u0107 temat na sierpniowej sesji osiedla.&nbsp;<\/p>\n<p>Wkr\u00f3tce ma zosta\u0107 podj\u0119ta decyzja o programie dla zwi\u0119kszenia bezpiecze\u0144stwa w rejonie torowiska przy ul. \u015awieradowskiej.<\/p>\n<p>&nbsp;<\/p>\n<p><strong>KR\u00d3TKA HISTORIA ZDARZE\u0143 PRZY TOROWISKU NA UL. \u015aWIERADOWSKIEJ&nbsp;<\/strong><\/p>\n<p><span style=\"text-decoration: underline;\">Rok 2011 &#8211; otwarcie linii tramwajowej na Gaj, od ulicy Bardzkiej do p\u0119tli przy \u015awieradowskiej.&nbsp;<\/span><\/p>\n<p><a href=\"http:\/\/www.tvk-gaj.pl\/~gajonline\/wp-content\/uploads\/2014\/02\/5231621.jpg\"><br \/>\n<img loading=\"lazy\" decoding=\"async\" class=\"aligncenter wp-image-2150\" src=\"http:\/\/www.tvk-gaj.pl\/~gajonline\/wp-content\/uploads\/2014\/02\/5231621.jpg\" alt=\"\" width=\"838\" height=\"629\" srcset=\"https:\/\/online.tvk-gaj.pl\/wp-content\/uploads\/2014\/02\/5231621.jpg 960w, https:\/\/online.tvk-gaj.pl\/wp-content\/uploads\/2014\/02\/5231621-300x225.jpg 300w\" sizes=\"auto, (max-width: 838px) 100vw, 838px\" \/><\/a><\/p>\n<p><span style=\"text-decoration: underline;\">Rok 2013 &#8211; przy przej\u015bciu przez torowisko nieopodal skrzy\u017cowania \u015awieradowska\/Pi\u0142awska ginie rowerzysta&nbsp;<\/span><\/p>\n<p>&nbsp;<\/p>\n<p><img loading=\"lazy\" decoding=\"async\" class=\"aligncenter size-large wp-image-1689\" src=\"http:\/\/www.tvk-gaj.pl\/~gajonline\/wp-content\/uploads\/2013\/10\/231020130731-1024x574.jpg\" alt=\"\" width=\"838\" height=\"470\" srcset=\"https:\/\/online.tvk-gaj.pl\/wp-content\/uploads\/2013\/10\/231020130731-1024x574.jpg 1024w, https:\/\/online.tvk-gaj.pl\/wp-content\/uploads\/2013\/10\/231020130731-300x168.jpg 300w, https:\/\/online.tvk-gaj.pl\/wp-content\/uploads\/2013\/10\/231020130731.jpg 1697w\" sizes=\"auto, (max-width: 838px) 100vw, 838px\" \/><\/p>\n<p><span style=\"text-decoration: underline;\">Rok 2014 &#8211; na wniosek Rady Osiedla Gaj przy przej\u015bciu przez torowisko pojawiaj\u0105 si\u0119 zapory<\/span><\/p>\n<p>&nbsp;<\/p>\n<p><a href=\"http:\/\/www.tvk-gaj.pl\/~gajonline\/wp-content\/uploads\/2014\/01\/2014-01-04-15.34.24.jpg\"><img loading=\"lazy\" decoding=\"async\" class=\"aligncenter size-large wp-image-2039\" src=\"http:\/\/www.tvk-gaj.pl\/~gajonline\/wp-content\/uploads\/2014\/01\/2014-01-04-15.34.24-1024x575.jpg\" alt=\"\" width=\"838\" height=\"471\" srcset=\"https:\/\/online.tvk-gaj.pl\/wp-content\/uploads\/2014\/01\/2014-01-04-15.34.24-1024x575.jpg 1024w, https:\/\/online.tvk-gaj.pl\/wp-content\/uploads\/2014\/01\/2014-01-04-15.34.24-300x168.jpg 300w, https:\/\/online.tvk-gaj.pl\/wp-content\/uploads\/2014\/01\/2014-01-04-15.34.24.jpg 1874w\" sizes=\"auto, (max-width: 838px) 100vw, 838px\" \/><\/a><\/p>\n<p><span style=\"text-decoration: underline;\">Rok 2017 &#8211; w tym samym miejscu dochodzi do kolejnego wypadku z udzia\u0142em osoby pieszej i tramwaju.<\/span><\/p>\n<p>&nbsp;<\/p>\n<p><a href=\"http:\/\/www.tvk-gaj.pl\/~gajonline\/wp-content\/uploads\/2017\/08\/20819456_1593176384046550_4599874815100543354_o.jpg\"><img loading=\"lazy\" decoding=\"async\" class=\"aligncenter size-large wp-image-9266\" src=\"http:\/\/www.tvk-gaj.pl\/~gajonline\/wp-content\/uploads\/2017\/08\/20819456_1593176384046550_4599874815100543354_o-1024x768.jpg\" alt=\"\" width=\"838\" height=\"629\" srcset=\"https:\/\/online.tvk-gaj.pl\/wp-content\/uploads\/2017\/08\/20819456_1593176384046550_4599874815100543354_o-1024x768.jpg 1024w, https:\/\/online.tvk-gaj.pl\/wp-content\/uploads\/2017\/08\/20819456_1593176384046550_4599874815100543354_o-300x225.jpg 300w, https:\/\/online.tvk-gaj.pl\/wp-content\/uploads\/2017\/08\/20819456_1593176384046550_4599874815100543354_o-768x576.jpg 768w, https:\/\/online.tvk-gaj.pl\/wp-content\/uploads\/2017\/08\/20819456_1593176384046550_4599874815100543354_o.jpg 2048w\" sizes=\"auto, (max-width: 838px) 100vw, 838px\" \/><\/a><\/p>\n<p>&nbsp;<\/p>\n<p>&nbsp;<\/p>\n<p>&nbsp;<\/p>\n<p><strong>W zwi\u0105zku z prowadzon\u0105 dyskusj\u0105 na temat przej\u015b\u0107 dla pieszych przy torowisku tramwajowym na \u015awieradowskiej jeste\u015bmy ciekawi Waszej opinii na ten temat. Piszcie co Waszym zdaniem powinno si\u0119 zmieni\u0107, tak aby mo\u017cliwie jak najskuteczniej zapobiec podobnym zdarzeniem w przysz\u0142o\u015bci!<\/strong><\/p>\n<p>&nbsp;<\/p>\n<p>&nbsp;<\/p>\n","protected":false},"excerpt":{"rendered":"<p>Pod koniec pa\u017adziernika 2013r. m\u0119\u017cczyzna jad\u0105cy na rowerze zgin\u0105\u0142 pod ko\u0142ami tramwaju na przej\u015bciu dla pieszych przy ul. \u015awieradowskiej (przej\u015bcie przy skrzy\u017cowaniu z ulic\u0105 Pi\u0142awsk\u0105). Rok p\u00f3\u017aniej, w 2014r., na wniosek m.in. Rady Osiedla Gaj przy przej\u015bciu przez torowisko pojawiaj\u0105 si\u0119 specjalne zapory maj\u0105ce na celu spowolni\u0107 ruch pieszych i tym samym poprawi\u0107 stan bezpiecze\u0144stwa. [&hellip;]<\/p>\n","protected":false},"author":1,"featured_media":9266,"comment_status":"open","ping_status":"open","sticky":false,"template":"","format":"standard","meta":{"footnotes":""},"categories":[14,12],"tags":[147,156,886,117,231,116],"class_list":["post-9264","post","type-post","status-publish","format-standard","has-post-thumbnail","hentry","category-aktualnosci","category-artykuly","tag-bezpieczenstwo","tag-mpk","tag-potracenie","tag-swieradowska","tag-tramwaj","tag-wypadek"],"_links":{"self":[{"href":"https:\/\/online.tvk-gaj.pl\/index.php?rest_route=\/wp\/v2\/posts\/9264","targetHints":{"allow":["GET"]}}],"collection":[{"href":"https:\/\/online.tvk-gaj.pl\/index.php?rest_route=\/wp\/v2\/posts"}],"about":[{"href":"https:\/\/online.tvk-gaj.pl\/index.php?rest_route=\/wp\/v2\/types\/post"}],"author":[{"embeddable":true,"href":"https:\/\/online.tvk-gaj.pl\/index.php?rest_route=\/wp\/v2\/users\/1"}],"replies":[{"embeddable":true,"href":"https:\/\/online.tvk-gaj.pl\/index.php?rest_route=%2Fwp%2Fv2%2Fcomments&post=9264"}],"version-history":[{"count":3,"href":"https:\/\/online.tvk-gaj.pl\/index.php?rest_route=\/wp\/v2\/posts\/9264\/revisions"}],"predecessor-version":[{"id":9269,"href":"https:\/\/online.tvk-gaj.pl\/index.php?rest_route=\/wp\/v2\/posts\/9264\/revisions\/9269"}],"wp:featuredmedia":[{"embeddable":true,"href":"https:\/\/online.tvk-gaj.pl\/index.php?rest_route=\/wp\/v2\/media\/9266"}],"wp:attachment":[{"href":"https:\/\/online.tvk-gaj.pl\/index.php?rest_route=%2Fwp%2Fv2%2Fmedia&parent=9264"}],"wp:term":[{"taxonomy":"category","embeddable":true,"href":"https:\/\/online.tvk-gaj.pl\/index.php?rest_route=%2Fwp%2Fv2%2Fcategories&post=9264"},{"taxonomy":"post_tag","embeddable":true,"href":"https:\/\/online.tvk-gaj.pl\/index.php?rest_route=%2Fwp%2Fv2%2Ftags&post=9264"}],"curies":[{"name":"wp","href":"https:\/\/api.w.org\/{rel}","templated":true}]}}