{"id":9270,"date":"2017-09-11T21:58:13","date_gmt":"2017-09-11T19:58:13","guid":{"rendered":"http:\/\/www.tvk-gaj.pl\/~gajonline\/?p=9270"},"modified":"2017-10-01T13:24:02","modified_gmt":"2017-10-01T11:24:02","slug":"ulica-wandy-rutkiewicz-po-latach-oczekiwania-w-pelni-przejezdna","status":"publish","type":"post","link":"https:\/\/online.tvk-gaj.pl\/?p=9270","title":{"rendered":"Ulica Wandy Rutkiewicz po latach oczekiwania w pe\u0142ni przejezdna!"},"content":{"rendered":"<p>Zgodnie z obietnicami z pocz\u0105tkiem wrze\u015bnia otwarty do ruchu zosta\u0142 \u0142\u0105cznik ulicy Wandy Rutkiewicz. Na t\u0119 chwil\u0119 mieszka\u0144cy okolicznych ulic czekali od lat!<!--more--><\/p>\n<p>&nbsp;<\/p>\n<p><a href=\"http:\/\/www.tvk-gaj.pl\/~gajonline\/wp-content\/uploads\/2017\/09\/2017-09-11-14.48.21.jpg\"><img loading=\"lazy\" decoding=\"async\" class=\"aligncenter size-large wp-image-9271\" src=\"http:\/\/www.tvk-gaj.pl\/~gajonline\/wp-content\/uploads\/2017\/09\/2017-09-11-14.48.21-1024x768.jpg\" alt=\"\" width=\"838\" height=\"629\" srcset=\"https:\/\/online.tvk-gaj.pl\/wp-content\/uploads\/2017\/09\/2017-09-11-14.48.21-1024x768.jpg 1024w, https:\/\/online.tvk-gaj.pl\/wp-content\/uploads\/2017\/09\/2017-09-11-14.48.21-300x225.jpg 300w, https:\/\/online.tvk-gaj.pl\/wp-content\/uploads\/2017\/09\/2017-09-11-14.48.21-768x576.jpg 768w\" sizes=\"auto, (max-width: 838px) 100vw, 838px\" \/><\/a><\/p>\n<p>&nbsp;<\/p>\n<p>Taka rozbudowa ci\u0105gu drogowego ulicy Rutkiewicz pozwoli kierowcom przejecha\u0107 od ul. Stro\u0144skiej do Himalajskiej (a dalej a\u017c do Borowskiej). Do tej pory brakowa\u0142o ok. 100 metr\u00f3w jezdni na wysoko\u015bci ul. Pirenejskiej.&nbsp;<\/p>\n<p>&nbsp;<\/p>\n<p><a href=\"http:\/\/www.tvk-gaj.pl\/~gajonline\/wp-content\/uploads\/2017\/09\/2017-09-11-14.48.09.jpg\"><img loading=\"lazy\" decoding=\"async\" class=\"aligncenter size-large wp-image-9272\" src=\"http:\/\/www.tvk-gaj.pl\/~gajonline\/wp-content\/uploads\/2017\/09\/2017-09-11-14.48.09-1024x768.jpg\" alt=\"\" width=\"838\" height=\"629\" srcset=\"https:\/\/online.tvk-gaj.pl\/wp-content\/uploads\/2017\/09\/2017-09-11-14.48.09-1024x768.jpg 1024w, https:\/\/online.tvk-gaj.pl\/wp-content\/uploads\/2017\/09\/2017-09-11-14.48.09-300x225.jpg 300w, https:\/\/online.tvk-gaj.pl\/wp-content\/uploads\/2017\/09\/2017-09-11-14.48.09-768x576.jpg 768w\" sizes=\"auto, (max-width: 838px) 100vw, 838px\" \/><\/a><\/p>\n<p>&nbsp;<\/p>\n<p>Wykonawc\u0105 inwestycji zleconej przez Miasto Wroc\u0142aw&nbsp; jest firma Bickhardt Bau.&nbsp;<\/p>\n<p>&nbsp;<\/p>\n<p><a href=\"http:\/\/www.tvk-gaj.pl\/~gajonline\/wp-content\/uploads\/2017\/09\/2017-09-11-14.48.16.jpg\"><img loading=\"lazy\" decoding=\"async\" class=\"aligncenter size-large wp-image-9273\" src=\"http:\/\/www.tvk-gaj.pl\/~gajonline\/wp-content\/uploads\/2017\/09\/2017-09-11-14.48.16-1024x768.jpg\" alt=\"\" width=\"838\" height=\"629\" srcset=\"https:\/\/online.tvk-gaj.pl\/wp-content\/uploads\/2017\/09\/2017-09-11-14.48.16-1024x768.jpg 1024w, https:\/\/online.tvk-gaj.pl\/wp-content\/uploads\/2017\/09\/2017-09-11-14.48.16-300x225.jpg 300w, https:\/\/online.tvk-gaj.pl\/wp-content\/uploads\/2017\/09\/2017-09-11-14.48.16-768x576.jpg 768w\" sizes=\"auto, (max-width: 838px) 100vw, 838px\" \/><\/a><\/p>\n<p>&nbsp;<\/p>\n<p>Obecnie trwaj\u0105 ko\u0144cowe prace zwi\u0105zane z nasadzeniem zieleni. Do ko\u0144ca wrze\u015bnia inwestycja ma zosta\u0107 w pe\u0142ni zako\u0144czona.&nbsp;<\/p>\n<p>&nbsp;<\/p>\n<p>&nbsp;<\/p>\n","protected":false},"excerpt":{"rendered":"<p>Zgodnie z obietnicami z pocz\u0105tkiem wrze\u015bnia otwarty do ruchu zosta\u0142 \u0142\u0105cznik ulicy Wandy Rutkiewicz. Na t\u0119 chwil\u0119 mieszka\u0144cy okolicznych ulic czekali od lat!<\/p>\n","protected":false},"author":1,"featured_media":9271,"comment_status":"open","ping_status":"open","sticky":false,"template":"","format":"standard","meta":{"footnotes":""},"categories":[14,12],"tags":[160,112,888,813,864,887],"class_list":["post-9270","post","type-post","status-publish","format-standard","has-post-thumbnail","hentry","category-aktualnosci","category-artykuly","tag-drogi","tag-gaj","tag-przejazd","tag-rutkiewicz","tag-ulica","tag-wandy-rutkiewicz"],"_links":{"self":[{"href":"https:\/\/online.tvk-gaj.pl\/index.php?rest_route=\/wp\/v2\/posts\/9270","targetHints":{"allow":["GET"]}}],"collection":[{"href":"https:\/\/online.tvk-gaj.pl\/index.php?rest_route=\/wp\/v2\/posts"}],"about":[{"href":"https:\/\/online.tvk-gaj.pl\/index.php?rest_route=\/wp\/v2\/types\/post"}],"author":[{"embeddable":true,"href":"https:\/\/online.tvk-gaj.pl\/index.php?rest_route=\/wp\/v2\/users\/1"}],"replies":[{"embeddable":true,"href":"https:\/\/online.tvk-gaj.pl\/index.php?rest_route=%2Fwp%2Fv2%2Fcomments&post=9270"}],"version-history":[{"count":1,"href":"https:\/\/online.tvk-gaj.pl\/index.php?rest_route=\/wp\/v2\/posts\/9270\/revisions"}],"predecessor-version":[{"id":9274,"href":"https:\/\/online.tvk-gaj.pl\/index.php?rest_route=\/wp\/v2\/posts\/9270\/revisions\/9274"}],"wp:featuredmedia":[{"embeddable":true,"href":"https:\/\/online.tvk-gaj.pl\/index.php?rest_route=\/wp\/v2\/media\/9271"}],"wp:attachment":[{"href":"https:\/\/online.tvk-gaj.pl\/index.php?rest_route=%2Fwp%2Fv2%2Fmedia&parent=9270"}],"wp:term":[{"taxonomy":"category","embeddable":true,"href":"https:\/\/online.tvk-gaj.pl\/index.php?rest_route=%2Fwp%2Fv2%2Fcategories&post=9270"},{"taxonomy":"post_tag","embeddable":true,"href":"https:\/\/online.tvk-gaj.pl\/index.php?rest_route=%2Fwp%2Fv2%2Ftags&post=9270"}],"curies":[{"name":"wp","href":"https:\/\/api.w.org\/{rel}","templated":true}]}}