{"id":9277,"date":"2017-09-18T21:35:39","date_gmt":"2017-09-18T19:35:39","guid":{"rendered":"http:\/\/www.tvk-gaj.pl\/~gajonline\/?p=9277"},"modified":"2017-10-01T13:20:03","modified_gmt":"2017-10-01T11:20:03","slug":"festyn-osiedlowy","status":"publish","type":"post","link":"https:\/\/online.tvk-gaj.pl\/?p=9277","title":{"rendered":"Festyn osiedlowy na Gaju"},"content":{"rendered":"<p>Rada Osiedla Gaj oraz Wroc\u0142awskie Centrum Rozwoju Spo\u0142ecznego zapraszaj\u0105 na Festyn Osiedlowy &#8222;Powitanie jesieni na Gaju&#8221;!<!--more--><\/p>\n<p>&nbsp;<\/p>\n<p><a href=\"http:\/\/www.tvk-gaj.pl\/~gajonline\/wp-content\/uploads\/2017\/09\/festyn-na-gaju2.jpg\"><img loading=\"lazy\" decoding=\"async\" class=\"aligncenter size-large wp-image-9278\" src=\"http:\/\/www.tvk-gaj.pl\/~gajonline\/wp-content\/uploads\/2017\/09\/festyn-na-gaju2-724x1024.jpg\" alt=\"\" width=\"724\" height=\"1024\" srcset=\"https:\/\/online.tvk-gaj.pl\/wp-content\/uploads\/2017\/09\/festyn-na-gaju2-724x1024.jpg 724w, https:\/\/online.tvk-gaj.pl\/wp-content\/uploads\/2017\/09\/festyn-na-gaju2-212x300.jpg 212w, https:\/\/online.tvk-gaj.pl\/wp-content\/uploads\/2017\/09\/festyn-na-gaju2-768x1086.jpg 768w, https:\/\/online.tvk-gaj.pl\/wp-content\/uploads\/2017\/09\/festyn-na-gaju2.jpg 794w\" sizes=\"auto, (max-width: 724px) 100vw, 724px\" \/><\/a><\/p>\n<p>&nbsp;<\/p>\n<p>Festyn odb\u0119dzie si\u0119 w sobot\u0119<strong> 30 wrze\u015bnia<\/strong>, w godzinach <strong>14:00-21:30<\/strong> na terenie <strong>Parku S\u0142onecznego na Gaju<\/strong> oraz boisk sportowych w Szkole Podstawowej Nr 90.&nbsp;<\/p>\n<p>&nbsp;<\/p>\n<p><span style=\"text-decoration: underline;\">Przewidziano liczne atrakcje, w tym m.in.:<\/span><\/p>\n<p>-turniej pi\u0142karski o puchar Przewodnicz\u0105cego Rady Osiedla<\/p>\n<p>-wyst\u0119py zespo\u0142\u00f3w &#8222;A&#8217;propos&#8221;, &#8222;OMD&#8221; i ch\u00f3ru &#8222;Platany&#8221;<\/p>\n<p>-dmuchane zamki i atrakcje dla dzieci<\/p>\n<p>-profesjonalne animacje dla dzieci &#8211; zesp\u00f3\u0142 animator\u00f3w &#8222;Figlik&#8221;<\/p>\n<p>-gry i konkursy z nagrodami rzeczowymi<\/p>\n<p>-pokaz koni zorganizowany przez Stra\u017c Miejsk\u0105<\/p>\n<p>-pokaz sprz\u0119tu bojowego Pa\u0144stwowej Stra\u017cy Po\u017carnej<\/p>\n<p>-pokazy S\u0142u\u017cby Ochrony Kolei&nbsp;<\/p>\n<p>-znakowanie rower\u00f3w przez Policj\u0119 (trzeba przynie\u015b\u0107 ze sob\u0105 dow\u00f3d zakupu i dokument to\u017csamo\u015bci)<\/p>\n<p>-skrzynia zagadek<\/p>\n<p>-wybory miss i mistera Gaj<\/p>\n<p>-wywiady z wybitnymi osobami z Gaju<\/p>\n<p>-karaoke&nbsp;<\/p>\n<p>-muzyk\u0119 na \u017cywo, dyskotek\u0119 wieczorem<\/p>\n<p>-grill<\/p>\n<p>&nbsp;<\/p>\n<p><a href=\"http:\/\/www.tvk-gaj.pl\/~gajonline\/wp-content\/uploads\/2017\/09\/piknik_rodzinny.jpg\"><img loading=\"lazy\" decoding=\"async\" class=\"aligncenter size-full wp-image-9281\" src=\"http:\/\/www.tvk-gaj.pl\/~gajonline\/wp-content\/uploads\/2017\/09\/piknik_rodzinny.jpg\" alt=\"\" width=\"441\" height=\"252\" srcset=\"https:\/\/online.tvk-gaj.pl\/wp-content\/uploads\/2017\/09\/piknik_rodzinny.jpg 441w, https:\/\/online.tvk-gaj.pl\/wp-content\/uploads\/2017\/09\/piknik_rodzinny-300x171.jpg 300w\" sizes=\"auto, (max-width: 441px) 100vw, 441px\" \/><\/a><\/p>\n<p>&nbsp;<\/p>\n<p>Ponadto pojawi\u0105 si\u0119 stoiska i punkty informacyjne ( m.in. Miejskiego O\u015brodka Pomocy Spo\u0142ecznej, Polskiego Stowarzyszenia Diabetyk\u00f3w (wraz z bezp\u0142atnymi badaniami), Polskiego Czerwonego Krzy\u017ca, S\u0142u\u017cby Ochrony Kolei, PKP Intercity), spotkania z ciekawymi osobami oraz wiele sportowych atrakcji dla ca\u0142ych rodzin!&nbsp;<\/p>\n<p>&nbsp;<\/p>\n<p>Wieczorem na scenie festynu wyst\u0105pi zesp\u00f3\u0142 A&#8217;propos!&nbsp; Zabaw\u0119 poprowadzi aktor Miros\u0142aw Majcherek.<\/p>\n<p>&nbsp;<\/p>\n<p><strong>Wst\u0119p wolny! <\/strong>Serdecznie zapraszamy rodziny z dzie\u0107mi oraz wszystkich mieszka\u0144c\u00f3w Gaju!&nbsp;<\/p>\n<p>&nbsp;<\/p>\n<p>&nbsp;<\/p>\n<p><em><strong>Sponsorzy:<\/strong> Centrum Handlowe Ferio Gaj, Krzycka Sp\u00f3\u0142ka Handlowa Centrum Handlowe &#8222;Gaj&#8221;, Sklep &#8222;Aga&#8221;, Sklep &#8222;Rabat&#8221; z ul. Orzechowej 108, Zak\u0142ad elektroniczny &#8222;Tatarek&#8221;&nbsp;&nbsp;<\/em><\/p>\n<p><em><strong>Organizatorzy:<\/strong> Rada Osiedla Gaj we Wroc\u0142awiu, Wroc\u0142awskie Centrum Rozwoju Spo\u0142ecznego<\/em><\/p>\n<p><em><strong>Patronat medialny:<\/strong> GajOnline<\/em><\/p>\n<p>&nbsp;<\/p>\n<p>&nbsp;<\/p>\n","protected":false},"excerpt":{"rendered":"<p>Rada Osiedla Gaj oraz Wroc\u0142awskie Centrum Rozwoju Spo\u0142ecznego zapraszaj\u0105 na Festyn Osiedlowy &#8222;Powitanie jesieni na Gaju&#8221;!<\/p>\n","protected":false},"author":1,"featured_media":9284,"comment_status":"open","ping_status":"open","sticky":false,"template":"","format":"standard","meta":{"footnotes":""},"categories":[14],"tags":[270,282,283,112,678,285,653,166,128,271,778,889,331,890],"class_list":["post-9277","post","type-post","status-publish","format-standard","has-post-thumbnail","hentry","category-aktualnosci","tag-festyn","tag-festyn-na-gaju","tag-festyn-osiedlowy","tag-gaj","tag-gry","tag-impreza","tag-koncert","tag-osiedle-gaj","tag-park-sloneczny","tag-piknik","tag-wcrs","tag-witamy-jesien-na-gaju","tag-zabawa","tag-zabawy"],"_links":{"self":[{"href":"https:\/\/online.tvk-gaj.pl\/index.php?rest_route=\/wp\/v2\/posts\/9277","targetHints":{"allow":["GET"]}}],"collection":[{"href":"https:\/\/online.tvk-gaj.pl\/index.php?rest_route=\/wp\/v2\/posts"}],"about":[{"href":"https:\/\/online.tvk-gaj.pl\/index.php?rest_route=\/wp\/v2\/types\/post"}],"author":[{"embeddable":true,"href":"https:\/\/online.tvk-gaj.pl\/index.php?rest_route=\/wp\/v2\/users\/1"}],"replies":[{"embeddable":true,"href":"https:\/\/online.tvk-gaj.pl\/index.php?rest_route=%2Fwp%2Fv2%2Fcomments&post=9277"}],"version-history":[{"count":8,"href":"https:\/\/online.tvk-gaj.pl\/index.php?rest_route=\/wp\/v2\/posts\/9277\/revisions"}],"predecessor-version":[{"id":9283,"href":"https:\/\/online.tvk-gaj.pl\/index.php?rest_route=\/wp\/v2\/posts\/9277\/revisions\/9283"}],"wp:featuredmedia":[{"embeddable":true,"href":"https:\/\/online.tvk-gaj.pl\/index.php?rest_route=\/wp\/v2\/media\/9284"}],"wp:attachment":[{"href":"https:\/\/online.tvk-gaj.pl\/index.php?rest_route=%2Fwp%2Fv2%2Fmedia&parent=9277"}],"wp:term":[{"taxonomy":"category","embeddable":true,"href":"https:\/\/online.tvk-gaj.pl\/index.php?rest_route=%2Fwp%2Fv2%2Fcategories&post=9277"},{"taxonomy":"post_tag","embeddable":true,"href":"https:\/\/online.tvk-gaj.pl\/index.php?rest_route=%2Fwp%2Fv2%2Ftags&post=9277"}],"curies":[{"name":"wp","href":"https:\/\/api.w.org\/{rel}","templated":true}]}}