{"id":9291,"date":"2017-09-29T23:04:36","date_gmt":"2017-09-29T21:04:36","guid":{"rendered":"http:\/\/www.tvk-gaj.pl\/~gajonline\/?p=9291"},"modified":"2017-10-08T20:39:01","modified_gmt":"2017-10-08T18:39:01","slug":"witamy-jesien-na-gaju","status":"publish","type":"post","link":"https:\/\/online.tvk-gaj.pl\/?p=9291","title":{"rendered":"Witamy jesie\u0144 na Gaju"},"content":{"rendered":"<p>Jutro, o godz. 14:00, w Parku S\u0142onecznym na Gaju startujemy z Festynem Osiedlowym Gaju. W tym roku bawimy si\u0119 z has\u0142em &#8222;Powitanie jesieni na Gaju&#8221;<span class=\"_47e3 _5mfr\" title=\"Emotikon smile\"><img loading=\"lazy\" decoding=\"async\" class=\"img\" role=\"presentation\" src=\"https:\/\/www.facebook.com\/images\/emoji.php\/v9\/f4c\/1\/16\/1f642.png\" alt=\"\" width=\"16\" height=\"16\"><span class=\"_7oe\" aria-hidden=\"true\">\ud83d\ude42<\/span><\/span>&nbsp;Serdecznie zapraszamy wszystkich mieszka\u0144c\u00f3w osiedla i miasta, a w szczeg\u00f3lno\u015bci rodziny z dzie\u0107mi!<!--more--><\/p>\n<p>&nbsp;<\/p>\n<p><a href=\"http:\/\/www.tvk-gaj.pl\/~gajonline\/wp-content\/uploads\/2017\/09\/22007656_1632197516811103_6442408523822826663_n.jpg\"><img loading=\"lazy\" decoding=\"async\" class=\"aligncenter size-full wp-image-9292\" src=\"http:\/\/www.tvk-gaj.pl\/~gajonline\/wp-content\/uploads\/2017\/09\/22007656_1632197516811103_6442408523822826663_n.jpg\" alt=\"\" width=\"453\" height=\"640\" srcset=\"https:\/\/online.tvk-gaj.pl\/wp-content\/uploads\/2017\/09\/22007656_1632197516811103_6442408523822826663_n.jpg 453w, https:\/\/online.tvk-gaj.pl\/wp-content\/uploads\/2017\/09\/22007656_1632197516811103_6442408523822826663_n-212x300.jpg 212w\" sizes=\"auto, (max-width: 453px) 100vw, 453px\" \/><\/a><\/p>\n<p>&nbsp;<\/p>\n<p>Czy wiecie, \u017ce na sobotnim festynie na Gaju b\u0119dzie mogli za darmo pobawi\u0107 si\u0119 w dmuchanym zamku? B\u0105d\u017a obejrze\u0107 pokaz lataj\u0105cego psa? I koni Stra\u017cy Miejskiej? Albo, \u017ce mo\u017cecie zabra\u0107 sw\u00f3j rower, a Policjanci go oznakuj\u0105 ? Bo o koncertach, konkursach, pokazach SOK, PKP, MOPS, Klubu Seniora z pewno\u015bci\u0105 ju\u017c wiecie:) Tak samo jak o grillu, napojach i wyborach Miss i Mistera Gaju:)<\/p>\n<p>&nbsp;<\/p>\n<p><a href=\"http:\/\/www.tvk-gaj.pl\/~gajonline\/wp-content\/uploads\/2017\/09\/22050271_1631492573548264_1786747769553902734_n.jpg\"><img loading=\"lazy\" decoding=\"async\" class=\"aligncenter size-full wp-image-9293\" src=\"http:\/\/www.tvk-gaj.pl\/~gajonline\/wp-content\/uploads\/2017\/09\/22050271_1631492573548264_1786747769553902734_n.jpg\" alt=\"\" width=\"466\" height=\"350\" srcset=\"https:\/\/online.tvk-gaj.pl\/wp-content\/uploads\/2017\/09\/22050271_1631492573548264_1786747769553902734_n.jpg 466w, https:\/\/online.tvk-gaj.pl\/wp-content\/uploads\/2017\/09\/22050271_1631492573548264_1786747769553902734_n-300x225.jpg 300w\" sizes=\"auto, (max-width: 466px) 100vw, 466px\" \/><\/a><\/p>\n<p>&nbsp;<\/p>\n<p>Specjalnie dla najm\u0142odszych mieszka\u0144c\u00f3w animacje, gry i zabawy prowadzi\u0107 b\u0119dzie sprawdzony duet animatorski &#8211; Asobi:)<\/p>\n<p>&nbsp;<\/p>\n<p><a href=\"http:\/\/www.tvk-gaj.pl\/~gajonline\/wp-content\/uploads\/2017\/09\/22008482_1632217696809085_5579903189147206752_n.jpg\"><img loading=\"lazy\" decoding=\"async\" class=\"aligncenter size-full wp-image-9294\" src=\"http:\/\/www.tvk-gaj.pl\/~gajonline\/wp-content\/uploads\/2017\/09\/22008482_1632217696809085_5579903189147206752_n.jpg\" alt=\"\" width=\"480\" height=\"480\" srcset=\"https:\/\/online.tvk-gaj.pl\/wp-content\/uploads\/2017\/09\/22008482_1632217696809085_5579903189147206752_n.jpg 480w, https:\/\/online.tvk-gaj.pl\/wp-content\/uploads\/2017\/09\/22008482_1632217696809085_5579903189147206752_n-150x150.jpg 150w, https:\/\/online.tvk-gaj.pl\/wp-content\/uploads\/2017\/09\/22008482_1632217696809085_5579903189147206752_n-300x300.jpg 300w, https:\/\/online.tvk-gaj.pl\/wp-content\/uploads\/2017\/09\/22008482_1632217696809085_5579903189147206752_n-160x160.jpg 160w, https:\/\/online.tvk-gaj.pl\/wp-content\/uploads\/2017\/09\/22008482_1632217696809085_5579903189147206752_n-240x240.jpg 240w, https:\/\/online.tvk-gaj.pl\/wp-content\/uploads\/2017\/09\/22008482_1632217696809085_5579903189147206752_n-60x60.jpg 60w, https:\/\/online.tvk-gaj.pl\/wp-content\/uploads\/2017\/09\/22008482_1632217696809085_5579903189147206752_n-184x184.jpg 184w\" sizes=\"auto, (max-width: 480px) 100vw, 480px\" \/><\/a><\/p>\n<p>&nbsp;<\/p>\n<p>Szykujemy dla Was moc atrakcji! Zabawki i nagrody ufundowane przez Stra\u017c Miejsk\u0105 przyjecha\u0142y. Zach\u0119camy ca\u0142e rodziny do wsp\u00f3lnej zabawy w licznych konkursach. Dodatkowo zapraszamy na zupe\u0142nie darmowe dmuchany zamek oraz basen z kulkami! Oczywi\u015bcie to tylko cz\u0119\u015b\u0107 atrakcji, kt\u00f3re szykujemy na Powitanie Jesieni na Gaju:)<\/p>\n<p>&nbsp;<\/p>\n<p><a href=\"http:\/\/www.tvk-gaj.pl\/~gajonline\/wp-content\/uploads\/2017\/09\/22008316_1629737543723767_1819841276845446774_n.jpg\"><img loading=\"lazy\" decoding=\"async\" class=\"aligncenter size-full wp-image-9295\" src=\"http:\/\/www.tvk-gaj.pl\/~gajonline\/wp-content\/uploads\/2017\/09\/22008316_1629737543723767_1819841276845446774_n.jpg\" alt=\"\" width=\"480\" height=\"640\" srcset=\"https:\/\/online.tvk-gaj.pl\/wp-content\/uploads\/2017\/09\/22008316_1629737543723767_1819841276845446774_n.jpg 480w, https:\/\/online.tvk-gaj.pl\/wp-content\/uploads\/2017\/09\/22008316_1629737543723767_1819841276845446774_n-225x300.jpg 225w\" sizes=\"auto, (max-width: 480px) 100vw, 480px\" \/><\/a><\/p>\n<p>&nbsp;<\/p>\n<p>&nbsp;<\/p>\n<p>&nbsp;<\/p>\n<p><strong>Zapraszamy!&nbsp;<\/strong><\/p>\n<p>&nbsp;<\/p>\n<p>PS. Pogoda jest ju\u017c zam\u00f3wiona;)<\/p>\n<p>&nbsp;<\/p>\n","protected":false},"excerpt":{"rendered":"<p>Jutro, o godz. 14:00, w Parku S\u0142onecznym na Gaju startujemy z Festynem Osiedlowym Gaju. W tym roku bawimy si\u0119 z has\u0142em &#8222;Powitanie jesieni na Gaju&#8221;\ud83d\ude42&nbsp;Serdecznie zapraszamy wszystkich mieszka\u0144c\u00f3w osiedla i miasta, a w szczeg\u00f3lno\u015bci rodziny z dzie\u0107mi!<\/p>\n","protected":false},"author":1,"featured_media":9296,"comment_status":"open","ping_status":"open","sticky":false,"template":"","format":"standard","meta":{"footnotes":""},"categories":[14],"tags":[270,283,112,128,271,135],"class_list":["post-9291","post","type-post","status-publish","format-standard","has-post-thumbnail","hentry","category-aktualnosci","tag-festyn","tag-festyn-osiedlowy","tag-gaj","tag-park-sloneczny","tag-piknik","tag-rada-osiedla-gaj"],"_links":{"self":[{"href":"https:\/\/online.tvk-gaj.pl\/index.php?rest_route=\/wp\/v2\/posts\/9291","targetHints":{"allow":["GET"]}}],"collection":[{"href":"https:\/\/online.tvk-gaj.pl\/index.php?rest_route=\/wp\/v2\/posts"}],"about":[{"href":"https:\/\/online.tvk-gaj.pl\/index.php?rest_route=\/wp\/v2\/types\/post"}],"author":[{"embeddable":true,"href":"https:\/\/online.tvk-gaj.pl\/index.php?rest_route=\/wp\/v2\/users\/1"}],"replies":[{"embeddable":true,"href":"https:\/\/online.tvk-gaj.pl\/index.php?rest_route=%2Fwp%2Fv2%2Fcomments&post=9291"}],"version-history":[{"count":1,"href":"https:\/\/online.tvk-gaj.pl\/index.php?rest_route=\/wp\/v2\/posts\/9291\/revisions"}],"predecessor-version":[{"id":9297,"href":"https:\/\/online.tvk-gaj.pl\/index.php?rest_route=\/wp\/v2\/posts\/9291\/revisions\/9297"}],"wp:featuredmedia":[{"embeddable":true,"href":"https:\/\/online.tvk-gaj.pl\/index.php?rest_route=\/wp\/v2\/media\/9296"}],"wp:attachment":[{"href":"https:\/\/online.tvk-gaj.pl\/index.php?rest_route=%2Fwp%2Fv2%2Fmedia&parent=9291"}],"wp:term":[{"taxonomy":"category","embeddable":true,"href":"https:\/\/online.tvk-gaj.pl\/index.php?rest_route=%2Fwp%2Fv2%2Fcategories&post=9291"},{"taxonomy":"post_tag","embeddable":true,"href":"https:\/\/online.tvk-gaj.pl\/index.php?rest_route=%2Fwp%2Fv2%2Ftags&post=9291"}],"curies":[{"name":"wp","href":"https:\/\/api.w.org\/{rel}","templated":true}]}}