{"id":9580,"date":"2017-10-01T15:23:45","date_gmt":"2017-10-01T13:23:45","guid":{"rendered":"http:\/\/www.tvk-gaj.pl\/~gajonline\/?p=9580"},"modified":"2017-10-01T20:33:18","modified_gmt":"2017-10-01T18:33:18","slug":"fotorelacja-z-powitania-jesieni-na-gaju","status":"publish","type":"post","link":"https:\/\/online.tvk-gaj.pl\/?p=9580","title":{"rendered":"Fotorelacja z &#8222;Powitania jesieni na Gaju&#8221;"},"content":{"rendered":"<p>Zapraszamy do obszernej fotorelacji z festynu osiedlowego na Gaju.<!--more--><\/p>\n<p>W sobotnie (30-tego wrze\u015bnia) popo\u0142udnie i wiecz\u00f3r mieszka\u0144cy Gaju bawili si\u0119 na festynie osiedlowym po\u015bwi\u0119conym &#8222;Powitaniu jesieni&#8221;. Impreza, zorganizowana przez Rad\u0119 Osiedla Gaj i Wroc\u0142awskie Centrum Rozwoju Spo\u0142ecznego, odby\u0142a si\u0119 na terenie Parku S\u0142onecznego, zlokalizowanego pomi\u0119dzy ulicami Orzechow\u0105, a Krynick\u0105. Centralnym punktem zabawy by\u0142a du\u017ca scena usytuowana w centralnym punkcie parku.&nbsp;<\/p>\n<p>&nbsp;<\/p>\n<p><a href=\"http:\/\/www.tvk-gaj.pl\/~gajonline\/wp-content\/uploads\/2017\/10\/20170930_171525.jpg\"><img loading=\"lazy\" decoding=\"async\" class=\"aligncenter size-large wp-image-9585\" src=\"http:\/\/www.tvk-gaj.pl\/~gajonline\/wp-content\/uploads\/2017\/10\/20170930_171525-1024x768.jpg\" alt=\"\" width=\"838\" height=\"629\" srcset=\"https:\/\/online.tvk-gaj.pl\/wp-content\/uploads\/2017\/10\/20170930_171525-1024x768.jpg 1024w, https:\/\/online.tvk-gaj.pl\/wp-content\/uploads\/2017\/10\/20170930_171525-300x225.jpg 300w, https:\/\/online.tvk-gaj.pl\/wp-content\/uploads\/2017\/10\/20170930_171525-768x576.jpg 768w, https:\/\/online.tvk-gaj.pl\/wp-content\/uploads\/2017\/10\/20170930_171525.jpg 1814w\" sizes=\"auto, (max-width: 838px) 100vw, 838px\" \/><\/a><\/p>\n<p>&nbsp;<\/p>\n<p><a href=\"http:\/\/www.tvk-gaj.pl\/~gajonline\/wp-content\/uploads\/2017\/10\/20170930_164454.jpg\"><img loading=\"lazy\" decoding=\"async\" class=\"aligncenter size-large wp-image-9602\" src=\"http:\/\/www.tvk-gaj.pl\/~gajonline\/wp-content\/uploads\/2017\/10\/20170930_164454-1024x768.jpg\" alt=\"\" width=\"838\" height=\"629\" srcset=\"https:\/\/online.tvk-gaj.pl\/wp-content\/uploads\/2017\/10\/20170930_164454-1024x768.jpg 1024w, https:\/\/online.tvk-gaj.pl\/wp-content\/uploads\/2017\/10\/20170930_164454-300x225.jpg 300w, https:\/\/online.tvk-gaj.pl\/wp-content\/uploads\/2017\/10\/20170930_164454-768x576.jpg 768w, https:\/\/online.tvk-gaj.pl\/wp-content\/uploads\/2017\/10\/20170930_164454.jpg 1814w\" sizes=\"auto, (max-width: 838px) 100vw, 838px\" \/><\/a><\/p>\n<p>&nbsp;<\/p>\n<p>Pogoda dopisa\u0142a, podobnie jak frekwencja. Przez ca\u0142y okres trwania imprezy pojawi\u0142o si\u0119 wielu mieszka\u0144c\u00f3w osiedla. Rodzin z dzie\u0107mi, m\u0142odych par, a tak\u017ce senior\u00f3w. Dla ka\u017cdego przewidziano r\u00f3\u017cne atrakcje.&nbsp; Festyn prowadzi\u0142 Pan Miros\u0142aw Majcherek, aktor od wielu lat zwi\u0105zany z Gajem.<\/p>\n<p>&nbsp;<\/p>\n<p><a href=\"http:\/\/www.tvk-gaj.pl\/~gajonline\/wp-content\/uploads\/2017\/10\/20170930_152638.jpg\"><img loading=\"lazy\" decoding=\"async\" class=\"aligncenter size-large wp-image-9586\" src=\"http:\/\/www.tvk-gaj.pl\/~gajonline\/wp-content\/uploads\/2017\/10\/20170930_152638-1024x768.jpg\" alt=\"\" width=\"838\" height=\"629\" srcset=\"https:\/\/online.tvk-gaj.pl\/wp-content\/uploads\/2017\/10\/20170930_152638-1024x768.jpg 1024w, https:\/\/online.tvk-gaj.pl\/wp-content\/uploads\/2017\/10\/20170930_152638-300x225.jpg 300w, https:\/\/online.tvk-gaj.pl\/wp-content\/uploads\/2017\/10\/20170930_152638-768x576.jpg 768w, https:\/\/online.tvk-gaj.pl\/wp-content\/uploads\/2017\/10\/20170930_152638.jpg 1814w\" sizes=\"auto, (max-width: 838px) 100vw, 838px\" \/><\/a><\/p>\n<p>&nbsp;<\/p>\n<p>Najm\u0142odsi mogli skorzysta\u0107 z darmowych zabaw na dmuchanym zamku i basenie z kulkami. Ponadto, nieodp\u0142atnie, odbywa\u0142y si\u0119 profesjonalne animacje dla dzieci prowadzone przez duet Asobi oraz malowanie twarzy zorganizowane przez firm\u0119 MCDonald&#8217;s z ul. Bardzkiej.&nbsp;<\/p>\n<p>&nbsp;<\/p>\n<p><a href=\"http:\/\/www.tvk-gaj.pl\/~gajonline\/wp-content\/uploads\/2017\/10\/20170930_160335-1.jpg\"><img loading=\"lazy\" decoding=\"async\" class=\"aligncenter size-large wp-image-9587\" src=\"http:\/\/www.tvk-gaj.pl\/~gajonline\/wp-content\/uploads\/2017\/10\/20170930_160335-1-1024x684.jpg\" alt=\"\" width=\"838\" height=\"560\" srcset=\"https:\/\/online.tvk-gaj.pl\/wp-content\/uploads\/2017\/10\/20170930_160335-1-1024x684.jpg 1024w, https:\/\/online.tvk-gaj.pl\/wp-content\/uploads\/2017\/10\/20170930_160335-1-300x200.jpg 300w, https:\/\/online.tvk-gaj.pl\/wp-content\/uploads\/2017\/10\/20170930_160335-1-768x513.jpg 768w, https:\/\/online.tvk-gaj.pl\/wp-content\/uploads\/2017\/10\/20170930_160335-1-321x214.jpg 321w, https:\/\/online.tvk-gaj.pl\/wp-content\/uploads\/2017\/10\/20170930_160335-1-140x94.jpg 140w, https:\/\/online.tvk-gaj.pl\/wp-content\/uploads\/2017\/10\/20170930_160335-1.jpg 1812w\" sizes=\"auto, (max-width: 838px) 100vw, 838px\" \/><\/a><\/p>\n<p>&nbsp;<\/p>\n<p>Popo\u0142udniu odby\u0142o si\u0119 wiele gier i konkurs\u00f3w z atrakcyjnymi nagrodami. Sklep Aga z ul. Orzechowej przygotowa\u0142 ponadto loteri\u0119 z nagrodami.<\/p>\n<p>&nbsp;<\/p>\n<p><a href=\"http:\/\/www.tvk-gaj.pl\/~gajonline\/wp-content\/uploads\/2017\/10\/20170930_150925.jpg\"><img loading=\"lazy\" decoding=\"async\" class=\"aligncenter size-large wp-image-9588\" src=\"http:\/\/www.tvk-gaj.pl\/~gajonline\/wp-content\/uploads\/2017\/10\/20170930_150925-1024x768.jpg\" alt=\"\" width=\"838\" height=\"629\" srcset=\"https:\/\/online.tvk-gaj.pl\/wp-content\/uploads\/2017\/10\/20170930_150925-1024x768.jpg 1024w, https:\/\/online.tvk-gaj.pl\/wp-content\/uploads\/2017\/10\/20170930_150925-300x225.jpg 300w, https:\/\/online.tvk-gaj.pl\/wp-content\/uploads\/2017\/10\/20170930_150925-768x576.jpg 768w, https:\/\/online.tvk-gaj.pl\/wp-content\/uploads\/2017\/10\/20170930_150925.jpg 1814w\" sizes=\"auto, (max-width: 838px) 100vw, 838px\" \/><\/a><\/p>\n<p>&nbsp;<\/p>\n<p><a href=\"http:\/\/www.tvk-gaj.pl\/~gajonline\/wp-content\/uploads\/2017\/10\/20170930_151011.jpg\"><img loading=\"lazy\" decoding=\"async\" class=\"aligncenter size-large wp-image-9591\" src=\"http:\/\/www.tvk-gaj.pl\/~gajonline\/wp-content\/uploads\/2017\/10\/20170930_151011-1024x768.jpg\" alt=\"\" width=\"838\" height=\"629\" srcset=\"https:\/\/online.tvk-gaj.pl\/wp-content\/uploads\/2017\/10\/20170930_151011-1024x768.jpg 1024w, https:\/\/online.tvk-gaj.pl\/wp-content\/uploads\/2017\/10\/20170930_151011-300x225.jpg 300w, https:\/\/online.tvk-gaj.pl\/wp-content\/uploads\/2017\/10\/20170930_151011-768x576.jpg 768w, https:\/\/online.tvk-gaj.pl\/wp-content\/uploads\/2017\/10\/20170930_151011.jpg 1814w\" sizes=\"auto, (max-width: 838px) 100vw, 838px\" \/><\/a><\/p>\n<p>&nbsp;<\/p>\n<p>Niew\u0105tpliwymi atrakcjami by\u0142y pokazy koni zorganizowane przez Stra\u017c Miejsk\u0105, pokaz wozu bojowego Pa\u0144stwowej Stra\u017cy Po\u017carnej oraz wozu operacyjnego S\u0142u\u017cby Ochrony Kolei.&nbsp; Dzieci (oraz r\u00f3wnie\u017c doro\u015bli) mogli dowiedzie\u0107 si\u0119 wi\u0119cej o pracy tych s\u0142u\u017cb.<\/p>\n<p>&nbsp;<\/p>\n<p><a href=\"http:\/\/www.tvk-gaj.pl\/~gajonline\/wp-content\/uploads\/2017\/10\/20170930_150327.jpg\"><img loading=\"lazy\" decoding=\"async\" class=\"aligncenter size-large wp-image-9589\" src=\"http:\/\/www.tvk-gaj.pl\/~gajonline\/wp-content\/uploads\/2017\/10\/20170930_150327-1024x768.jpg\" alt=\"\" width=\"838\" height=\"629\" srcset=\"https:\/\/online.tvk-gaj.pl\/wp-content\/uploads\/2017\/10\/20170930_150327-1024x768.jpg 1024w, https:\/\/online.tvk-gaj.pl\/wp-content\/uploads\/2017\/10\/20170930_150327-300x225.jpg 300w, https:\/\/online.tvk-gaj.pl\/wp-content\/uploads\/2017\/10\/20170930_150327-768x576.jpg 768w, https:\/\/online.tvk-gaj.pl\/wp-content\/uploads\/2017\/10\/20170930_150327.jpg 1814w\" sizes=\"auto, (max-width: 838px) 100vw, 838px\" \/><\/a><\/p>\n<p>&nbsp;<\/p>\n<p><a href=\"http:\/\/www.tvk-gaj.pl\/~gajonline\/wp-content\/uploads\/2017\/10\/20170930_144857.jpg\"><img loading=\"lazy\" decoding=\"async\" class=\"aligncenter size-large wp-image-9590\" src=\"http:\/\/www.tvk-gaj.pl\/~gajonline\/wp-content\/uploads\/2017\/10\/20170930_144857-768x1024.jpg\" alt=\"\" width=\"768\" height=\"1024\" srcset=\"https:\/\/online.tvk-gaj.pl\/wp-content\/uploads\/2017\/10\/20170930_144857-768x1024.jpg 768w, https:\/\/online.tvk-gaj.pl\/wp-content\/uploads\/2017\/10\/20170930_144857-225x300.jpg 225w, https:\/\/online.tvk-gaj.pl\/wp-content\/uploads\/2017\/10\/20170930_144857.jpg 1360w\" sizes=\"auto, (max-width: 768px) 100vw, 768px\" \/><\/a><\/p>\n<p>&nbsp;<\/p>\n<p>Dla rodzic\u00f3w przygotowano namiot z grillem oraz napojami. Na deser skosztowa\u0107 mo\u017cna by\u0142o waty cukrowej, gofr\u00f3w oraz innych smako\u0142yk\u00f3w. Natomiast po obiedzie przygotowano wywiady-spotkania z ciekawymi osobami z Gaju &#8211; m.in. Panem Waldemarem Prusikiem &#8211; by\u0142ym reprezentantem Polski w pi\u0142ce no\u017cnej.<\/p>\n<p>&nbsp;<\/p>\n<p><a href=\"http:\/\/www.tvk-gaj.pl\/~gajonline\/wp-content\/uploads\/2017\/10\/20170930_135819.jpg\"><img loading=\"lazy\" decoding=\"async\" class=\"aligncenter size-large wp-image-9606\" src=\"http:\/\/www.tvk-gaj.pl\/~gajonline\/wp-content\/uploads\/2017\/10\/20170930_135819-1024x768.jpg\" alt=\"\" width=\"838\" height=\"629\" srcset=\"https:\/\/online.tvk-gaj.pl\/wp-content\/uploads\/2017\/10\/20170930_135819-1024x768.jpg 1024w, https:\/\/online.tvk-gaj.pl\/wp-content\/uploads\/2017\/10\/20170930_135819-300x225.jpg 300w, https:\/\/online.tvk-gaj.pl\/wp-content\/uploads\/2017\/10\/20170930_135819-768x576.jpg 768w, https:\/\/online.tvk-gaj.pl\/wp-content\/uploads\/2017\/10\/20170930_135819.jpg 2016w\" sizes=\"auto, (max-width: 838px) 100vw, 838px\" \/><\/a><\/p>\n<p>&nbsp;<\/p>\n<p><a href=\"http:\/\/www.tvk-gaj.pl\/~gajonline\/wp-content\/uploads\/2017\/10\/20170930_154127.jpg\"><img loading=\"lazy\" decoding=\"async\" class=\"aligncenter size-large wp-image-9592\" src=\"http:\/\/www.tvk-gaj.pl\/~gajonline\/wp-content\/uploads\/2017\/10\/20170930_154127-1024x768.jpg\" alt=\"\" width=\"838\" height=\"629\" srcset=\"https:\/\/online.tvk-gaj.pl\/wp-content\/uploads\/2017\/10\/20170930_154127-1024x768.jpg 1024w, https:\/\/online.tvk-gaj.pl\/wp-content\/uploads\/2017\/10\/20170930_154127-300x225.jpg 300w, https:\/\/online.tvk-gaj.pl\/wp-content\/uploads\/2017\/10\/20170930_154127-768x576.jpg 768w, https:\/\/online.tvk-gaj.pl\/wp-content\/uploads\/2017\/10\/20170930_154127.jpg 1814w\" sizes=\"auto, (max-width: 838px) 100vw, 838px\" \/><\/a><\/p>\n<p>&nbsp;<\/p>\n<p>Ponadto pojawi\u0142y si\u0119 stoiska PKP Intercity, gdzie mo\u017cna by\u0142o uzyska\u0107 informacje o funkcjonowaniu kolei i m.in. zamawianiu bilet\u00f3w online. Policja przygotowa\u0142a stanowisko do znakowania rower\u00f3w, kt\u00f3re cieszy\u0142y si\u0119 du\u017c\u0105 popularno\u015bci\u0105.&nbsp;<\/p>\n<p>&nbsp;<\/p>\n<p><a href=\"http:\/\/www.tvk-gaj.pl\/~gajonline\/wp-content\/uploads\/2017\/10\/20170930_152256.jpg\"><img loading=\"lazy\" decoding=\"async\" class=\"aligncenter size-large wp-image-9593\" src=\"http:\/\/www.tvk-gaj.pl\/~gajonline\/wp-content\/uploads\/2017\/10\/20170930_152256-1024x768.jpg\" alt=\"\" width=\"838\" height=\"629\" srcset=\"https:\/\/online.tvk-gaj.pl\/wp-content\/uploads\/2017\/10\/20170930_152256-1024x768.jpg 1024w, https:\/\/online.tvk-gaj.pl\/wp-content\/uploads\/2017\/10\/20170930_152256-300x225.jpg 300w, https:\/\/online.tvk-gaj.pl\/wp-content\/uploads\/2017\/10\/20170930_152256-768x576.jpg 768w, https:\/\/online.tvk-gaj.pl\/wp-content\/uploads\/2017\/10\/20170930_152256.jpg 1814w\" sizes=\"auto, (max-width: 838px) 100vw, 838px\" \/><\/a><\/p>\n<p>&nbsp;<\/p>\n<p>Dla senior\u00f3w pojawi\u0142y si\u0119 punkt, gdzie nieodp\u0142atnie badano poziom cukru we krwi, stoisko z ofert\u0105 fizjoterapeutyczn\u0105 oraz taniec w kr\u0119gu, zorganizowany przez Osiedlowy Klub Seniora.<\/p>\n<p>&nbsp;<\/p>\n<p><a href=\"http:\/\/www.tvk-gaj.pl\/~gajonline\/wp-content\/uploads\/2017\/10\/20170930_144433.jpg\"><img loading=\"lazy\" decoding=\"async\" class=\"aligncenter size-large wp-image-9594\" src=\"http:\/\/www.tvk-gaj.pl\/~gajonline\/wp-content\/uploads\/2017\/10\/20170930_144433-1024x588.jpg\" alt=\"\" width=\"838\" height=\"481\" srcset=\"https:\/\/online.tvk-gaj.pl\/wp-content\/uploads\/2017\/10\/20170930_144433-1024x588.jpg 1024w, https:\/\/online.tvk-gaj.pl\/wp-content\/uploads\/2017\/10\/20170930_144433-300x172.jpg 300w, https:\/\/online.tvk-gaj.pl\/wp-content\/uploads\/2017\/10\/20170930_144433-768x441.jpg 768w, https:\/\/online.tvk-gaj.pl\/wp-content\/uploads\/2017\/10\/20170930_144433.jpg 1814w\" sizes=\"auto, (max-width: 838px) 100vw, 838px\" \/><\/a><\/p>\n<p>&nbsp;<\/p>\n<p><a href=\"http:\/\/www.tvk-gaj.pl\/~gajonline\/wp-content\/uploads\/2017\/10\/20170930_155143.jpg\"><img loading=\"lazy\" decoding=\"async\" class=\"aligncenter size-large wp-image-9595\" src=\"http:\/\/www.tvk-gaj.pl\/~gajonline\/wp-content\/uploads\/2017\/10\/20170930_155143-1024x768.jpg\" alt=\"\" width=\"838\" height=\"629\" srcset=\"https:\/\/online.tvk-gaj.pl\/wp-content\/uploads\/2017\/10\/20170930_155143-1024x768.jpg 1024w, https:\/\/online.tvk-gaj.pl\/wp-content\/uploads\/2017\/10\/20170930_155143-300x225.jpg 300w, https:\/\/online.tvk-gaj.pl\/wp-content\/uploads\/2017\/10\/20170930_155143-768x576.jpg 768w, https:\/\/online.tvk-gaj.pl\/wp-content\/uploads\/2017\/10\/20170930_155143.jpg 1814w\" sizes=\"auto, (max-width: 838px) 100vw, 838px\" \/><\/a><\/p>\n<p>&nbsp;<\/p>\n<p>Oczywi\u015bcie na festynie nie mog\u0142o zabrakn\u0105\u0107 muzyki.&nbsp; Na deskach wyst\u0105pi\u0142y 3 zespo\u0142y:&nbsp;\u201eA\u2019propos\u201d, \u201eOMD\u201d i ch\u00f3ru \u201ePlatany\u201d. Niestety podczas wyst\u0119pu tego ostatniego pojawi\u0142a si\u0119 awaria pr\u0105du, kt\u00f3ra na kilkana\u015bcie minut przerwa\u0142a imprez\u0119. Dzi\u0119ki szybkiej interwencji energetyki uda\u0142o si\u0119 jednak powr\u00f3ci\u0107 z dalszym ci\u0105giem pikniku.<\/p>\n<p>&nbsp;<\/p>\n<p><a href=\"http:\/\/www.tvk-gaj.pl\/~gajonline\/wp-content\/uploads\/2017\/10\/20170930_172650.jpg\"><img loading=\"lazy\" decoding=\"async\" class=\"aligncenter size-large wp-image-9596\" src=\"http:\/\/www.tvk-gaj.pl\/~gajonline\/wp-content\/uploads\/2017\/10\/20170930_172650-1024x768.jpg\" alt=\"\" width=\"838\" height=\"629\" srcset=\"https:\/\/online.tvk-gaj.pl\/wp-content\/uploads\/2017\/10\/20170930_172650-1024x768.jpg 1024w, https:\/\/online.tvk-gaj.pl\/wp-content\/uploads\/2017\/10\/20170930_172650-300x225.jpg 300w, https:\/\/online.tvk-gaj.pl\/wp-content\/uploads\/2017\/10\/20170930_172650-768x576.jpg 768w, https:\/\/online.tvk-gaj.pl\/wp-content\/uploads\/2017\/10\/20170930_172650.jpg 1814w\" sizes=\"auto, (max-width: 838px) 100vw, 838px\" \/><\/a><\/p>\n<p>&nbsp;<\/p>\n<p><a href=\"http:\/\/www.tvk-gaj.pl\/~gajonline\/wp-content\/uploads\/2017\/10\/20170930_181704.jpg\"><img loading=\"lazy\" decoding=\"async\" class=\"aligncenter size-large wp-image-9597\" src=\"http:\/\/www.tvk-gaj.pl\/~gajonline\/wp-content\/uploads\/2017\/10\/20170930_181704-1024x768.jpg\" alt=\"\" width=\"838\" height=\"629\" srcset=\"https:\/\/online.tvk-gaj.pl\/wp-content\/uploads\/2017\/10\/20170930_181704-1024x768.jpg 1024w, https:\/\/online.tvk-gaj.pl\/wp-content\/uploads\/2017\/10\/20170930_181704-300x225.jpg 300w, https:\/\/online.tvk-gaj.pl\/wp-content\/uploads\/2017\/10\/20170930_181704-768x576.jpg 768w, https:\/\/online.tvk-gaj.pl\/wp-content\/uploads\/2017\/10\/20170930_181704.jpg 1814w\" sizes=\"auto, (max-width: 838px) 100vw, 838px\" \/><\/a><\/p>\n<p>&nbsp;<\/p>\n<p><a href=\"http:\/\/www.tvk-gaj.pl\/~gajonline\/wp-content\/uploads\/2017\/10\/20170930_193133.jpg\"><img loading=\"lazy\" decoding=\"async\" class=\"aligncenter size-large wp-image-9598\" src=\"http:\/\/www.tvk-gaj.pl\/~gajonline\/wp-content\/uploads\/2017\/10\/20170930_193133-1024x768.jpg\" alt=\"\" width=\"838\" height=\"629\" srcset=\"https:\/\/online.tvk-gaj.pl\/wp-content\/uploads\/2017\/10\/20170930_193133-1024x768.jpg 1024w, https:\/\/online.tvk-gaj.pl\/wp-content\/uploads\/2017\/10\/20170930_193133-300x225.jpg 300w, https:\/\/online.tvk-gaj.pl\/wp-content\/uploads\/2017\/10\/20170930_193133-768x576.jpg 768w, https:\/\/online.tvk-gaj.pl\/wp-content\/uploads\/2017\/10\/20170930_193133.jpg 1814w\" sizes=\"auto, (max-width: 838px) 100vw, 838px\" \/><\/a><\/p>\n<p>&nbsp;<\/p>\n<p>Podczas ca\u0142ego dnia zabawy wybrano Miss i Mistera Gaju, zorganizowano turniej pi\u0142ki no\u017cnej, konkursy talent\u00f3w oraz prowadzono dyskusj\u0119 po\u015bwi\u0119cone osiedlu &#8211; m.in. tegorocznej edycji Wroc\u0142awskiego Bud\u017cetu Obywatelskiego.&nbsp;<\/p>\n<p>&nbsp;<\/p>\n<p><a href=\"http:\/\/www.tvk-gaj.pl\/~gajonline\/wp-content\/uploads\/2017\/10\/20170930_164704.jpg\"><img loading=\"lazy\" decoding=\"async\" class=\"aligncenter size-large wp-image-9599\" src=\"http:\/\/www.tvk-gaj.pl\/~gajonline\/wp-content\/uploads\/2017\/10\/20170930_164704-1024x768.jpg\" alt=\"\" width=\"838\" height=\"629\" srcset=\"https:\/\/online.tvk-gaj.pl\/wp-content\/uploads\/2017\/10\/20170930_164704-1024x768.jpg 1024w, https:\/\/online.tvk-gaj.pl\/wp-content\/uploads\/2017\/10\/20170930_164704-300x225.jpg 300w, https:\/\/online.tvk-gaj.pl\/wp-content\/uploads\/2017\/10\/20170930_164704-768x576.jpg 768w, https:\/\/online.tvk-gaj.pl\/wp-content\/uploads\/2017\/10\/20170930_164704.jpg 1814w\" sizes=\"auto, (max-width: 838px) 100vw, 838px\" \/><\/a><\/p>\n<p>&nbsp;<\/p>\n<p><a href=\"http:\/\/www.tvk-gaj.pl\/~gajonline\/wp-content\/uploads\/2017\/10\/20170930_165830.jpg\"><img loading=\"lazy\" decoding=\"async\" class=\"aligncenter size-large wp-image-9600\" src=\"http:\/\/www.tvk-gaj.pl\/~gajonline\/wp-content\/uploads\/2017\/10\/20170930_165830-1024x768.jpg\" alt=\"\" width=\"838\" height=\"629\" srcset=\"https:\/\/online.tvk-gaj.pl\/wp-content\/uploads\/2017\/10\/20170930_165830-1024x768.jpg 1024w, https:\/\/online.tvk-gaj.pl\/wp-content\/uploads\/2017\/10\/20170930_165830-300x225.jpg 300w, https:\/\/online.tvk-gaj.pl\/wp-content\/uploads\/2017\/10\/20170930_165830-768x576.jpg 768w, https:\/\/online.tvk-gaj.pl\/wp-content\/uploads\/2017\/10\/20170930_165830.jpg 1814w\" sizes=\"auto, (max-width: 838px) 100vw, 838px\" \/><\/a><\/p>\n<p>&nbsp;<\/p>\n<p><a href=\"http:\/\/www.tvk-gaj.pl\/~gajonline\/wp-content\/uploads\/2017\/10\/20170930_181400.jpg\"><img loading=\"lazy\" decoding=\"async\" class=\"aligncenter size-large wp-image-9601\" src=\"http:\/\/www.tvk-gaj.pl\/~gajonline\/wp-content\/uploads\/2017\/10\/20170930_181400-768x1024.jpg\" alt=\"\" width=\"768\" height=\"1024\" srcset=\"https:\/\/online.tvk-gaj.pl\/wp-content\/uploads\/2017\/10\/20170930_181400-768x1024.jpg 768w, https:\/\/online.tvk-gaj.pl\/wp-content\/uploads\/2017\/10\/20170930_181400-225x300.jpg 225w, https:\/\/online.tvk-gaj.pl\/wp-content\/uploads\/2017\/10\/20170930_181400.jpg 1360w\" sizes=\"auto, (max-width: 768px) 100vw, 768px\" \/><\/a><\/p>\n<p>&nbsp;<\/p>\n<p>&nbsp;<\/p>\n<p>To by\u0142 d\u0142ugi dzie\u0144 obfituj\u0105cy w atrakcj\u0119 i dobr\u0105 zabaw\u0119, za kt\u00f3r\u0105 w imieniu Rady Osiedla Gaj oraz sponsor\u00f3w imprezy (C<em>entrum Handlowe Ferio Gaj, Krzycka Sp\u00f3\u0142ka Handlowa Centrum Handlowe \u201eGaj\u201d, Sklep \u201eAga\u201d, Sklep \u201eRabat\u201d z ul. Orzechowej 108, Zak\u0142ad elektroniczny \u201eTatarek\u201d, Miejski O\u015brodek Pomocy Spo\u0142ecznej, MCDonalds z ul. Bardzkiej, PKP Intercity, Szko\u0142a&nbsp;Early Stage<\/em>) serdecznie dzi\u0119kujemy:)<\/p>\n<p>&nbsp;<\/p>\n<p><strong>Fotorelacja z festynu:<\/strong><\/p>\n<p>[ngg_images source=&#8221;galleries&#8221; container_ids=&#8221;91&#8243; display_type=&#8221;photocrati-nextgen_basic_thumbnails&#8221; override_thumbnail_settings=&#8221;0&#8243; thumbnail_width=&#8221;100&#8243; thumbnail_height=&#8221;75&#8243; thumbnail_crop=&#8221;1&#8243; images_per_page=&#8221;0&#8243; number_of_columns=&#8221;0&#8243; ajax_pagination=&#8221;0&#8243; show_all_in_lightbox=&#8221;0&#8243; use_imagebrowser_effect=&#8221;0&#8243; show_slideshow_link=&#8221;1&#8243; slideshow_link_text=&#8221;[Pokaz slajd\u00f3w]&#8221; order_by=&#8221;sortorder&#8221; order_direction=&#8221;ASC&#8221; returns=&#8221;included&#8221; maximum_entity_count=&#8221;500&#8243;]<\/p>\n<p>&nbsp;<\/p>\n","protected":false},"excerpt":{"rendered":"<p>Zapraszamy do obszernej fotorelacji z festynu osiedlowego na Gaju.<\/p>\n","protected":false},"author":1,"featured_media":9581,"comment_status":"open","ping_status":"open","sticky":false,"template":"","format":"standard","meta":{"footnotes":""},"categories":[14,12],"tags":[400,270,279,283,293,112,285,128,271,897,135,294,889,650],"class_list":["post-9580","post","type-post","status-publish","format-standard","has-post-thumbnail","hentry","category-aktualnosci","category-artykuly","tag-dzieci","tag-festyn","tag-festyn-osiedla-gaj","tag-festyn-osiedlowy","tag-fotorelacja","tag-gaj","tag-impreza","tag-park-sloneczny","tag-piknik","tag-powitanie-jesieni","tag-rada-osiedla-gaj","tag-relacja","tag-witamy-jesien-na-gaju","tag-zdjecia"],"_links":{"self":[{"href":"https:\/\/online.tvk-gaj.pl\/index.php?rest_route=\/wp\/v2\/posts\/9580","targetHints":{"allow":["GET"]}}],"collection":[{"href":"https:\/\/online.tvk-gaj.pl\/index.php?rest_route=\/wp\/v2\/posts"}],"about":[{"href":"https:\/\/online.tvk-gaj.pl\/index.php?rest_route=\/wp\/v2\/types\/post"}],"author":[{"embeddable":true,"href":"https:\/\/online.tvk-gaj.pl\/index.php?rest_route=\/wp\/v2\/users\/1"}],"replies":[{"embeddable":true,"href":"https:\/\/online.tvk-gaj.pl\/index.php?rest_route=%2Fwp%2Fv2%2Fcomments&post=9580"}],"version-history":[{"count":6,"href":"https:\/\/online.tvk-gaj.pl\/index.php?rest_route=\/wp\/v2\/posts\/9580\/revisions"}],"predecessor-version":[{"id":9607,"href":"https:\/\/online.tvk-gaj.pl\/index.php?rest_route=\/wp\/v2\/posts\/9580\/revisions\/9607"}],"wp:featuredmedia":[{"embeddable":true,"href":"https:\/\/online.tvk-gaj.pl\/index.php?rest_route=\/wp\/v2\/media\/9581"}],"wp:attachment":[{"href":"https:\/\/online.tvk-gaj.pl\/index.php?rest_route=%2Fwp%2Fv2%2Fmedia&parent=9580"}],"wp:term":[{"taxonomy":"category","embeddable":true,"href":"https:\/\/online.tvk-gaj.pl\/index.php?rest_route=%2Fwp%2Fv2%2Fcategories&post=9580"},{"taxonomy":"post_tag","embeddable":true,"href":"https:\/\/online.tvk-gaj.pl\/index.php?rest_route=%2Fwp%2Fv2%2Ftags&post=9580"}],"curies":[{"name":"wp","href":"https:\/\/api.w.org\/{rel}","templated":true}]}}